{"id":77433,"date":"2026-04-27T00:09:14","date_gmt":"2026-04-27T06:09:14","guid":{"rendered":"https:\/\/noticiasveracruz.com\/?p=77433"},"modified":"2026-04-27T00:09:14","modified_gmt":"2026-04-27T06:09:14","slug":"mision-cumplida-sheinbaum-tras-viajar-en-el-nuevo-tren-al-aifa-desde-el-estado-de-mexico","status":"publish","type":"post","link":"https:\/\/noticiasveracruz.com\/index.php\/2026\/04\/27\/mision-cumplida-sheinbaum-tras-viajar-en-el-nuevo-tren-al-aifa-desde-el-estado-de-mexico\/","title":{"rendered":"\u00abMisi\u00f3n cumplida\u00bb: Sheinbaum tras viajar en el nuevo Tren al AIFA desde el Estado de M\u00e9xico"},"content":{"rendered":"<p class=\"nota-justify\">Tras la inauguraci\u00f3n del Tren al Aeropuerto Internacional Felipe \u00c1ngeles (AIFA), la presidenta Claudia Sheinbaum Pardo expres\u00f3: \u201c\u00a1Misi\u00f3n cumplida! Tren Felipe \u00c1ngeles. Lecher\u00eda-AIFA\u201d.<\/p>\n<p class=\"nota-justify\">Por medio de un video que difundi\u00f3 en redes sociales grabado durante su trayecto en este tren, agreg\u00f3 que \u201cestamos muy felices porque va a ser conectividad no solamente del aeropuerto, sino de todas las personas del Estado de M\u00e9xico que viven en esta zona. Como siempre, los ingenieros militares de primera, ellos hicieron esta obra\u201d.<\/p>\n<p class=\"nota-justify\">Adem\u00e1s, reiter\u00f3 que hay un avance del 30 por ciento en la ruta ferroviaria desde el AIFA hasta Pachuca, Hidalgo. \u201cYa muy pronto una nueva inauguraci\u00f3n\u201d, agreg\u00f3.<\/p>\n<p class=\"nota-justify\">En el video se ve a la mandataria acompa\u00f1ada de su esposo, Jes\u00fas Mar\u00eda Tarriba, as\u00ed como de la jefa de Gobierno de la Ciudad de M\u00e9xico, Clara Brugada; de la gobernadora del Estado de M\u00e9xico, Delfina G\u00f3mez; del gobernador de Hidalgo, Julio Menchaca; de la Secretaria de Gobernaci\u00f3n, Rosa Icela Rodr\u00edguez; del Secretario de la Defensa Nacional, Ricardo Trevilla Trejo y del Secretario de Marina, Raymundo Pedro Morales \u00c1ngeles.<\/p>\n","protected":false},"excerpt":{"rendered":"<p>Tras la inauguraci\u00f3n del Tren al Aeropuerto Internacional Felipe \u00c1ngeles (AIFA), la presidenta Claudia Sheinbaum Pardo expres\u00f3: \u201c\u00a1Misi\u00f3n cumplida! Tren<\/p>\n","protected":false},"author":4,"featured_media":77434,"comment_status":"closed","ping_status":"closed","sticky":false,"template":"","format":"standard","meta":{"colormag_page_container_layout":"default_layout","colormag_page_sidebar_layout":"default_layout","_jetpack_memberships_contains_paid_content":false,"footnotes":"","jetpack_publicize_message":"","jetpack_publicize_feature_enabled":true,"jetpack_social_post_already_shared":true,"jetpack_social_options":{"image_generator_settings":{"template":"highway","default_image_id":0,"font":"","enabled":false},"version":2}},"categories":[4],"tags":[],"class_list":["post-77433","post","type-post","status-publish","format-standard","has-post-thumbnail","hentry","category-nacional"],"jetpack_publicize_connections":[],"jetpack_featured_media_url":"https:\/\/noticiasveracruz.com\/wp-content\/uploads\/2026\/04\/IMB.webp","jetpack_sharing_enabled":true,"publishpress_future_action":{"enabled":false,"date":"2026-05-04 03:40:52","action":"change-status","newStatus":"draft","terms":[],"taxonomy":"category","extraData":[]},"publishpress_future_workflow_manual_trigger":{"enabledWorkflows":[]},"_links":{"self":[{"href":"https:\/\/noticiasveracruz.com\/index.php\/wp-json\/wp\/v2\/posts\/77433","targetHints":{"allow":["GET"]}}],"collection":[{"href":"https:\/\/noticiasveracruz.com\/index.php\/wp-json\/wp\/v2\/posts"}],"about":[{"href":"https:\/\/noticiasveracruz.com\/index.php\/wp-json\/wp\/v2\/types\/post"}],"author":[{"embeddable":true,"href":"https:\/\/noticiasveracruz.com\/index.php\/wp-json\/wp\/v2\/users\/4"}],"replies":[{"embeddable":true,"href":"https:\/\/noticiasveracruz.com\/index.php\/wp-json\/wp\/v2\/comments?post=77433"}],"version-history":[{"count":1,"href":"https:\/\/noticiasveracruz.com\/index.php\/wp-json\/wp\/v2\/posts\/77433\/revisions"}],"predecessor-version":[{"id":77435,"href":"https:\/\/noticiasveracruz.com\/index.php\/wp-json\/wp\/v2\/posts\/77433\/revisions\/77435"}],"wp:featuredmedia":[{"embeddable":true,"href":"https:\/\/noticiasveracruz.com\/index.php\/wp-json\/wp\/v2\/media\/77434"}],"wp:attachment":[{"href":"https:\/\/noticiasveracruz.com\/index.php\/wp-json\/wp\/v2\/media?parent=77433"}],"wp:term":[{"taxonomy":"category","embeddable":true,"href":"https:\/\/noticiasveracruz.com\/index.php\/wp-json\/wp\/v2\/categories?post=77433"},{"taxonomy":"post_tag","embeddable":true,"href":"https:\/\/noticiasveracruz.com\/index.php\/wp-json\/wp\/v2\/tags?post=77433"}],"curies":[{"name":"wp","href":"https:\/\/api.w.org\/{rel}","templated":true}]}}