{"id":77430,"date":"2026-04-27T00:07:48","date_gmt":"2026-04-27T06:07:48","guid":{"rendered":"https:\/\/noticiasveracruz.com\/?p=77430"},"modified":"2026-04-27T00:07:48","modified_gmt":"2026-04-27T06:07:48","slug":"morena-agenda-renovacion-de-su-dirigencia-nacional-para-el-3-de-mayo","status":"publish","type":"post","link":"https:\/\/noticiasveracruz.com\/index.php\/2026\/04\/27\/morena-agenda-renovacion-de-su-dirigencia-nacional-para-el-3-de-mayo\/","title":{"rendered":"Morena agenda renovaci\u00f3n de su dirigencia nacional para el 3 de mayo"},"content":{"rendered":"<p>El Comit\u00e9 Ejecutivo Nacional (CEN) de Morena emiti\u00f3 este domingo la convocatoria al VIII Congreso Nacional Extraordinario, m\u00e1ximo \u00f3rgano del partido, con la finalidad de aprobar la renovaci\u00f3n de su dirigencia nacional. Ser\u00e1 el 3 de mayo en el World Trade Center donde los morenistas pondr\u00e1n a votaci\u00f3n la sustituci\u00f3n de la presidencia del partido, ante las versiones de que ser\u00e1 impulsada la actual Secretaria de Bienestar, Ariadna Montiel, para ese cargo.<\/p>\n<p>Adem\u00e1s de la salida de Luisa Alcalde, quien dejar\u00e1 la presidencia del partido para integrarse a la Consejer\u00eda Jur\u00eddica del Ejecutivo federal, tambi\u00e9n se dio a conocer que dejar\u00e1 su cargo el secretario de Finanzas, Ivan Herrera Zazueta. Ambos nombramientos estar\u00e1n vigentes desde ese d\u00eda y hasta el 1 de octubre de 2027.<\/p>\n<p>En el contexto actual, se indica en el documento, \u201cse configura un espacio de reflexi\u00f3n id\u00f3neo en el cual se puede desarrollar el VIII Congreso Nacional Extraordinario para la sustituci\u00f3n de la dirigencia nacional de Morena antes del inicio formal de los procesos electorales\u201d.<\/p>\n<p>Adem\u00e1s, se recalca que \u00abel eventual nombramiento y ratificaci\u00f3n de sus integrantes deber\u00e1n fortalecer la organizaci\u00f3n y velar por el legado que ha construido el Licenciado Andr\u00e9s Manuel L\u00f3pez Obrador y apoyar la presidencia de la doctora Claudia Sheinbaum Pardo\u201d.<\/p>\n<p>En la convocatoria se agrega que tambi\u00e9n se pondr\u00e1 a discusi\u00f3n reformas a los estatutos del partido.<\/p>\n","protected":false},"excerpt":{"rendered":"<p>El Comit\u00e9 Ejecutivo Nacional (CEN) de Morena emiti\u00f3 este domingo la convocatoria al VIII Congreso Nacional Extraordinario, m\u00e1ximo \u00f3rgano del<\/p>\n","protected":false},"author":4,"featured_media":77431,"comment_status":"closed","ping_status":"closed","sticky":false,"template":"","format":"standard","meta":{"colormag_page_container_layout":"default_layout","colormag_page_sidebar_layout":"default_layout","_jetpack_memberships_contains_paid_content":false,"footnotes":"","jetpack_publicize_message":"","jetpack_publicize_feature_enabled":true,"jetpack_social_post_already_shared":true,"jetpack_social_options":{"image_generator_settings":{"template":"highway","default_image_id":0,"font":"","enabled":false},"version":2}},"categories":[4],"tags":[],"class_list":["post-77430","post","type-post","status-publish","format-standard","has-post-thumbnail","hentry","category-nacional"],"jetpack_publicize_connections":[],"jetpack_featured_media_url":"https:\/\/noticiasveracruz.com\/wp-content\/uploads\/2026\/04\/LOSNA.webp","jetpack_sharing_enabled":true,"publishpress_future_action":{"enabled":false,"date":"2026-05-04 03:49:12","action":"change-status","newStatus":"draft","terms":[],"taxonomy":"category","extraData":[]},"publishpress_future_workflow_manual_trigger":{"enabledWorkflows":[]},"_links":{"self":[{"href":"https:\/\/noticiasveracruz.com\/index.php\/wp-json\/wp\/v2\/posts\/77430","targetHints":{"allow":["GET"]}}],"collection":[{"href":"https:\/\/noticiasveracruz.com\/index.php\/wp-json\/wp\/v2\/posts"}],"about":[{"href":"https:\/\/noticiasveracruz.com\/index.php\/wp-json\/wp\/v2\/types\/post"}],"author":[{"embeddable":true,"href":"https:\/\/noticiasveracruz.com\/index.php\/wp-json\/wp\/v2\/users\/4"}],"replies":[{"embeddable":true,"href":"https:\/\/noticiasveracruz.com\/index.php\/wp-json\/wp\/v2\/comments?post=77430"}],"version-history":[{"count":1,"href":"https:\/\/noticiasveracruz.com\/index.php\/wp-json\/wp\/v2\/posts\/77430\/revisions"}],"predecessor-version":[{"id":77432,"href":"https:\/\/noticiasveracruz.com\/index.php\/wp-json\/wp\/v2\/posts\/77430\/revisions\/77432"}],"wp:featuredmedia":[{"embeddable":true,"href":"https:\/\/noticiasveracruz.com\/index.php\/wp-json\/wp\/v2\/media\/77431"}],"wp:attachment":[{"href":"https:\/\/noticiasveracruz.com\/index.php\/wp-json\/wp\/v2\/media?parent=77430"}],"wp:term":[{"taxonomy":"category","embeddable":true,"href":"https:\/\/noticiasveracruz.com\/index.php\/wp-json\/wp\/v2\/categories?post=77430"},{"taxonomy":"post_tag","embeddable":true,"href":"https:\/\/noticiasveracruz.com\/index.php\/wp-json\/wp\/v2\/tags?post=77430"}],"curies":[{"name":"wp","href":"https:\/\/api.w.org\/{rel}","templated":true}]}}