{"id":77427,"date":"2026-04-27T00:02:33","date_gmt":"2026-04-27T06:02:33","guid":{"rendered":"https:\/\/noticiasveracruz.com\/?p=77427"},"modified":"2026-04-27T00:02:33","modified_gmt":"2026-04-27T06:02:33","slug":"veracruz-presentara-14-experiencias-comunitarias-en-el-tianguis-turistico-mexico","status":"publish","type":"post","link":"https:\/\/noticiasveracruz.com\/index.php\/2026\/04\/27\/veracruz-presentara-14-experiencias-comunitarias-en-el-tianguis-turistico-mexico\/","title":{"rendered":"Veracruz presentar\u00e1 14 experiencias comunitarias en el Tianguis Tur\u00edstico M\u00e9xico"},"content":{"rendered":"<p>Con una de las delegaciones m\u00e1s amplias del pa\u00eds y una oferta diversificada, Veracruz participar\u00e1 en el Tianguis Tur\u00edstico M\u00e9xico 2026, que se llevar\u00e1 a cabo del 27 al 30 de abril, con el objetivo de fortalecer su posicionamiento en los mercados nacional e internacional.<\/p>\n<p>&nbsp;<\/p>\n<p>La entidad estar\u00e1 representada por 93 integrantes del sector, entre empresas hoteleras, agencias de viajes, tour operadores, Pueblos M\u00e1gicos y proyectos comunitarios, reflejo de la articulaci\u00f3n entre iniciativa privada, comunidades y gobierno para impulsar una propuesta integral.<\/p>\n<p>&nbsp;<\/p>\n<p>Como parte de esta presencia, se presentar\u00e1n 14 experiencias comunitarias provenientes de distintas regiones del estado, orientadas a resaltar la riqueza cultural, hist\u00f3rica y gastron\u00f3mica de Veracruz, as\u00ed como su potencial en segmentos emergentes.<\/p>\n<p>&nbsp;<\/p>\n<p>El pabell\u00f3n veracruzano contar\u00e1 con uno de los espacios m\u00e1s representativos dentro del evento, lo que permitir\u00e1 ampliar la visibilidad de sus destinos y fortalecer la generaci\u00f3n de alianzas comerciales con compradores nacionales e internacionales.<\/p>\n<p>&nbsp;<\/p>\n<p>De manera previa al arranque, el secretario de Turismo estatal, Igor Roj\u00ed L\u00f3pez, particip\u00f3 en la Conferencia Nacional de Secretarios de Turismo y Funcionarios Tur\u00edsticos, donde se abordaron temas como la promoci\u00f3n conjunta, la innovaci\u00f3n del sector y la preparaci\u00f3n del pa\u00eds ante eventos internacionales como la Copa Mundial de la FIFA 2026.<\/p>\n<p>&nbsp;<\/p>\n<p>Esta agenda previa contribuye a alinear estrategias y fortalecer la competitividad de los destinos, en un contexto de creciente dinamismo del sector.<\/p>\n","protected":false},"excerpt":{"rendered":"<p>Con una de las delegaciones m\u00e1s amplias del pa\u00eds y una oferta diversificada, Veracruz participar\u00e1 en el Tianguis Tur\u00edstico M\u00e9xico<\/p>\n","protected":false},"author":4,"featured_media":77428,"comment_status":"closed","ping_status":"closed","sticky":false,"template":"","format":"standard","meta":{"colormag_page_container_layout":"default_layout","colormag_page_sidebar_layout":"default_layout","_jetpack_memberships_contains_paid_content":false,"footnotes":"","jetpack_publicize_message":"","jetpack_publicize_feature_enabled":true,"jetpack_social_post_already_shared":true,"jetpack_social_options":{"image_generator_settings":{"template":"highway","default_image_id":0,"font":"","enabled":false},"version":2}},"categories":[356],"tags":[],"class_list":["post-77427","post","type-post","status-publish","format-standard","has-post-thumbnail","hentry","category-veracruz"],"jetpack_publicize_connections":[],"jetpack_featured_media_url":"https:\/\/noticiasveracruz.com\/wp-content\/uploads\/2026\/04\/WhatsApp-Image-2026-04-26-at-20.48.10.jpeg","jetpack_sharing_enabled":true,"publishpress_future_action":{"enabled":false,"date":"2026-05-04 04:54:44","action":"change-status","newStatus":"draft","terms":[],"taxonomy":"category","extraData":[]},"publishpress_future_workflow_manual_trigger":{"enabledWorkflows":[]},"_links":{"self":[{"href":"https:\/\/noticiasveracruz.com\/index.php\/wp-json\/wp\/v2\/posts\/77427","targetHints":{"allow":["GET"]}}],"collection":[{"href":"https:\/\/noticiasveracruz.com\/index.php\/wp-json\/wp\/v2\/posts"}],"about":[{"href":"https:\/\/noticiasveracruz.com\/index.php\/wp-json\/wp\/v2\/types\/post"}],"author":[{"embeddable":true,"href":"https:\/\/noticiasveracruz.com\/index.php\/wp-json\/wp\/v2\/users\/4"}],"replies":[{"embeddable":true,"href":"https:\/\/noticiasveracruz.com\/index.php\/wp-json\/wp\/v2\/comments?post=77427"}],"version-history":[{"count":1,"href":"https:\/\/noticiasveracruz.com\/index.php\/wp-json\/wp\/v2\/posts\/77427\/revisions"}],"predecessor-version":[{"id":77429,"href":"https:\/\/noticiasveracruz.com\/index.php\/wp-json\/wp\/v2\/posts\/77427\/revisions\/77429"}],"wp:featuredmedia":[{"embeddable":true,"href":"https:\/\/noticiasveracruz.com\/index.php\/wp-json\/wp\/v2\/media\/77428"}],"wp:attachment":[{"href":"https:\/\/noticiasveracruz.com\/index.php\/wp-json\/wp\/v2\/media?parent=77427"}],"wp:term":[{"taxonomy":"category","embeddable":true,"href":"https:\/\/noticiasveracruz.com\/index.php\/wp-json\/wp\/v2\/categories?post=77427"},{"taxonomy":"post_tag","embeddable":true,"href":"https:\/\/noticiasveracruz.com\/index.php\/wp-json\/wp\/v2\/tags?post=77427"}],"curies":[{"name":"wp","href":"https:\/\/api.w.org\/{rel}","templated":true}]}}