{"id":77421,"date":"2026-04-27T00:01:08","date_gmt":"2026-04-27T06:01:08","guid":{"rendered":"https:\/\/noticiasveracruz.com\/?p=77421"},"modified":"2026-04-27T00:01:08","modified_gmt":"2026-04-27T06:01:08","slug":"se-concreta-primer-dia-de-la-participacion-de-veracruz-en-ventana-a-mexico","status":"publish","type":"post","link":"https:\/\/noticiasveracruz.com\/index.php\/2026\/04\/27\/se-concreta-primer-dia-de-la-participacion-de-veracruz-en-ventana-a-mexico\/","title":{"rendered":"Se concreta primer d\u00eda de la participaci\u00f3n de Veracruz en Ventana a M\u00e9xico"},"content":{"rendered":"<p>El Gobierno del Estado, a trav\u00e9s de la Secretar\u00eda de Cultura de Veracruz, particip\u00f3 en el encuentro Ventana M\u00e9xico, realizado en la Plaza Quebec, en Acapulco de Ju\u00e1rez, Guerrero.<\/p>\n<p>&nbsp;<\/p>\n<p>En el apartado art\u00edstico, la delegaci\u00f3n veracruzana destac\u00f3 con la participaci\u00f3n de los artesanos Nahum Hern\u00e1ndez y Diana Cuacotla, quienes presentaron productos de sombrerer\u00eda de palma y la t\u00e9cnica de telar de cintura.<\/p>\n<p>&nbsp;<\/p>\n<p>Asimismo, se cont\u00f3 con la actuaci\u00f3n del Ballet Folkl\u00f3rico de la Universidad Veracruzana y el grupo Zenzontle de la Secretar\u00eda de Educaci\u00f3n de Veracruz. En el \u00e1rea gastron\u00f3mica, cocineros y baristas locales posicionaron a la entidad mediante muestras culinarias y exhibiciones de caf\u00e9 y vainilla.<\/p>\n<p>&nbsp;<\/p>\n<p>La ceremonia inaugural fue encabezada por la presidenta municipal de Acapulco, Abelina L\u00f3pez Rodr\u00edguez, \u00a0quien destac\u00f3 que Ventana M\u00e9xico es un espacio dedicado al trabajo de artesanas y artesanos, donde el pa\u00eds se proyecta no solo como un destino tur\u00edstico, sino como una expresi\u00f3n de cultura viva.<\/p>\n<p>&nbsp;<\/p>\n<p>Por su parte, el titular de la Secretar\u00eda de Turismo de Guerrero, Sim\u00f3n Qui\u00f1ones Orozco resalt\u00f3 la evoluci\u00f3n del Tianguis Tur\u00edstico como un punto de encuentro de aromas, sabores y tradiciones que proyectan la identidad de M\u00e9xico.<\/p>\n<p>&nbsp;<\/p>\n<p>Tambi\u00e9n asistieron la titular de la Secretar\u00eda de Turismo del Gobierno de M\u00e9xico, Josefina Rodr\u00edguez Zamora; la subsecretaria de Turismo del Gobierno de M\u00e9xico, Nathalie Desplas Puel, representantes de cocineras tradicionales, as\u00ed como autoridades de los tres \u00f3rdenes de gobierno.<\/p>\n<p>&nbsp;<\/p>\n<p>Conoce m\u00e1s sobre esta actividad en las redes sociales de @Tianguis-Tur\u00edstico-de-M\u00e9xico-Oficial y en la p\u00e1gina web <a href=\"https:\/\/www.tianguisturistico.com\">https:\/\/www.tianguisturistico.com<\/a>. Sigue la cuenta de la @SECVERoficial para descubrir todas las actividades que confirman por qu\u00e9 Veracruz est\u00e1 de moda.<\/p>\n","protected":false},"excerpt":{"rendered":"<p>El Gobierno del Estado, a trav\u00e9s de la Secretar\u00eda de Cultura de Veracruz, particip\u00f3 en el encuentro Ventana M\u00e9xico, realizado<\/p>\n","protected":false},"author":4,"featured_media":77422,"comment_status":"closed","ping_status":"closed","sticky":false,"template":"","format":"standard","meta":{"colormag_page_container_layout":"default_layout","colormag_page_sidebar_layout":"default_layout","_jetpack_memberships_contains_paid_content":false,"footnotes":"","jetpack_publicize_message":"","jetpack_publicize_feature_enabled":true,"jetpack_social_post_already_shared":true,"jetpack_social_options":{"image_generator_settings":{"template":"highway","default_image_id":0,"font":"","enabled":false},"version":2}},"categories":[356],"tags":[],"class_list":["post-77421","post","type-post","status-publish","format-standard","has-post-thumbnail","hentry","category-veracruz"],"jetpack_publicize_connections":[],"jetpack_featured_media_url":"https:\/\/noticiasveracruz.com\/wp-content\/uploads\/2026\/04\/WhatsApp-Image-2026-04-26-at-10.55.22-2-scaled.jpeg","jetpack_sharing_enabled":true,"publishpress_future_action":{"enabled":false,"date":"2026-05-04 07:14:29","action":"change-status","newStatus":"draft","terms":[],"taxonomy":"category","extraData":[]},"publishpress_future_workflow_manual_trigger":{"enabledWorkflows":[]},"_links":{"self":[{"href":"https:\/\/noticiasveracruz.com\/index.php\/wp-json\/wp\/v2\/posts\/77421","targetHints":{"allow":["GET"]}}],"collection":[{"href":"https:\/\/noticiasveracruz.com\/index.php\/wp-json\/wp\/v2\/posts"}],"about":[{"href":"https:\/\/noticiasveracruz.com\/index.php\/wp-json\/wp\/v2\/types\/post"}],"author":[{"embeddable":true,"href":"https:\/\/noticiasveracruz.com\/index.php\/wp-json\/wp\/v2\/users\/4"}],"replies":[{"embeddable":true,"href":"https:\/\/noticiasveracruz.com\/index.php\/wp-json\/wp\/v2\/comments?post=77421"}],"version-history":[{"count":1,"href":"https:\/\/noticiasveracruz.com\/index.php\/wp-json\/wp\/v2\/posts\/77421\/revisions"}],"predecessor-version":[{"id":77423,"href":"https:\/\/noticiasveracruz.com\/index.php\/wp-json\/wp\/v2\/posts\/77421\/revisions\/77423"}],"wp:featuredmedia":[{"embeddable":true,"href":"https:\/\/noticiasveracruz.com\/index.php\/wp-json\/wp\/v2\/media\/77422"}],"wp:attachment":[{"href":"https:\/\/noticiasveracruz.com\/index.php\/wp-json\/wp\/v2\/media?parent=77421"}],"wp:term":[{"taxonomy":"category","embeddable":true,"href":"https:\/\/noticiasveracruz.com\/index.php\/wp-json\/wp\/v2\/categories?post=77421"},{"taxonomy":"post_tag","embeddable":true,"href":"https:\/\/noticiasveracruz.com\/index.php\/wp-json\/wp\/v2\/tags?post=77421"}],"curies":[{"name":"wp","href":"https:\/\/api.w.org\/{rel}","templated":true}]}}