{"id":77418,"date":"2026-04-27T00:01:27","date_gmt":"2026-04-27T06:01:27","guid":{"rendered":"https:\/\/noticiasveracruz.com\/?p=77418"},"modified":"2026-04-27T00:00:13","modified_gmt":"2026-04-27T06:00:13","slug":"la-cuarta-transformacion-llega-con-hechos-a-atoyac-rocio-nahle","status":"publish","type":"post","link":"https:\/\/noticiasveracruz.com\/index.php\/2026\/04\/27\/la-cuarta-transformacion-llega-con-hechos-a-atoyac-rocio-nahle\/","title":{"rendered":"La Cuarta Transformaci\u00f3n llega con hechos a Atoyac: Roc\u00edo Nahle"},"content":{"rendered":"<p>La gobernadora Roc\u00edo Nahle Garc\u00eda encabez\u00f3 la entrega de la rehabilitaci\u00f3n del tramo carretero Atoyac \u2013 General Miguel Alem\u00e1n \u2013 entronque 150D C\u00f3rdoba, obra que cumple un compromiso con la poblaci\u00f3n y consolida la presencia de la Cuarta Transformaci\u00f3n en la regi\u00f3n centro del estado.<\/p>\n<p>&nbsp;<\/p>\n<p>\u201cLa palabra se cumple\u201d, afirm\u00f3 al recordar que, en campa\u00f1a, las y los habitantes le solicitaron rescatar esta v\u00eda, abandonada por m\u00e1s de 30 a\u00f1os, pese a ser fundamental para la movilidad y la actividad ca\u00f1era vinculada al ingenio El Potrero.<\/p>\n<p>&nbsp;<\/p>\n<p>Con una inversi\u00f3n de 36 millones 425 mil 233 pesos, la obra abarca 11.03 kil\u00f3metros y beneficia a una regi\u00f3n clave para la agroindustria, al facilitar el traslado de ca\u00f1a, as\u00ed como la movilidad de estudiantes y productores.<\/p>\n<p>&nbsp;<\/p>\n<p>Acompa\u00f1ada por el secretario de Infraestructura y Obras P\u00fablicas, Leonardo Cornejo Serrano, la Gobernadora subray\u00f3 que esta acci\u00f3n forma parte de una estrategia integral para transformar la infraestructura carretera, priorizando zonas hist\u00f3ricamente rezagadas.<\/p>\n<p>&nbsp;<\/p>\n<p>Anunci\u00f3 la segunda etapa con siete kil\u00f3metros hacia Potrero Viejo, as\u00ed como el inicio de un tramo de cuatro kil\u00f3metros de la caseta a Cuitl\u00e1huac. Adem\u00e1s, destac\u00f3 avances en C\u00f3rdoba, Orizaba, Huatusco y la regi\u00f3n de Zongolica, incluido el libramiento de Ixtaczoquitl\u00e1n, clave para la actividad industrial.<\/p>\n<p>&nbsp;<\/p>\n<p>\u201cLa Cuarta Transformaci\u00f3n lleg\u00f3 a Atoyac y lleg\u00f3 con hechos\u201d, expres\u00f3 ante la poblaci\u00f3n, representantes populares y autoridades municipales, al reiterar que su administraci\u00f3n avanza en m\u00e1s de 20 mil comunidades con el fortalecimiento de carreteras estatales y programas de caminos artesanales y sacacosechas, en coordinaci\u00f3n con el Gobierno de M\u00e9xico.<\/p>\n","protected":false},"excerpt":{"rendered":"<p>La gobernadora Roc\u00edo Nahle Garc\u00eda encabez\u00f3 la entrega de la rehabilitaci\u00f3n del tramo carretero Atoyac \u2013 General Miguel Alem\u00e1n \u2013<\/p>\n","protected":false},"author":4,"featured_media":77419,"comment_status":"closed","ping_status":"closed","sticky":false,"template":"","format":"standard","meta":{"colormag_page_container_layout":"default_layout","colormag_page_sidebar_layout":"default_layout","_jetpack_memberships_contains_paid_content":false,"footnotes":"","jetpack_publicize_message":"","jetpack_publicize_feature_enabled":true,"jetpack_social_post_already_shared":true,"jetpack_social_options":{"image_generator_settings":{"template":"highway","default_image_id":0,"font":"","enabled":false},"version":2}},"categories":[356],"tags":[],"class_list":["post-77418","post","type-post","status-publish","format-standard","has-post-thumbnail","hentry","category-veracruz"],"jetpack_publicize_connections":[],"jetpack_featured_media_url":"https:\/\/noticiasveracruz.com\/wp-content\/uploads\/2026\/04\/WhatsApp-Image-2026-04-26-at-21.46.44-1-scaled.jpeg","jetpack_sharing_enabled":true,"publishpress_future_action":{"enabled":false,"date":"2026-05-04 07:12:51","action":"change-status","newStatus":"draft","terms":[],"taxonomy":"category","extraData":[]},"publishpress_future_workflow_manual_trigger":{"enabledWorkflows":[]},"_links":{"self":[{"href":"https:\/\/noticiasveracruz.com\/index.php\/wp-json\/wp\/v2\/posts\/77418","targetHints":{"allow":["GET"]}}],"collection":[{"href":"https:\/\/noticiasveracruz.com\/index.php\/wp-json\/wp\/v2\/posts"}],"about":[{"href":"https:\/\/noticiasveracruz.com\/index.php\/wp-json\/wp\/v2\/types\/post"}],"author":[{"embeddable":true,"href":"https:\/\/noticiasveracruz.com\/index.php\/wp-json\/wp\/v2\/users\/4"}],"replies":[{"embeddable":true,"href":"https:\/\/noticiasveracruz.com\/index.php\/wp-json\/wp\/v2\/comments?post=77418"}],"version-history":[{"count":1,"href":"https:\/\/noticiasveracruz.com\/index.php\/wp-json\/wp\/v2\/posts\/77418\/revisions"}],"predecessor-version":[{"id":77420,"href":"https:\/\/noticiasveracruz.com\/index.php\/wp-json\/wp\/v2\/posts\/77418\/revisions\/77420"}],"wp:featuredmedia":[{"embeddable":true,"href":"https:\/\/noticiasveracruz.com\/index.php\/wp-json\/wp\/v2\/media\/77419"}],"wp:attachment":[{"href":"https:\/\/noticiasveracruz.com\/index.php\/wp-json\/wp\/v2\/media?parent=77418"}],"wp:term":[{"taxonomy":"category","embeddable":true,"href":"https:\/\/noticiasveracruz.com\/index.php\/wp-json\/wp\/v2\/categories?post=77418"},{"taxonomy":"post_tag","embeddable":true,"href":"https:\/\/noticiasveracruz.com\/index.php\/wp-json\/wp\/v2\/tags?post=77418"}],"curies":[{"name":"wp","href":"https:\/\/api.w.org\/{rel}","templated":true}]}}