{"id":77409,"date":"2026-04-25T00:17:21","date_gmt":"2026-04-25T06:17:21","guid":{"rendered":"https:\/\/noticiasveracruz.com\/?p=77409"},"modified":"2026-04-25T00:17:21","modified_gmt":"2026-04-25T06:17:21","slug":"inicia-en-nayarit-encuentro-nacional-de-universidades-tecnologicas-participan-3-mil-alumnos","status":"publish","type":"post","link":"https:\/\/noticiasveracruz.com\/index.php\/2026\/04\/25\/inicia-en-nayarit-encuentro-nacional-de-universidades-tecnologicas-participan-3-mil-alumnos\/","title":{"rendered":"Inicia en Nayarit encuentro nacional de universidades tecnol\u00f3gicas; participan 3 mil alumnos"},"content":{"rendered":"<p class=\"nota-justify\" data-path-to-node=\"3\">Este viernes dio inicio el Primer Encuentro Nacional Cultural Deportivo de las Universidades Tecnol\u00f3gicas del pa\u00eds, que cont\u00f3 con la participaci\u00f3n de poco m\u00e1s de 3 mil 100 j\u00f3venes de 89 universidades.<\/p>\n<p class=\"nota-justify\" data-path-to-node=\"4\">El evento deportivo fue inaugurado la tarde-noche del jueves por el gobernador Miguel \u00c1ngel Navarro Quintero, acompa\u00f1ado por el subsecretario de Educaci\u00f3n Superior en M\u00e9xico, Ricardo Villanueva Lomel\u00ed.<\/p>\n<p class=\"nota-justify\" data-path-to-node=\"5\">El pebetero fue encendido en el campus de la Universidad Tecnol\u00f3gica de Bah\u00eda de Banderas (UTBB) de este municipio.<\/p>\n<p class=\"nota-justify\" data-path-to-node=\"6\">Los participantes compiten en once disciplinas deportivas y ocho culturales, en un espacio que promueve la convivencia, el intercambio y el desarrollo integral de la juventud.<\/p>\n<p class=\"nota-justify\" data-path-to-node=\"7\">En su mensaje a los estudiantes, Villanueva Lomel\u00ed subray\u00f3 la importancia de fortalecer la formaci\u00f3n integral de las y los alumnos mediante dichas actividades, adem\u00e1s de buscar formar seres humanos en \u201ctoda la extensi\u00f3n de la palabra\u201d, destac\u00f3.<\/p>\n<p class=\"nota-justify\" data-path-to-node=\"8\">Finalmente, el gobernador de Nayarit se\u00f1al\u00f3 que el mejor trofeo para los competidores era una estancia feliz en el municipio tur\u00edstico.<\/p>\n","protected":false},"excerpt":{"rendered":"<p>Este viernes dio inicio el Primer Encuentro Nacional Cultural Deportivo de las Universidades Tecnol\u00f3gicas del pa\u00eds, que cont\u00f3 con la<\/p>\n","protected":false},"author":4,"featured_media":77410,"comment_status":"closed","ping_status":"closed","sticky":false,"template":"","format":"standard","meta":{"colormag_page_container_layout":"default_layout","colormag_page_sidebar_layout":"default_layout","_jetpack_memberships_contains_paid_content":false,"footnotes":"","jetpack_publicize_message":"","jetpack_publicize_feature_enabled":true,"jetpack_social_post_already_shared":true,"jetpack_social_options":{"image_generator_settings":{"template":"highway","default_image_id":0,"font":"","enabled":false},"version":2}},"categories":[145],"tags":[],"class_list":["post-77409","post","type-post","status-publish","format-standard","has-post-thumbnail","hentry","category-estados"],"jetpack_publicize_connections":[],"jetpack_featured_media_url":"https:\/\/noticiasveracruz.com\/wp-content\/uploads\/2026\/04\/UNE.webp","jetpack_sharing_enabled":true,"publishpress_future_action":{"enabled":false,"date":"2026-05-02 03:21:41","action":"change-status","newStatus":"draft","terms":[],"taxonomy":"category","extraData":[]},"publishpress_future_workflow_manual_trigger":{"enabledWorkflows":[]},"_links":{"self":[{"href":"https:\/\/noticiasveracruz.com\/index.php\/wp-json\/wp\/v2\/posts\/77409","targetHints":{"allow":["GET"]}}],"collection":[{"href":"https:\/\/noticiasveracruz.com\/index.php\/wp-json\/wp\/v2\/posts"}],"about":[{"href":"https:\/\/noticiasveracruz.com\/index.php\/wp-json\/wp\/v2\/types\/post"}],"author":[{"embeddable":true,"href":"https:\/\/noticiasveracruz.com\/index.php\/wp-json\/wp\/v2\/users\/4"}],"replies":[{"embeddable":true,"href":"https:\/\/noticiasveracruz.com\/index.php\/wp-json\/wp\/v2\/comments?post=77409"}],"version-history":[{"count":1,"href":"https:\/\/noticiasveracruz.com\/index.php\/wp-json\/wp\/v2\/posts\/77409\/revisions"}],"predecessor-version":[{"id":77411,"href":"https:\/\/noticiasveracruz.com\/index.php\/wp-json\/wp\/v2\/posts\/77409\/revisions\/77411"}],"wp:featuredmedia":[{"embeddable":true,"href":"https:\/\/noticiasveracruz.com\/index.php\/wp-json\/wp\/v2\/media\/77410"}],"wp:attachment":[{"href":"https:\/\/noticiasveracruz.com\/index.php\/wp-json\/wp\/v2\/media?parent=77409"}],"wp:term":[{"taxonomy":"category","embeddable":true,"href":"https:\/\/noticiasveracruz.com\/index.php\/wp-json\/wp\/v2\/categories?post=77409"},{"taxonomy":"post_tag","embeddable":true,"href":"https:\/\/noticiasveracruz.com\/index.php\/wp-json\/wp\/v2\/tags?post=77409"}],"curies":[{"name":"wp","href":"https:\/\/api.w.org\/{rel}","templated":true}]}}