{"id":77406,"date":"2026-04-25T00:16:09","date_gmt":"2026-04-25T06:16:09","guid":{"rendered":"https:\/\/noticiasveracruz.com\/?p=77406"},"modified":"2026-04-25T00:16:09","modified_gmt":"2026-04-25T06:16:09","slug":"zacatecas-rechazan-intento-por-responsabilizar-a-campesinos-de-incendio-en-segalmex","status":"publish","type":"post","link":"https:\/\/noticiasveracruz.com\/index.php\/2026\/04\/25\/zacatecas-rechazan-intento-por-responsabilizar-a-campesinos-de-incendio-en-segalmex\/","title":{"rendered":"Zacatecas: rechazan intento por responsabilizar a campesinos de incendio en Segalmex"},"content":{"rendered":"<p class=\"nota-justify\">Integrantes de la Coordinadora Zacatecana de Lucha Social 10 de Abril, conformada por miembros del magisterio disidente, as\u00ed como otras organizaciones sociales de izquierda, reprocharon que el gobierno estatal pretenda imputar a los campesinos la responsabilidad por el incendio que el pasado martes consumi\u00f3 las instalaciones federales de Segalmex, el mismo d\u00eda que ellos hab\u00edan realizado una manifestaci\u00f3n afuera de la dependencia, donde como protesta quemaron algunas llantas, en los patios del sitio.<\/p>\n<p class=\"nota-justify\">La Coordinadora envi\u00f3 un posicionamiento p\u00fablico a medios de comunicaci\u00f3n locales y nacionales, donde rechazaron la versi\u00f3n que funcionarios del gobernador David Monreal \u00c1vila difundieron, en sus redes sociales, de que los agricultores ser\u00edan los responsables de la conflagraci\u00f3n que consumi\u00f3 despensas, granos y bodegas en un \u00e1rea de m\u00e1s de tres hect\u00e1reas, con p\u00e9rdidas superiores a los 500 millones de pesos.<\/p>\n<p class=\"nota-justify\">En este contexto, la Coordinadora expres\u00f3 a nombre de sus integrantes \u201cnuestra firme solidaridad con los campesinos zacatecanos, estamos m\u00e1s que convencidos de que su lucha es justa, legal y necesaria\u201d, y \u201cnuestra exigencia a los gobiernos para que atiendan a los productores de frijol y al campo en general\u2026 \u00a1Basta de mentiras, basta de simulaci\u00f3n, basta de calumnias!\u201d.<\/p>\n<p class=\"nota-justify\">Desde mediados del mes de noviembre pasado, se explic\u00f3 que en Zacatecas los productores de frijol de distintas comunidades y municipios hicieron p\u00fablicas \u201csus inconformidades por la ineficiencia, la burocratizaci\u00f3n, la opacidad y la corrupci\u00f3n con que ha operado el Programa de Precios de Garant\u00eda a Productos Alimentarios B\u00e1sicos\u201d.<\/p>\n<p class=\"nota-justify\">\u201cCon claridad y franqueza nuestros campesinos han sabido se\u00f1alar tanto el caudal de irregularidades que se toleran como a muchos de los que las realizan. La tarde del pasado martes el problema campesino se sali\u00f3 de cauce y la administraci\u00f3n de los dilemas rurales perdi\u00f3 la br\u00fajula, en el momento mismo que estall\u00f3 el incendio de las oficinas y bodegas generales del Programa de Alimentaci\u00f3n para el Bienestar en la capital del estado\u201d.<\/p>\n<p class=\"nota-justify\">Ante la inexplicable conflagraci\u00f3n, denunci\u00f3 la Coordinadora \u201clas reacciones err\u00e1ticas y precipitadas de distintos personeros del Gobierno del Estado de Zacatecas dan cuenta de la p\u00e9rdida de sentido de muchos de los responsables de dirigir los destinos de la entidad, van de pifia en pifia\u201d.<\/p>\n","protected":false},"excerpt":{"rendered":"<p>Integrantes de la Coordinadora Zacatecana de Lucha Social 10 de Abril, conformada por miembros del magisterio disidente, as\u00ed como otras<\/p>\n","protected":false},"author":4,"featured_media":77407,"comment_status":"closed","ping_status":"closed","sticky":false,"template":"","format":"standard","meta":{"colormag_page_container_layout":"default_layout","colormag_page_sidebar_layout":"default_layout","_jetpack_memberships_contains_paid_content":false,"footnotes":"","jetpack_publicize_message":"","jetpack_publicize_feature_enabled":true,"jetpack_social_post_already_shared":true,"jetpack_social_options":{"image_generator_settings":{"template":"highway","default_image_id":0,"font":"","enabled":false},"version":2}},"categories":[145],"tags":[],"class_list":["post-77406","post","type-post","status-publish","format-standard","has-post-thumbnail","hentry","category-estados"],"jetpack_publicize_connections":[],"jetpack_featured_media_url":"https:\/\/noticiasveracruz.com\/wp-content\/uploads\/2026\/04\/PUMEN.webp","jetpack_sharing_enabled":true,"publishpress_future_action":{"enabled":false,"date":"2026-05-02 03:02:33","action":"change-status","newStatus":"draft","terms":[],"taxonomy":"category","extraData":[]},"publishpress_future_workflow_manual_trigger":{"enabledWorkflows":[]},"_links":{"self":[{"href":"https:\/\/noticiasveracruz.com\/index.php\/wp-json\/wp\/v2\/posts\/77406","targetHints":{"allow":["GET"]}}],"collection":[{"href":"https:\/\/noticiasveracruz.com\/index.php\/wp-json\/wp\/v2\/posts"}],"about":[{"href":"https:\/\/noticiasveracruz.com\/index.php\/wp-json\/wp\/v2\/types\/post"}],"author":[{"embeddable":true,"href":"https:\/\/noticiasveracruz.com\/index.php\/wp-json\/wp\/v2\/users\/4"}],"replies":[{"embeddable":true,"href":"https:\/\/noticiasveracruz.com\/index.php\/wp-json\/wp\/v2\/comments?post=77406"}],"version-history":[{"count":1,"href":"https:\/\/noticiasveracruz.com\/index.php\/wp-json\/wp\/v2\/posts\/77406\/revisions"}],"predecessor-version":[{"id":77408,"href":"https:\/\/noticiasveracruz.com\/index.php\/wp-json\/wp\/v2\/posts\/77406\/revisions\/77408"}],"wp:featuredmedia":[{"embeddable":true,"href":"https:\/\/noticiasveracruz.com\/index.php\/wp-json\/wp\/v2\/media\/77407"}],"wp:attachment":[{"href":"https:\/\/noticiasveracruz.com\/index.php\/wp-json\/wp\/v2\/media?parent=77406"}],"wp:term":[{"taxonomy":"category","embeddable":true,"href":"https:\/\/noticiasveracruz.com\/index.php\/wp-json\/wp\/v2\/categories?post=77406"},{"taxonomy":"post_tag","embeddable":true,"href":"https:\/\/noticiasveracruz.com\/index.php\/wp-json\/wp\/v2\/tags?post=77406"}],"curies":[{"name":"wp","href":"https:\/\/api.w.org\/{rel}","templated":true}]}}