{"id":7740,"date":"2022-09-05T07:15:38","date_gmt":"2022-09-05T12:15:38","guid":{"rendered":"https:\/\/noticiasveracruz.com\/?p=7740"},"modified":"2022-09-05T08:18:41","modified_gmt":"2022-09-05T13:18:41","slug":"los-jueces-a-juicio","status":"publish","type":"post","link":"https:\/\/noticiasveracruz.com\/index.php\/2022\/09\/05\/los-jueces-a-juicio\/","title":{"rendered":"Los jueces a juicio"},"content":{"rendered":"<p>&nbsp;<\/p>\n<p class=\"p1\"><span style=\"font-size: 18pt;\"><b>Por \u00c1ngel \u00c1lvaro Pe\u00f1a<\/b><\/span><\/p>\n<p class=\"p1\"><span style=\"font-size: 14pt;\">Todav\u00eda medio siglo atr\u00e1s en M\u00e9xico los jueces andaban armados, ahora algunos de ellos han entrado a la civilidad y otros, afortunadamente una minor\u00eda, no requieren de herramientas violentas porque sus propios protegidos los resguardan.<\/span><\/p>\n<p class=\"p1\"><span style=\"font-size: 18pt;\"><strong>Los jueces son el eje de la justicia y el garante de la legalidad; sin embargo, en M\u00e9xico son quienes han impulsado la impunidad hasta institucionalizarla. Desde amparos con significados partidistas y eminentemente pol\u00edticos hasta fallos de sospechosa causa y evidente contubernio.<\/strong><\/span><\/p>\n<p class=\"p1\"><span style=\"font-size: 14pt;\">Desde hace muchos a\u00f1os la necesidad de transformar el Poder Judicial es urgente, los excesos de sus protagonistas crean un reclamo popular generalizado, dicho descontento no distingue partidos o corrientes pol\u00edticas, simplemente se sabe que hay algunos que tuercen el derecho y alientan la delincuencia, sobre todo para infractores de cuello blanco que encuentran su libertad gracias a la flexibilidad y poca honestidad de sus juzgadores.<\/span><\/p>\n<p>&nbsp;<\/p>\n<p><img loading=\"lazy\" decoding=\"async\" class=\"aligncenter wp-image-9727 size-large\" src=\"https:\/\/politicosaldesnudo.com.mx\/wp-content\/uploads\/2022\/09\/P-JUECES-ME\u0301XICO2-1024x573.png\" alt=\"\" width=\"800\" height=\"448\" \/><\/p>\n<p>&nbsp;<\/p>\n<p class=\"p1\"><span style=\"font-size: 18pt;\"><strong><span style=\"color: #e42d33;\">Porque en M\u00e9xico la mayor\u00eda de los reos en los reclusorios del pa\u00eds no est\u00e1n juzgados,<\/span> algunos se pasan la vida esperando un proceso, otros m\u00e1s son inocentes, pero son contados de los presos que no son pobres. Los ricos encarcelados gozan, ahora y siempre, de una vida de confort dentro de los diferentes reclusorios.<\/strong><\/span><\/p>\n<p class=\"p1\"><span style=\"font-size: 14pt;\">Los jueces y los directores de algunos reclusorios tienen precio en nuestro pa\u00eds.<\/span><\/p>\n<p class=\"p1\"><span style=\"font-size: 14pt;\">En M\u00e9xico la pobreza es un delito f\u00e1cil de se\u00f1alar y encarcelar, aunque se carezca de evidencias, y esto tiene que ver con algunos jueces que lejos de atender los rezagos de la justicia prefieren ser selectivos con los casos que abordan y prefieren a los que pueden dejarles un dinero extra. Esto implica a delincuentes de altos vuelos y funcionarios p\u00fablicos de buen nivel, por lo regular.<\/span><\/p>\n<p>&nbsp;<\/p>\n<p class=\"p1\"><span style=\"font-size: 18pt;\"><strong>MEJ\u00cdA BERDEJA Y LOS JUECES<\/strong><\/span><\/p>\n<p class=\"p1\"><span style=\"font-size: 18pt;\"><strong>Ahora el subsecretario de Seguridad y Protecci\u00f3n Ciudadana,<span style=\"color: #e42d33;\"> Ricardo Mej\u00eda Berdeja,<\/span> y posible <span style=\"color: #e42d33;\">candidato de Morena a la gubernatura de Coahuila nombr\u00f3 a varios jueces que est\u00e1n implicados en fallar a favor de delincuentes de ellos.<\/span><\/strong><\/span><\/p>\n<p>&nbsp;<\/p>\n<p><img loading=\"lazy\" decoding=\"async\" class=\"aligncenter wp-image-9732 size-large\" src=\"https:\/\/politicosaldesnudo.com.mx\/wp-content\/uploads\/2022\/09\/P-JUECES-ME\u0301XICO1-1024x573.png\" alt=\"\" width=\"800\" height=\"448\" \/><\/p>\n<p>&nbsp;<\/p>\n<p class=\"p1\"><span style=\"font-size: 14pt;\">En ese contexto cit\u00f3 el caso del amparo en revisi\u00f3n que la Corte va a resolver, promovido por Brandon Alexis \u2018N\u2019 y Alejandro \u2018N\u2019, hermano y t\u00edo de \u00d3scar Andr\u00e9s, al\u00edas \u2018el Lunares\u2019, l\u00edder del grupo criminal conocido como Uni\u00f3n Tepito.<\/span><\/p>\n<p class=\"p1\"><span style=\"font-size: 14pt;\">Se\u00f1al\u00f3 al respecto el funcionario: \u201cQue se inaplique el art\u00edculo 19 constitucional para que no se les aplique la prisi\u00f3n preventiva oficiosa y en tal virtud poder salir en libertad\u201d.<\/span><\/p>\n<p class=\"p1\"><span style=\"font-size: 14pt;\">Entre otros jueces se\u00f1alo el caso de los \u201cmontadeudas\u201d, donde el juez Juan Pablo G\u00f3mez Fierro, \u201cante todos los requerimientos del tema de los chips de celular, autoriz\u00f3 innumerables suspensiones provisionales para no aplicar esta ley. Finalmente, la Corte, hay que decirlo, invalid\u00f3 la ley que pretend\u00eda regular el uso de los chips de prepago para actividades criminales\u201d.<\/span><\/p>\n<p class=\"p1\"><span style=\"font-size: 14pt;\">Sobre el presunto secuestrador conocido como \u2018el Fantasma\u2019, Rafael \u2018N\u2019, que se presume es integrante del C\u00e1rtel de Jalisco Nueva Generaci\u00f3n, expuso que \u201cfue una operaci\u00f3n de meses de inteligencia, de un operativo quir\u00fargico\u201d.<\/span><\/p>\n<p class=\"p1\"><span style=\"font-size: 14pt;\">Nombr\u00f3 tambi\u00e9n al juez de control de Zacatecas, Sergio Rodarte Oliva, de quien dice determin\u00f3 no vincular a proceso penal al secuestrador \u201cEl Fantasma\u201d, Rafael N, presunto integrante del C\u00e1rtel de Jalisco.<\/span><\/p>\n<p class=\"p1\"><span style=\"font-size: 14pt;\">Cit\u00f3 al juez Carlos Gallegos Arellano, de Colima, y lo responsabiliz\u00f3 de otorgar la libertad de Jorge \u2018N\u2019, alias \u2018el Mesta\u2019, debido a que consider\u00f3 que no estaba en condiciones para enfrentar una audiencia por una lesi\u00f3n en la mand\u00edbula.<\/span><\/p>\n<p class=\"p1\"><span style=\"font-size: 18pt;\"><strong>Mej\u00eda Berdeja tambi\u00e9n se\u00f1al\u00f3 al juez Marco Antonio Ordorica, del Juzgado 2\u00ba de lo Penal del Distrito de Bravos, en Chilpancingo, Guerrero, quien asegur\u00f3 que ha exonerado en diferentes procesos a presuntos secuestradores. Tambi\u00e9n nombr\u00f3 est\u00e1 la jueza Viviana Judith Ju\u00e1rez V\u00e1zquez, en Baja California, porque \u201cen tres casos que se le han presentado de detenciones en las garitas con armas de uso exclusivo del Ej\u00e9rcito o tambi\u00e9n en la aduana, cuando tambi\u00e9n con armas detuvieron a otros sujetos, la juez determin\u00f3 que era ilegal la detenci\u00f3n que hicieron porque no hab\u00edan justificado c\u00f3mo revisaban los veh\u00edculos y, finalmente, les concedi\u00f3 la libertad a estos sujetos\u201d.<\/strong><\/span><\/p>\n<p class=\"p1\"><span style=\"font-size: 14pt;\">Seguramente dej\u00f3 para despu\u00e9s otros nombres, de quienes seguramente en este momento est\u00e1n esperando no ser exhibidos; sin embargo, dar a conocerlos implica tambi\u00e9n servir de promotores de sus servicios. Se trata de acusarlos con dispositivos legales para su detenci\u00f3n o sanci\u00f3n, pero al s\u00f3lo ser enunciados puede interpretarse cm si se estuvieran ofreciendo sus servicios para que los delincuentes que buscan un juez que les otorgue la libertad a pesar de ser culpables, pueda exonerarlos.<\/span><\/p>\n<p class=\"p1\"><span style=\"font-size: 18pt;\"><strong>Se trata, en su mayor\u00eda, de delitos graves, de no ser as\u00ed no ser\u00edan atractivos esos clientes para esos jueces. Fraudes, desfalcos, desv\u00edos, secuestros, amparos al mayoreo, tr\u00e1fico de drogas, tr\u00e1fico de armas, facturaci\u00f3n il\u00edcita, entre otros con importantes ganancias econ\u00f3micas, tantas como para compartir con los jueces y no quedarse pobres.<\/strong><\/span><\/p>\n<p class=\"p1\"><span style=\"font-size: 18pt;\"><strong>Esto sin contar los amparos que llovieron sobre mojado desde que el gobierno federal decidi\u00f3 cancelar las obras del aeropuerto de Texcoco hasta la construcci\u00f3n del tren Maya, obstaculizando el desarrollo y encareciendo las obras por las suspensiones a causa de estas figuras muchas veces con fallos comprados. Es decir, sacrificando el dinero del pueblo a causa de amparos que ser\u00edan resueltos tarde o temprano. Amparos con los que la poblaci\u00f3n del lugar nunca estuvo de acuerdo.<\/strong><\/span><\/p>\n<p class=\"p1\"><span style=\"font-size: 14pt;\">En total, se presentaron\u00a079 juicios de amparo\u00a0contra la cancelaci\u00f3n del\u00a0proyecto en Texcoco\u00a0y aunque la mayor\u00eda se resolvieron en los primeros dos a\u00f1os, en el \u00faltimo la cifra cay\u00f3 a cuatro.\u00a0Uno de los principales jueces a los que la oposici\u00f3n acudi\u00f3 a administrar los amparos contra esa obra fue el Juez d\u00e9cimo de Distrito con sede en el Estado de M\u00e9xico.<\/span><\/p>\n<p class=\"p1\"><span style=\"font-size: 14pt;\">En este sexenio los amparos se convirtieron en toda una industria redituable para los jueces corruptos.<\/span><\/p>\n<p class=\"p1\"><span style=\"font-size: 14pt;\">Por su parte, el juez\u00a0Adri\u00e1n Novelo, concedi\u00f3 la primera suspensi\u00f3n contra el Tren Maya en el distrito con sede en Yucat\u00e1n, resolvi\u00f3 el amparo 923\/2022, interpuesto por la organizaci\u00f3n Defendiendo el Derecho a un Medio Ambiente Sano, manejado por la oposici\u00f3n y los intereses en la zona, a fin de frenar las obras del Tramo 5.<\/span><\/p>\n<p class=\"p1\"><span style=\"font-size: 14pt;\">Quintana Roo, Campeche y la pen\u00ednsula en su totalidad es un lugar conflictivo a la hora de definir la honestidad de los jueces, porque hay casos en los que en la entidad que ahora gobierna Mara Lezama hay jueces que otorgan propiedad a predios robados, con una impunidad que s\u00f3lo el dinero en grandes cantidades puede explicar.<\/span><\/p>\n<p class=\"p1\"><span style=\"font-size: 14pt;\">Es hora de hacer que los jueces sean justos, porque el Estado de Derecho no puede existir mientras haya fallos subastados al mejor postor, son tantos y tan ocultos que no se sabe d\u00f3nde buscarlos, pero es evidente que existen. Por muy exhaustiva que sea la investigaci\u00f3n sobre esta pr\u00e1ctica, debe haber tambi\u00e9n una denuncia p\u00fablica an\u00f3nima, seria y segura, de otra manera se estar\u00eda s\u00f3lo avisando la ubicaci\u00f3n de jueces que pueden hacer buenos servicios a los delincuentes. Sin justicia no hay democracia.<\/span><\/p>\n<p>&nbsp;<\/p>\n<p class=\"p1\"><span style=\"font-size: 18pt; color: #e42d33;\"><b>PEGA Y CORRE<\/b><\/span><\/p>\n<p class=\"p1\"><span style=\"font-size: 14pt;\">A un mes de la tragedia, la FGR\u00a0obtuvo\u00a0tres \u00f3rdenes de detenci\u00f3n\u00a0contra quienes resulten responsables de dirigir, administrar y explotar\u00a0il\u00edcitamente\u00a0la mina de carb\u00f3n \u201cEl Pinabete\u201d, donde permanecen atrapados 10\u00a0mineros\u00a0tras su\u00a0inundaci\u00f3n. Esta columna se publica los lunes, mi\u00e9rcoles y viernes.<\/span><\/p>\n<p>&nbsp;<\/p>\n<p>&nbsp;<\/p>\n<p class=\"p1\"><span style=\"font-size: 18pt;\"><strong>Esta columna se publica los lunes, mi\u00e9rcoles y viernes<\/strong><\/span><\/p>\n<p>&nbsp;<\/p>\n<p><span style=\"font-size: 18pt; color: #e42d33;\"><em><strong>**Las columnas firmadas en este medio son responsabilidad de quienes las firman**<\/strong><\/em><\/span><\/p>\n<p>&nbsp;<\/p>\n<p>&nbsp;<\/p>\n<p>&nbsp;<\/p>\n<p>&nbsp;<\/p>\n","protected":false},"excerpt":{"rendered":"<p>&nbsp; Por \u00c1ngel \u00c1lvaro Pe\u00f1a Todav\u00eda medio siglo atr\u00e1s en M\u00e9xico los jueces andaban armados, ahora algunos de ellos han<\/p>\n","protected":false},"author":4,"featured_media":3187,"comment_status":"closed","ping_status":"closed","sticky":false,"template":"","format":"standard","meta":{"colormag_page_container_layout":"default_layout","colormag_page_sidebar_layout":"default_layout","_jetpack_memberships_contains_paid_content":false,"footnotes":"","jetpack_publicize_message":"","jetpack_publicize_feature_enabled":true,"jetpack_social_post_already_shared":false,"jetpack_social_options":{"image_generator_settings":{"template":"highway","default_image_id":0,"font":"","enabled":false},"version":2}},"categories":[6],"tags":[],"class_list":["post-7740","post","type-post","status-publish","format-standard","has-post-thumbnail","hentry","category-columnistas"],"jetpack_publicize_connections":[],"jetpack_featured_media_url":"https:\/\/noticiasveracruz.com\/wp-content\/uploads\/2022\/04\/A\u0301NGEL-A\u0301LVARO-PEN\u0303A.png","jetpack_sharing_enabled":true,"publishpress_future_action":{"enabled":false,"date":"2026-05-04 22:52:49","action":"change-status","newStatus":"draft","terms":[],"taxonomy":"category","extraData":[]},"publishpress_future_workflow_manual_trigger":{"enabledWorkflows":[]},"_links":{"self":[{"href":"https:\/\/noticiasveracruz.com\/index.php\/wp-json\/wp\/v2\/posts\/7740","targetHints":{"allow":["GET"]}}],"collection":[{"href":"https:\/\/noticiasveracruz.com\/index.php\/wp-json\/wp\/v2\/posts"}],"about":[{"href":"https:\/\/noticiasveracruz.com\/index.php\/wp-json\/wp\/v2\/types\/post"}],"author":[{"embeddable":true,"href":"https:\/\/noticiasveracruz.com\/index.php\/wp-json\/wp\/v2\/users\/4"}],"replies":[{"embeddable":true,"href":"https:\/\/noticiasveracruz.com\/index.php\/wp-json\/wp\/v2\/comments?post=7740"}],"version-history":[{"count":0,"href":"https:\/\/noticiasveracruz.com\/index.php\/wp-json\/wp\/v2\/posts\/7740\/revisions"}],"wp:featuredmedia":[{"embeddable":true,"href":"https:\/\/noticiasveracruz.com\/index.php\/wp-json\/wp\/v2\/media\/3187"}],"wp:attachment":[{"href":"https:\/\/noticiasveracruz.com\/index.php\/wp-json\/wp\/v2\/media?parent=7740"}],"wp:term":[{"taxonomy":"category","embeddable":true,"href":"https:\/\/noticiasveracruz.com\/index.php\/wp-json\/wp\/v2\/categories?post=7740"},{"taxonomy":"post_tag","embeddable":true,"href":"https:\/\/noticiasveracruz.com\/index.php\/wp-json\/wp\/v2\/tags?post=7740"}],"curies":[{"name":"wp","href":"https:\/\/api.w.org\/{rel}","templated":true}]}}