{"id":77397,"date":"2026-04-25T00:11:52","date_gmt":"2026-04-25T06:11:52","guid":{"rendered":"https:\/\/noticiasveracruz.com\/?p=77397"},"modified":"2026-04-25T00:11:52","modified_gmt":"2026-04-25T06:11:52","slug":"tras-llamada-sheinbaum-carney-mexico-y-canada-refuerzan-coordinacion-rumbo-a-revision-del-t-mec","status":"publish","type":"post","link":"https:\/\/noticiasveracruz.com\/index.php\/2026\/04\/25\/tras-llamada-sheinbaum-carney-mexico-y-canada-refuerzan-coordinacion-rumbo-a-revision-del-t-mec\/","title":{"rendered":"Tras llamada Sheinbaum-Carney, M\u00e9xico y Canad\u00e1 refuerzan coordinaci\u00f3n rumbo a revisi\u00f3n del T-MEC"},"content":{"rendered":"<p class=\"nota-justify\">En el contexto de la pr\u00f3xima revisi\u00f3n del Tratado M\u00e9xico, Estados Unidos y Canad\u00e1 (T-MEC), la presidenta Claudia Sheinbaum Pardo y el primer ministro canadiense, Mark Carney, acordaron este viernes fortalecer la coordinaci\u00f3n bilateral para atender prioridades econ\u00f3micas comunes y \u201cofrecer mayor certidumbre, seguridad y prosperidad\u201d a las poblaciones de ambos pa\u00edses.<\/p>\n<p class=\"nota-justify\">El gobierno de Canad\u00e1 inform\u00f3 que en una conversaci\u00f3n telef\u00f3nica realizada esta ma\u00f1ana, ambos mandatarios destacaron los resultados de la misi\u00f3n comercial Team Canada realizada este a\u00f1o en M\u00e9xico, que deriv\u00f3 en m\u00e1s de 20 acuerdos y asociaciones. Carney celebr\u00f3 adem\u00e1s la pr\u00f3xima misi\u00f3n comercial mexicana a Canad\u00e1, encabezada por el secretario de Econom\u00eda, Marcelo Ebrard.<\/p>\n<p class=\"nota-justify\">Coincidieron en ampliar la cooperaci\u00f3n en sectores estrat\u00e9gicos como minerales cr\u00edticos, tecnolog\u00edas limpias, energ\u00eda y manufactura avanzada, y dieron la bienvenida a la firma de un memorando de entendimiento en salud industrial y \u201cbiomanufactura\u201d para fortalecer la resiliencia de las cadenas de suministro farmac\u00e9uticas.<\/p>\n<p class=\"nota-justify\">Asimismo, resaltaron avances del Canada-Mexico Action Plan, particularmente en corredores mar\u00edtimos, comercio transfronterizo, innovaci\u00f3n y tecnolog\u00eda.<\/p>\n<p class=\"nota-justify\">En el plano bilateral, Carney agradeci\u00f3 a Sheinbaum \u201cel apoyo y la cooperaci\u00f3n de M\u00e9xico\u201d tras la muerte de una ciudadana canadiense en Teotihuac\u00e1n a inicios de la semana.<\/p>\n<p class=\"nota-justify\">Ambos tambi\u00e9n abordaron temas regionales, incluida la situaci\u00f3n humanitaria en Cuba, y coincidieron en la importancia de mantener la coordinaci\u00f3n con socios internacionales para apoyar a su poblaci\u00f3n.<\/p>\n<p class=\"nota-justify\">De igual forma, expresaron su expectativa por la Copa Mundial de la FIFA 2026, que por primera vez ser\u00e1 organizada de manera conjunta por Canad\u00e1, M\u00e9xico y Estados Unidos, y que, seg\u00fan estimaciones, aportar\u00e1 2 mil millones de d\u00f3lares a la econom\u00eda canadiense.<\/p>\n<p class=\"nota-justify\">En un mensaje difundido en la red X, Carney afirm\u00f3 que la misi\u00f3n comercial de Team Canada \u201centreg\u00f3 m\u00e1s de 20 nuevas asociaciones y acuerdos\u201d y subray\u00f3 que ambos gobiernos buscan \u201cprofundizar la cooperaci\u00f3n en minerales cr\u00edticos, energ\u00eda, manufactura y m\u00e1s\u201d. Ambos acordaron mantenerse en contacto cercano.<\/p>\n","protected":false},"excerpt":{"rendered":"<p>En el contexto de la pr\u00f3xima revisi\u00f3n del Tratado M\u00e9xico, Estados Unidos y Canad\u00e1 (T-MEC), la presidenta Claudia Sheinbaum Pardo<\/p>\n","protected":false},"author":4,"featured_media":77398,"comment_status":"closed","ping_status":"closed","sticky":false,"template":"","format":"standard","meta":{"colormag_page_container_layout":"default_layout","colormag_page_sidebar_layout":"default_layout","_jetpack_memberships_contains_paid_content":false,"footnotes":"","jetpack_publicize_message":"","jetpack_publicize_feature_enabled":true,"jetpack_social_post_already_shared":true,"jetpack_social_options":{"image_generator_settings":{"template":"highway","default_image_id":0,"font":"","enabled":false},"version":2}},"categories":[4],"tags":[],"class_list":["post-77397","post","type-post","status-publish","format-standard","has-post-thumbnail","hentry","category-nacional"],"jetpack_publicize_connections":[],"jetpack_featured_media_url":"https:\/\/noticiasveracruz.com\/wp-content\/uploads\/2026\/04\/PUVIARR.webp","jetpack_sharing_enabled":true,"publishpress_future_action":{"enabled":false,"date":"2026-05-02 03:02:07","action":"change-status","newStatus":"draft","terms":[],"taxonomy":"category","extraData":[]},"publishpress_future_workflow_manual_trigger":{"enabledWorkflows":[]},"_links":{"self":[{"href":"https:\/\/noticiasveracruz.com\/index.php\/wp-json\/wp\/v2\/posts\/77397","targetHints":{"allow":["GET"]}}],"collection":[{"href":"https:\/\/noticiasveracruz.com\/index.php\/wp-json\/wp\/v2\/posts"}],"about":[{"href":"https:\/\/noticiasveracruz.com\/index.php\/wp-json\/wp\/v2\/types\/post"}],"author":[{"embeddable":true,"href":"https:\/\/noticiasveracruz.com\/index.php\/wp-json\/wp\/v2\/users\/4"}],"replies":[{"embeddable":true,"href":"https:\/\/noticiasveracruz.com\/index.php\/wp-json\/wp\/v2\/comments?post=77397"}],"version-history":[{"count":1,"href":"https:\/\/noticiasveracruz.com\/index.php\/wp-json\/wp\/v2\/posts\/77397\/revisions"}],"predecessor-version":[{"id":77399,"href":"https:\/\/noticiasveracruz.com\/index.php\/wp-json\/wp\/v2\/posts\/77397\/revisions\/77399"}],"wp:featuredmedia":[{"embeddable":true,"href":"https:\/\/noticiasveracruz.com\/index.php\/wp-json\/wp\/v2\/media\/77398"}],"wp:attachment":[{"href":"https:\/\/noticiasveracruz.com\/index.php\/wp-json\/wp\/v2\/media?parent=77397"}],"wp:term":[{"taxonomy":"category","embeddable":true,"href":"https:\/\/noticiasveracruz.com\/index.php\/wp-json\/wp\/v2\/categories?post=77397"},{"taxonomy":"post_tag","embeddable":true,"href":"https:\/\/noticiasveracruz.com\/index.php\/wp-json\/wp\/v2\/tags?post=77397"}],"curies":[{"name":"wp","href":"https:\/\/api.w.org\/{rel}","templated":true}]}}