{"id":7738,"date":"2022-09-05T04:13:22","date_gmt":"2022-09-05T09:13:22","guid":{"rendered":"https:\/\/noticiasveracruz.com\/?p=7738"},"modified":"2022-09-05T08:16:03","modified_gmt":"2022-09-05T13:16:03","slug":"pan-cueva-de-bandidos","status":"publish","type":"post","link":"https:\/\/noticiasveracruz.com\/index.php\/2022\/09\/05\/pan-cueva-de-bandidos\/","title":{"rendered":"PAN, cueva de bandidos"},"content":{"rendered":"<p class=\"p1\">\n<p class=\"p1\"><span style=\"font-size: 18pt;\"><b>Por Jos\u00e9 P\u00e1ramo Castro<\/b><\/span><\/p>\n<p class=\"p1\"><span style=\"font-size: 14pt;\">En el discurso los partidos que integran la alianza opositora Va por M\u00e9xico, dicen estar unidos, pero los hechos los contradicen, sobre todo a causa de la selecci\u00f3n de candidatos y su relaci\u00f3n con la competencia interna entre posibles abanderados de los tres partidos que la integran.<\/span><\/p>\n<p class=\"p1\"><span style=\"font-size: 14pt;\">Las divisiones no son te\u00f3ricas ni ideol\u00f3gicas como el sentido com\u00fan podr\u00eda arrojar, son por intereses que chocan entre sus c\u00fapulas y que cada uno debe defender como propios.<\/span><\/p>\n<p class=\"p1\"><span style=\"font-size: 14pt;\">Es precisamente esta pugna por las candidaturas que no se le ve futuro a la alianza opositora, independientemente de su suerte en las urnas.<\/span><\/p>\n<p class=\"p1\"><span style=\"font-size: 14pt;\">Si contin\u00faan unidos los tres partidos despu\u00e9s de los resultados de las elecciones de junio del pr\u00f3ximo a\u00f1o, nadie puede asegurar que sigan as\u00ed, luego de querer colocar a un panista o un pri\u00edsta para competir contra morena por el cargo pol\u00edtico m\u00e1s importante de M\u00e9xico. La cohesi\u00f3n entre los tres partidos se ve dif\u00edcil desde ahora, y para 2024, ser\u00e1 peor.<\/span><\/p>\n<p class=\"p1\"><span style=\"font-size: 14pt;\">Los lazos que los unen son oscuros como el tener militantes implicados en casos de corrupci\u00f3n, o intereses con empresas internacionales a grado tal que les daban jugosas comisiones para apoyarlos en el Congreso, o tratos en lo oscurito con empresarios nacionales y extranjeros para entregarles la riqueza de los mexicanos, etc. Es decir, la alianza no se crea alrededor de ideas u objetivos sino de intereses, que es evidente, no son los del pueblo.<\/span><\/p>\n<p class=\"p1\"><span style=\"font-size: 14pt;\">De ah\u00ed que a pesar de las evidencias que los marcan como delincuentes comunes les sirven a panistas y pri\u00edstas para decir que son perseguidos pol\u00edticos y tratar de alcanzar la impunidad acostumbrada en los anteriores reg\u00edmenes, que ten\u00edan al Poder Judicial bajo sus pies.<\/span><\/p>\n<p class=\"p1\"><span style=\"font-size: 14pt;\">El Poder Judicial sigue en manos de la corrupci\u00f3n, porque se trata de un sector heredado por el zedillismo, que, al destituir a los magistrados de la Suprema Corte, inicia la entrega de dicho sector al PAN, que se enquist\u00f3 hasta la ignominia de supurar s\u00f3lo corrupci\u00f3n, de ah\u00ed que todav\u00eda haya jueces y magistrados injustos e ilegales.<\/span><\/p>\n<p>&nbsp;<\/p>\n<p><img loading=\"lazy\" decoding=\"async\" class=\"aligncenter wp-image-9771 size-large\" src=\"https:\/\/politicosaldesnudo.com.mx\/wp-content\/uploads\/2022\/09\/BISAGRA2-1024x800.jpeg\" alt=\"\" width=\"800\" height=\"625\" \/><\/p>\n<p>&nbsp;<\/p>\n<p>&nbsp;<\/p>\n<p class=\"p1\"><span style=\"font-size: 18pt; color: #e42d33;\"><b>DELINCUENTE COMO CANDIDATO<\/b><\/span><\/p>\n<p class=\"p1\"><span style=\"font-size: 14pt;\">Por ejemplo, uno de los personajes que podr\u00eda nombrarse como un delincuente com\u00fan, porque el hecho de que haya tenido cargos p\u00fablicos no lo convierte en perseguido pol\u00edtico, es el ex alcalde de Huixquilucan, Estado de M\u00e9xico, Enrique Vargas del Villar, panista de origen, a quien se le se\u00f1ala por comprar inmuebles a personas muertas, golpear a mujeres, agredir polic\u00edas, atacar el Palacio Nacional de madrugada, etc.<\/span><\/p>\n<p class=\"p1\"><span style=\"font-size: 14pt;\">En estas transas muy similares a las de las cometidas por el c\u00e1rtel inmobiliario por sus correligionarios panistas en la Ciudad de M\u00e9xico, donde la c\u00fapula del partido y familiares de Felipe Calder\u00f3n est\u00e1n implicadas.<\/span><\/p>\n<p class=\"p1\"><span style=\"font-size: 14pt;\">Ante las evidencias de los negocios turbios, el preferido del l\u00edder nacional del PAN para el Estado de M\u00e9xico, Vargas del Villar, parece haber encontrado el final de su carrera pol\u00edtica y el principio de su proceso penal que, de hacerse justicia, terminar\u00e1 en la c\u00e1rcel.<\/span><\/p>\n<p class=\"p1\"><span style=\"font-size: 14pt;\">En Huixquilucan compr\u00f3 un rancho a una mujer que muri\u00f3 20 meses antes de la transacci\u00f3n inmobiliaria y en Miami Florida compr\u00f3 en enero de este a\u00f1o un departamento de lujo.<\/span><\/p>\n<p class=\"p1\"><span style=\"font-size: 14pt;\">Enrique Vargas del Villar compr\u00f3 en septiembre de 2017 un terreno en Paseo de los Ciruelos 8, a Arzaluz Guti\u00e9rrez, quien falleci\u00f3 el 25 de noviembre de 1981, de acuerdo con su acta de defunci\u00f3n 8675397.<\/span><\/p>\n<p class=\"p1\"><span style=\"font-size: 14pt;\">En ese lugar erigi\u00f3 muros de cinco metros, y construy\u00f3 un rancho con caballerizas, establo, capilla, lugar al que nombr\u00f3 \u201cRancho Vargas\u201d, en Huixquilucan<\/span><\/p>\n<p class=\"p1\"><span style=\"font-size: 14pt;\">El 17 de febrero de 2022,\u00a0Enrique Vargas del Villar vendi\u00f3 el rancho a Anuar Roberto Azar Figueroa, l\u00edder estatal del PAN en el Edomex por 12 millones de pesos.<\/span><\/p>\n<p>&nbsp;<\/p>\n<p>&nbsp;<\/p>\n<p><span style=\"font-size: 18pt; color: #e42d33;\"><em><strong>**Las columnas firmadas en este medio son responsabilidad de quienes las firman**<\/strong><\/em><\/span><\/p>\n<p>&nbsp;<\/p>\n<p>&nbsp;<\/p>\n","protected":false},"excerpt":{"rendered":"<p>Por Jos\u00e9 P\u00e1ramo Castro En el discurso los partidos que integran la alianza opositora Va por M\u00e9xico, dicen estar unidos,<\/p>\n","protected":false},"author":4,"featured_media":3569,"comment_status":"closed","ping_status":"closed","sticky":false,"template":"","format":"standard","meta":{"colormag_page_container_layout":"default_layout","colormag_page_sidebar_layout":"default_layout","_jetpack_memberships_contains_paid_content":false,"footnotes":"","jetpack_publicize_message":"","jetpack_publicize_feature_enabled":true,"jetpack_social_post_already_shared":false,"jetpack_social_options":{"image_generator_settings":{"template":"highway","default_image_id":0,"font":"","enabled":false},"version":2}},"categories":[6],"tags":[1211,74],"class_list":["post-7738","post","type-post","status-publish","format-standard","has-post-thumbnail","hentry","category-columnistas","tag-enrique-vargas-del-villar","tag-pan"],"jetpack_publicize_connections":[],"jetpack_featured_media_url":"https:\/\/noticiasveracruz.com\/wp-content\/uploads\/2022\/04\/NV-JOSE\u0301-PA\u0301RAMO.png","jetpack_sharing_enabled":true,"publishpress_future_action":{"enabled":false,"date":"2026-05-05 00:06:28","action":"change-status","newStatus":"draft","terms":[],"taxonomy":"category","extraData":[]},"publishpress_future_workflow_manual_trigger":{"enabledWorkflows":[]},"_links":{"self":[{"href":"https:\/\/noticiasveracruz.com\/index.php\/wp-json\/wp\/v2\/posts\/7738","targetHints":{"allow":["GET"]}}],"collection":[{"href":"https:\/\/noticiasveracruz.com\/index.php\/wp-json\/wp\/v2\/posts"}],"about":[{"href":"https:\/\/noticiasveracruz.com\/index.php\/wp-json\/wp\/v2\/types\/post"}],"author":[{"embeddable":true,"href":"https:\/\/noticiasveracruz.com\/index.php\/wp-json\/wp\/v2\/users\/4"}],"replies":[{"embeddable":true,"href":"https:\/\/noticiasveracruz.com\/index.php\/wp-json\/wp\/v2\/comments?post=7738"}],"version-history":[{"count":0,"href":"https:\/\/noticiasveracruz.com\/index.php\/wp-json\/wp\/v2\/posts\/7738\/revisions"}],"wp:featuredmedia":[{"embeddable":true,"href":"https:\/\/noticiasveracruz.com\/index.php\/wp-json\/wp\/v2\/media\/3569"}],"wp:attachment":[{"href":"https:\/\/noticiasveracruz.com\/index.php\/wp-json\/wp\/v2\/media?parent=7738"}],"wp:term":[{"taxonomy":"category","embeddable":true,"href":"https:\/\/noticiasveracruz.com\/index.php\/wp-json\/wp\/v2\/categories?post=7738"},{"taxonomy":"post_tag","embeddable":true,"href":"https:\/\/noticiasveracruz.com\/index.php\/wp-json\/wp\/v2\/tags?post=7738"}],"curies":[{"name":"wp","href":"https:\/\/api.w.org\/{rel}","templated":true}]}}