{"id":7732,"date":"2022-09-05T03:15:25","date_gmt":"2022-09-05T08:15:25","guid":{"rendered":"https:\/\/noticiasveracruz.com\/?p=7732"},"modified":"2022-09-05T08:04:28","modified_gmt":"2022-09-05T13:04:28","slug":"el-lado-oscuro-de-la-justicia","status":"publish","type":"post","link":"https:\/\/noticiasveracruz.com\/index.php\/2022\/09\/05\/el-lado-oscuro-de-la-justicia\/","title":{"rendered":"El lado oscuro de la justicia"},"content":{"rendered":"<p class=\"p1\">\n<p class=\"p1\"><span style=\"font-size: 18pt;\"><b>Por Ricardo Homs <\/b><\/span><\/p>\n<p class=\"p1\"><span style=\"font-size: 14pt;\">El lado m\u00e1s oscuro de nuestra justicia es que las familias de las v\u00edctimas tienen que convertirse en investigadores policiacos de tiempo completo, para acceder a la justicia.<\/span><\/p>\n<p class=\"p1\"><span style=\"font-size: 14pt;\">Si el pap\u00e1 de Debanhi Escobar no se hubiese dedicado de tiempo completo a investigar la verdad sobre el asesinato de su hija, -no s\u00f3lo por no contar con el apoyo de las autoridades de Nuevo Le\u00f3n-, sino resistiendo el acoso de ellas, y se hubiese conformado con la versi\u00f3n de las autoridades relativa a un accidente, la familia no estar\u00eda llegando a conocer la verdad.<\/span><\/p>\n<p class=\"p1\"><span style=\"font-size: 14pt;\">Por otra parte el padre de Abigail Hay, -detenida por la polic\u00eda en Salina Cruz, Oaxaca y descubierta muerta en su celda horas despu\u00e9s-, por no haber aceptado la versi\u00f3n oficial del suicidio y resistir el acoso de las autoridades municipales, logr\u00f3 rehacer la autopsia y avisa que no ceder\u00e1 hasta que se haga justicia.<\/span><\/p>\n<p class=\"p1\"><span style=\"font-size: 14pt;\">Este no es un problema nuevo, pues Isabel Miranda de Wallace debi\u00f3 invertir mucho tiempo, dinero propio y esfuerzo, para dilucidar el secuestro y asesinato de su hijo en 2005 y dar con los culpables hasta que las autoridades tomaron el caso a partir de lo investigado por Isabel.<\/span><\/p>\n<p class=\"p1\"><span style=\"font-size: 14pt;\">Que miles de mexicanos y mexicanas est\u00e9n dedicados de tiempo completo a investigar las desapariciones de hijos, c\u00f3nyuges o hermanos, nos habla de la magnitud de la crisis de seguridad p\u00fablica. Sin embargo, que las madres buscadoras hoy corran riesgo de ser asesinadas por quienes seguramente fueron los verdugos de su familiar, es inaudito.<\/span><\/p>\n<p class=\"p1\"><span style=\"font-size: 14pt;\">Mientras el presidente se vanagloria dando cifras donde asegura la disminuci\u00f3n de delitos del fuero federal, nos enteramos que este mi\u00e9rcoles pasado, -31 de agosto-, fue plagiada y asesinada en Sinaloa Rosario Rodr\u00edguez Barraza, una activista de las \u201cmadres buscadoras\u201d, grupo civil conformado por familiares de gente desaparecida. \u00bfEntonces? <\/span><\/p>\n<p class=\"p1\"><span style=\"font-size: 14pt;\">Lo m\u00e1s grave es que no es un caso aislado de asesinatos de activistas\u2026 ya son varios.<\/span><\/p>\n<p class=\"p1\"><span style=\"font-size: 14pt;\">Las intromisiones presidenciales pretendiendo influir con su criterio personal la aplicaci\u00f3n de la justicia, lo cual corresponde a un poder independiente, -seg\u00fan define nuestra Constituci\u00f3n-, como lo es el Poder Judicial, complican m\u00e1s que ayudar, pues \u00e9l no es abogado y por tanto carece de la visi\u00f3n jur\u00eddica.<\/span><\/p>\n<p class=\"p1\"><span style=\"font-size: 14pt;\">Este lunes 05 de septiembre parece ser que la Suprema Corte de Justicia de la Naci\u00f3n se manifestar\u00e1 en definitiva sobre la inconstitucionalidad de la \u201cprisi\u00f3n preventiva\u201d, aberraci\u00f3n que se sustenta en la m\u00edtica declaraci\u00f3n atribuida a Pancho Villa: \u201cm\u00e1tenlo y luego averig\u00fcen\u201d. Esto significa: \u201cprimero en prisi\u00f3n y despu\u00e9s se investiga\u201d, lo cual llevado al caso de incluir en esta directriz delitos administrativos como son los fiscales y otros m\u00e1s, sin que medie el criterio de un juez, en una poderosa arma de control pol\u00edtico para el gobierno en turno, lo cual no quiere perder el presidente L\u00f3pez Obrador.<\/span><\/p>\n<p class=\"p1\"><span style=\"font-size: 14pt;\">Entendamos que la prisi\u00f3n preventiva para un asesino serial, -como lo es un sicario-, representa una acci\u00f3n profil\u00e1ctica y precautoria para evitar m\u00e1s muertes. Sin embargo, utilizada de forma discrecional por el gobierno termina siendo una arma pol\u00edtica y hasta electoral para sacar de la jugada a un competidor.<\/span><\/p>\n<p class=\"p1\"><span style=\"font-size: 14pt;\">Preocuparse m\u00e1s por encarcelar enemigos, competidores o incluso como medio de venganza o control pol\u00edtico, y por otra parte dejar sin justicia a las verdaderas v\u00edctimas, -an\u00f3nimas e invisibles- que est\u00e1n en la sociedad, muestra el lado oscuro de la pol\u00edtica gubernamental de hoy, que igual que en los gobiernos totalitarios y dictatoriales como el de Daniel Ortega en Nicaragua, pretenden manipular la justicia para preservar el poder y el control pol\u00edtico.<\/span><\/p>\n<p class=\"p1\"><span style=\"font-size: 14pt;\">La intervenci\u00f3n presidencial en el \u00e1mbito de la justicia, -as\u00ed sea con sus opiniones, que no son las de un simple ciudadano, sino las del mexicano m\u00e1s poderoso-, solo enrarece el ya complicado panorama social y pol\u00edtico de este pa\u00eds.<\/span><\/p>\n<p>&nbsp;<\/p>\n<p class=\"p1\"><span style=\"font-size: 18pt;\"><strong>\u00bfA usted qu\u00e9 le parece?<\/strong><\/span><\/p>\n<p>&nbsp;<\/p>\n<p class=\"p1\"><span style=\"font-size: 18pt;\"><strong>Facebook:<a href=\"https:\/\/www.facebook.com\/Ricardo.Homs1\">@Ricardo.Homs1<\/a><\/strong><\/span><\/p>\n<p class=\"p1\"><span style=\"font-size: 18pt;\"><strong>Twitter:\u00a0<\/strong><a href=\"https:\/\/twitter.com\/homsricardo\"><strong>@homsricardo<\/strong><\/a><\/span><\/p>\n<p class=\"p1\"><span style=\"font-size: 18pt;\"><strong>Linkedin:\u00a0<a href=\"https:\/\/www.linkedin.com\/in\/ricardo-homs-3920449\/?originalSubdomain=mx\">RicardoHoms<\/a><\/strong><\/span><\/p>\n<p class=\"p1\"><span style=\"font-size: 18pt;\"><a href=\"https:\/\/ricardohoms.com\/\"><strong>www.ricardohoms.com<\/strong><\/a><\/span><\/p>\n<p>&nbsp;<\/p>\n<p><span style=\"font-size: 18pt; color: #e42d33;\"><em><strong>**Las columnas firmadas en este medio son responsabilidad de quienes las firman**<\/strong><\/em><\/span><\/p>\n<p>&nbsp;<\/p>\n","protected":false},"excerpt":{"rendered":"<p>Por Ricardo Homs El lado m\u00e1s oscuro de nuestra justicia es que las familias de las v\u00edctimas tienen que convertirse<\/p>\n","protected":false},"author":4,"featured_media":3190,"comment_status":"closed","ping_status":"closed","sticky":false,"template":"","format":"standard","meta":{"colormag_page_container_layout":"default_layout","colormag_page_sidebar_layout":"default_layout","_jetpack_memberships_contains_paid_content":false,"footnotes":"","jetpack_publicize_message":"","jetpack_publicize_feature_enabled":true,"jetpack_social_post_already_shared":false,"jetpack_social_options":{"image_generator_settings":{"template":"highway","default_image_id":0,"font":"","enabled":false},"version":2}},"categories":[6],"tags":[],"class_list":["post-7732","post","type-post","status-publish","format-standard","has-post-thumbnail","hentry","category-columnistas"],"jetpack_publicize_connections":[],"jetpack_featured_media_url":"https:\/\/noticiasveracruz.com\/wp-content\/uploads\/2022\/04\/NV-RICARDO-HOMS.png","jetpack_sharing_enabled":true,"publishpress_future_action":{"enabled":false,"date":"2026-05-05 05:24:20","action":"change-status","newStatus":"draft","terms":[],"taxonomy":"category","extraData":[]},"publishpress_future_workflow_manual_trigger":{"enabledWorkflows":[]},"_links":{"self":[{"href":"https:\/\/noticiasveracruz.com\/index.php\/wp-json\/wp\/v2\/posts\/7732","targetHints":{"allow":["GET"]}}],"collection":[{"href":"https:\/\/noticiasveracruz.com\/index.php\/wp-json\/wp\/v2\/posts"}],"about":[{"href":"https:\/\/noticiasveracruz.com\/index.php\/wp-json\/wp\/v2\/types\/post"}],"author":[{"embeddable":true,"href":"https:\/\/noticiasveracruz.com\/index.php\/wp-json\/wp\/v2\/users\/4"}],"replies":[{"embeddable":true,"href":"https:\/\/noticiasveracruz.com\/index.php\/wp-json\/wp\/v2\/comments?post=7732"}],"version-history":[{"count":0,"href":"https:\/\/noticiasveracruz.com\/index.php\/wp-json\/wp\/v2\/posts\/7732\/revisions"}],"wp:featuredmedia":[{"embeddable":true,"href":"https:\/\/noticiasveracruz.com\/index.php\/wp-json\/wp\/v2\/media\/3190"}],"wp:attachment":[{"href":"https:\/\/noticiasveracruz.com\/index.php\/wp-json\/wp\/v2\/media?parent=7732"}],"wp:term":[{"taxonomy":"category","embeddable":true,"href":"https:\/\/noticiasveracruz.com\/index.php\/wp-json\/wp\/v2\/categories?post=7732"},{"taxonomy":"post_tag","embeddable":true,"href":"https:\/\/noticiasveracruz.com\/index.php\/wp-json\/wp\/v2\/tags?post=7732"}],"curies":[{"name":"wp","href":"https:\/\/api.w.org\/{rel}","templated":true}]}}