{"id":77305,"date":"2026-04-23T00:04:58","date_gmt":"2026-04-23T06:04:58","guid":{"rendered":"https:\/\/noticiasveracruz.com\/?p=77305"},"modified":"2026-04-22T23:38:53","modified_gmt":"2026-04-23T05:38:53","slug":"monreal-califica-de-positiva-la-dirigencia-de-alcalde-y-apoya-su-nuevo-encargo","status":"publish","type":"post","link":"https:\/\/noticiasveracruz.com\/index.php\/2026\/04\/23\/monreal-califica-de-positiva-la-dirigencia-de-alcalde-y-apoya-su-nuevo-encargo\/","title":{"rendered":"Monreal califica de positiva la dirigencia de Alcalde y apoya su nuevo encargo"},"content":{"rendered":"<p class=\"nota-justify\" data-start=\"107\" data-end=\"417\">El balance de la gesti\u00f3n de Luisa Mar\u00eda Alcalde en la dirigencia nacional de Morena es positivo, y su trabajo como nueva titular de la Consejer\u00eda Jur\u00eddica de la Presidencia \u201cle va a servir mucho al pa\u00eds\u201d, estim\u00f3 el coordinador del grupo parlamentario de Morena en la C\u00e1mara de Diputados, Ricardo Monreal \u00c1vila.<\/p>\n<p class=\"nota-justify\" data-start=\"419\" data-end=\"773\">\u201cEl balance para m\u00ed es positivo. (Alcalde) me parece una mujer respetable, \u00edntegra, capaz. Ya fue secretaria de Trabajo y de Gobernaci\u00f3n, y para m\u00ed es una mujer muy capaz, de las generaciones que estar\u00e1n en el escenario nacional durante muchos a\u00f1os. Es muy joven y es de los perfiles que le dan mucho al pa\u00eds en el pr\u00f3ximo futuro\u201d, recalc\u00f3 el legislador.<\/p>\n<p class=\"nota-justify\" data-start=\"775\" data-end=\"992\">En entrevista colectiva, Monreal incluso la calific\u00f3 como \u201cuna revelaci\u00f3n como dirigente nacional\u201d y consider\u00f3 que la hoy ex presidenta nacional morenista har\u00e1 un buen trabajo en sustituci\u00f3n de Esthela Dami\u00e1n Peralta.<\/p>\n<p class=\"nota-justify\" data-start=\"994\" data-end=\"1138\">\u201cAlcalde es una buena abogada y, evidentemente, le va a servir mucho al pa\u00eds, a la naci\u00f3n, a la presidenta\u201d, dijo el ex gobernador de Zacatecas.<\/p>\n<p class=\"nota-justify\" data-start=\"1140\" data-end=\"1422\">Monreal enfatiz\u00f3 que \u201ces un honor que la Presidenta de la Rep\u00fablica le ofrezca a cualquier persona un cargo cercano a su gobierno. La Consejer\u00eda Jur\u00eddica es una posici\u00f3n muy trascendente en el gobierno de la Rep\u00fablica y el simple hecho de ofrec\u00e9rselo es un alto privilegio\u201d.<\/p>\n<p class=\"nota-justify\" data-start=\"1424\" data-end=\"1617\">&#8212; \u00bfNo implica una cr\u00edtica a Alcalde el hecho de que no haya terminado su periodo, que se vaya a la mitad del mismo? \u00bfFall\u00f3 en el tema de las alianzas con el PT y el Verde? \u2013se le pregunt\u00f3.<\/p>\n<p class=\"nota-justify\" data-start=\"1619\" data-end=\"1840\">&#8212; No, no ha habido ning\u00fan acto electoral ni disputa partidista. Para m\u00ed fue una buena presidenta y no fall\u00f3. Y el que concluya antes de lo previsto su responsabilidad sucede en todas partes y en todos los partidos \u2014dijo.<\/p>\n<p class=\"nota-justify\" data-start=\"1842\" data-end=\"2253\">Con respecto a qui\u00e9n podr\u00eda asumir la dirigencia nacional de Morena, tras la salida de Alcalde, Monreal subray\u00f3 que ese aspecto \u201ctiene que decidirse en un congreso nacional, porque puede asumir como interinato o provisionalmente la secretaria general, pero es temporal. La decisi\u00f3n de nombrar a un presidente es del Congreso Nacional de Morena, pero no tengo idea. Hay muchos perfiles de hombres y mujeres\u201d.<\/p>\n<p class=\"nota-justify\" data-start=\"2255\" data-end=\"2310\">&#8212; Ayer se mencionaba a Ariadna Montiel \u2014se le record\u00f3.<\/p>\n<p class=\"nota-justify\" data-start=\"2312\" data-end=\"2593\">&#8212; Ariadna es una mujer inteligente: tiene experiencia y capacidad. Durante muchos a\u00f1os ha estado al frente de una instituci\u00f3n importante y nunca ha dejado de participar con la gente. Entonces, es una buena oportunidad, pero no sabr\u00eda. Es el Congreso el que va a decidir \u2014insisti\u00f3.<\/p>\n<p class=\"nota-justify\" data-start=\"2595\" data-end=\"2691\">&#8212; La secretaria Montiel ha tenido problemas con los diputados de Morena, \u00bfeso ya est\u00e1 superado?<\/p>\n<p class=\"nota-justify\" data-start=\"2693\" data-end=\"2756\">&#8212; Ya est\u00e1 superado. Con Ariadna solo hay amor y paz \u2014concluy\u00f3.<\/p>\n","protected":false},"excerpt":{"rendered":"<p>El balance de la gesti\u00f3n de Luisa Mar\u00eda Alcalde en la dirigencia nacional de Morena es positivo, y su trabajo<\/p>\n","protected":false},"author":4,"featured_media":77306,"comment_status":"closed","ping_status":"closed","sticky":false,"template":"","format":"standard","meta":{"colormag_page_container_layout":"default_layout","colormag_page_sidebar_layout":"default_layout","_jetpack_memberships_contains_paid_content":false,"footnotes":"","jetpack_publicize_message":"","jetpack_publicize_feature_enabled":true,"jetpack_social_post_already_shared":true,"jetpack_social_options":{"image_generator_settings":{"template":"highway","default_image_id":0,"font":"","enabled":false},"version":2}},"categories":[4],"tags":[],"class_list":["post-77305","post","type-post","status-publish","format-standard","has-post-thumbnail","hentry","category-nacional"],"jetpack_publicize_connections":[],"jetpack_featured_media_url":"https:\/\/noticiasveracruz.com\/wp-content\/uploads\/2026\/04\/PTO.webp","jetpack_sharing_enabled":true,"publishpress_future_action":{"enabled":false,"date":"2026-05-02 02:36:45","action":"change-status","newStatus":"draft","terms":[],"taxonomy":"category","extraData":[]},"publishpress_future_workflow_manual_trigger":{"enabledWorkflows":[]},"_links":{"self":[{"href":"https:\/\/noticiasveracruz.com\/index.php\/wp-json\/wp\/v2\/posts\/77305","targetHints":{"allow":["GET"]}}],"collection":[{"href":"https:\/\/noticiasveracruz.com\/index.php\/wp-json\/wp\/v2\/posts"}],"about":[{"href":"https:\/\/noticiasveracruz.com\/index.php\/wp-json\/wp\/v2\/types\/post"}],"author":[{"embeddable":true,"href":"https:\/\/noticiasveracruz.com\/index.php\/wp-json\/wp\/v2\/users\/4"}],"replies":[{"embeddable":true,"href":"https:\/\/noticiasveracruz.com\/index.php\/wp-json\/wp\/v2\/comments?post=77305"}],"version-history":[{"count":1,"href":"https:\/\/noticiasveracruz.com\/index.php\/wp-json\/wp\/v2\/posts\/77305\/revisions"}],"predecessor-version":[{"id":77307,"href":"https:\/\/noticiasveracruz.com\/index.php\/wp-json\/wp\/v2\/posts\/77305\/revisions\/77307"}],"wp:featuredmedia":[{"embeddable":true,"href":"https:\/\/noticiasveracruz.com\/index.php\/wp-json\/wp\/v2\/media\/77306"}],"wp:attachment":[{"href":"https:\/\/noticiasveracruz.com\/index.php\/wp-json\/wp\/v2\/media?parent=77305"}],"wp:term":[{"taxonomy":"category","embeddable":true,"href":"https:\/\/noticiasveracruz.com\/index.php\/wp-json\/wp\/v2\/categories?post=77305"},{"taxonomy":"post_tag","embeddable":true,"href":"https:\/\/noticiasveracruz.com\/index.php\/wp-json\/wp\/v2\/tags?post=77305"}],"curies":[{"name":"wp","href":"https:\/\/api.w.org\/{rel}","templated":true}]}}