{"id":77302,"date":"2026-04-23T00:03:43","date_gmt":"2026-04-23T06:03:43","guid":{"rendered":"https:\/\/noticiasveracruz.com\/?p=77302"},"modified":"2026-04-22T23:37:18","modified_gmt":"2026-04-23T05:37:18","slug":"se-acuerdan-vias-de-colaboracion-con-onu-en-dh-tras-reunion-con-volker-turk-sheinbaum","status":"publish","type":"post","link":"https:\/\/noticiasveracruz.com\/index.php\/2026\/04\/23\/se-acuerdan-vias-de-colaboracion-con-onu-en-dh-tras-reunion-con-volker-turk-sheinbaum\/","title":{"rendered":"Se acuerdan v\u00edas de colaboraci\u00f3n con ONU en DH tras reuni\u00f3n con Volker T\u00fcrk: Sheinbaum"},"content":{"rendered":"<p class=\"nota-justify\">La presidenta Claudia Sheinbaum Pardo se\u00f1al\u00f3 que, en la visita que esta ma\u00f1ana le hizo el Alto Comisionado de las Naciones Unidas para los Derechos Humanos, Volker T\u00fcrk, acordaron v\u00edas de colaboraci\u00f3n entre su gobierno y esa agencia internacional.<\/p>\n<p class=\"nota-justify\" data-start=\"361\" data-end=\"628\">En un mensaje en su cuenta de la plataforma X \u2014que public\u00f3 siete horas despu\u00e9s de que el representante internacional se retirara de Palacio Nacional\u2014, la mandataria asever\u00f3 que \u201cel respeto y promoci\u00f3n de los derechos humanos en nuestro pa\u00eds es un objetivo com\u00fan\u201d.<\/p>\n<p class=\"nota-justify\" data-start=\"630\" data-end=\"852\">Acompa\u00f1\u00f3 su publicaci\u00f3n con dos fotograf\u00edas: la primera, en uno de los despachos del recinto hist\u00f3rico, \u00a0y la segunda, de ambos de pie frente al mural \u201cEpopeya del pueblo mexicano\u201d<strong data-start=\"821\" data-end=\"826\">,<\/strong>\u00a0del pintor Diego Rivera.<\/p>\n<p class=\"nota-justify\" data-start=\"854\" data-end=\"1295\">\u201cRecib\u00ed a Volker T\u00fcrk, Alto Comisionado de las Naciones Unidas para los Derechos Humanos; Matthias Behnke, director regional para las Am\u00e9ricas de la Oficina del Alto Comisionado; Humberto Henderson, representante en M\u00e9xico de la Oficina del Alto Comisionado; y a Allegra Baiocchi, coordinadora residente de la ONU en M\u00e9xico. Tuvimos una muy buena conversaci\u00f3n y acordamos v\u00edas de colaboraci\u00f3n\u201d, apunt\u00f3 en sus redes la jefa del Ejecutivo.<\/p>\n<p data-start=\"854\" data-end=\"1295\">\n","protected":false},"excerpt":{"rendered":"<p>La presidenta Claudia Sheinbaum Pardo se\u00f1al\u00f3 que, en la visita que esta ma\u00f1ana le hizo el Alto Comisionado de las<\/p>\n","protected":false},"author":4,"featured_media":77303,"comment_status":"closed","ping_status":"closed","sticky":false,"template":"","format":"standard","meta":{"colormag_page_container_layout":"default_layout","colormag_page_sidebar_layout":"default_layout","_jetpack_memberships_contains_paid_content":false,"footnotes":"","jetpack_publicize_message":"","jetpack_publicize_feature_enabled":true,"jetpack_social_post_already_shared":true,"jetpack_social_options":{"image_generator_settings":{"template":"highway","default_image_id":0,"font":"","enabled":false},"version":2}},"categories":[4],"tags":[],"class_list":["post-77302","post","type-post","status-publish","format-standard","has-post-thumbnail","hentry","category-nacional"],"jetpack_publicize_connections":[],"jetpack_featured_media_url":"https:\/\/noticiasveracruz.com\/wp-content\/uploads\/2026\/04\/CANO.webp","jetpack_sharing_enabled":true,"publishpress_future_action":{"enabled":false,"date":"2026-05-02 02:43:53","action":"change-status","newStatus":"draft","terms":[],"taxonomy":"category","extraData":[]},"publishpress_future_workflow_manual_trigger":{"enabledWorkflows":[]},"_links":{"self":[{"href":"https:\/\/noticiasveracruz.com\/index.php\/wp-json\/wp\/v2\/posts\/77302","targetHints":{"allow":["GET"]}}],"collection":[{"href":"https:\/\/noticiasveracruz.com\/index.php\/wp-json\/wp\/v2\/posts"}],"about":[{"href":"https:\/\/noticiasveracruz.com\/index.php\/wp-json\/wp\/v2\/types\/post"}],"author":[{"embeddable":true,"href":"https:\/\/noticiasveracruz.com\/index.php\/wp-json\/wp\/v2\/users\/4"}],"replies":[{"embeddable":true,"href":"https:\/\/noticiasveracruz.com\/index.php\/wp-json\/wp\/v2\/comments?post=77302"}],"version-history":[{"count":1,"href":"https:\/\/noticiasveracruz.com\/index.php\/wp-json\/wp\/v2\/posts\/77302\/revisions"}],"predecessor-version":[{"id":77304,"href":"https:\/\/noticiasveracruz.com\/index.php\/wp-json\/wp\/v2\/posts\/77302\/revisions\/77304"}],"wp:featuredmedia":[{"embeddable":true,"href":"https:\/\/noticiasveracruz.com\/index.php\/wp-json\/wp\/v2\/media\/77303"}],"wp:attachment":[{"href":"https:\/\/noticiasveracruz.com\/index.php\/wp-json\/wp\/v2\/media?parent=77302"}],"wp:term":[{"taxonomy":"category","embeddable":true,"href":"https:\/\/noticiasveracruz.com\/index.php\/wp-json\/wp\/v2\/categories?post=77302"},{"taxonomy":"post_tag","embeddable":true,"href":"https:\/\/noticiasveracruz.com\/index.php\/wp-json\/wp\/v2\/tags?post=77302"}],"curies":[{"name":"wp","href":"https:\/\/api.w.org\/{rel}","templated":true}]}}