{"id":7730,"date":"2022-09-05T03:00:58","date_gmt":"2022-09-05T08:00:58","guid":{"rendered":"https:\/\/noticiasveracruz.com\/?p=7730"},"modified":"2022-09-05T08:02:17","modified_gmt":"2022-09-05T13:02:17","slug":"el-magnicidio-y-la-historia","status":"publish","type":"post","link":"https:\/\/noticiasveracruz.com\/index.php\/2022\/09\/05\/el-magnicidio-y-la-historia\/","title":{"rendered":"El magnicidio y la historia"},"content":{"rendered":"<p class=\"p1\">\n<p class=\"p1\"><span style=\"font-size: 18pt;\"><b>Por Ra\u00fal L\u00f3pez G\u00f3mez<\/b><\/span><\/p>\n<p class=\"p1\"><span style=\"font-size: 14pt;\">Desde la Escuela Fratelli Tutti,<span class=\"Apple-converted-space\">\u00a0 <\/span>se hace una pregunta \u00bfD\u00f3nde est\u00e1 tu hermano?<\/span><\/p>\n<p class=\"p1\"><span style=\"font-size: 14pt;\">\u201cEl magnicidio es el acto mediante el cual se asesina a alguien que ocupa un lugar de liderazgo en la sociedad, ya sean l\u00edderes pol\u00edticos o personalidades muy influyentes\u201d.<\/span><\/p>\n<p class=\"p1\"><span style=\"font-size: 14pt;\">Se reflexiona: \u201ccualquier atentado contra la vida humana es intolerante y aberrante, pero en particular, en este tipo de sucesos sus efectos son colectivos y donde la comunidad en general siente un alto nivel de desprotecci\u00f3n, desamparo y dolor\u201d.<\/span><\/p>\n<p class=\"p1\"><span style=\"font-size: 14pt;\">A lo largo de la historia y de los \u00faltimos 100 a\u00f1os, el magnicidio ha sido utilizado como parte de siniestros planes para derrocar y desestabilizar gobiernos.<\/span><\/p>\n<p class=\"p1\"><span style=\"font-size: 14pt;\">M\u00e1s all\u00e1 de las posiciones pol\u00edticas o ideol\u00f3gicas, de las culturas y las creencias religiosas, de las etnias y del g\u00e9nero, estamos llamados a detener esta tragedia. <\/span><\/p>\n<p class=\"p1\"><span style=\"font-size: 14pt;\">El 28 de junio de 1914 el nacionalista serbobosnio Gavrilo Princip, de 19 a\u00f1os, dispar\u00f3 mortalmente al archiduque Francisco Fernando, heredero de la corona del Imperio Austroh\u00fangaro y a su esposa, la condesa Sof\u00eda Chotgek en Sarajevo. <\/span><\/p>\n<p class=\"p1\"><span style=\"font-size: 14pt;\">Despu\u00e9s de este hecho, Austria invadi\u00f3 Serbia tras acusarla de instigar al magnicidio. <\/span><\/p>\n<p class=\"p1\"><span style=\"font-size: 14pt;\">Este hecho desencaden\u00f3 la Primera Guerra Mundial que cuatro a\u00f1os m\u00e1s tarde se habr\u00eda cobrado 10 millones de vidas.<\/span><\/p>\n<p class=\"p1\"><span style=\"font-size: 14pt;\">En 1933 el presidente Franklin D. Roosevelt, propulsor del Plan del New Deal, sobrevive a un atentado a balazos ejecutado en Miami por un sicario de la mafia.<\/span><\/p>\n<p class=\"p1\"><span style=\"font-size: 14pt;\">En 1948, a menos de un a\u00f1o de haber logrado la independencia, es asesinado a balazos Mahatma Gandhi en una de sus habituales audiencias p\u00fablicas en su residencia de Nueva Delhi.<\/span><\/p>\n<p class=\"p1\"><span style=\"font-size: 14pt;\">En 1950 el presidente Harry Truman escapa ileso de un atentado en Blair House.<\/span><\/p>\n<p class=\"p1\"><span style=\"font-size: 14pt;\">El 17 de enero de 1961, despu\u00e9s de varios d\u00edas de torturas, el primer ministro de la Rep\u00fablica Democr\u00e1tica del Congo, Patrice Lumumba, fue fusilado por \u00f3rdenes de Washington y Bruselas.<\/span><\/p>\n<p class=\"p1\"><span style=\"font-size: 14pt;\">Lumumba hab\u00eda pedido ayuda a las Naciones Unidas que declararon el problema como un \u201cconflicto interno\u201d, y al acudir a la URSS fue ejecutado y sus restos fueron disueltos en \u00e1cido para que no tuviese un lugar de culto.<\/span><\/p>\n<p class=\"p1\"><span style=\"font-size: 14pt;\">En una ma\u00f1ana soleada, el 22 de noviembre de 1963, John F. Kennedy y su esposa Jackie, visitaban la ciudad de Dallas.A<\/span><\/p>\n<p class=\"p1\"><span style=\"font-size: 14pt;\">A las 12:30 tres disparos impactaron sobre el presidente de los Estados Unidos, quit\u00e1ndole la vida. (Un presidente cat\u00f3lico que dej\u00f3 profunda huella en la b\u00fasqueda de la paz con la Crisis de los Misiles)<\/span><\/p>\n<p class=\"p1\"><span style=\"font-size: 14pt;\">En 1965 en Manhattan, NY es asesinado el l\u00edder de color Malcom X, figura emblem\u00e1tica de la causa en contra de la discriminaci\u00f3n, cuando sub\u00eda a la tribuna de la Sala Audubon en Harlem.<\/span><\/p>\n<p class=\"p1\"><span style=\"font-size: 14pt;\">El 6 de septiembre de 1966, Hendrik Werwoerd, primer ministro de la Rep\u00fablica de Sud\u00e1frica y uno de los promotores del Apartheid, fue apu\u00f1alado cuatro veces.<\/span><\/p>\n<p class=\"p1\"><span style=\"font-size: 14pt;\">Su gobierno hab\u00eda sido el responsable de la ilegalizaci\u00f3n del Congreso Nacional Africano y de la sentencia de cadena perpetua a Nelson Mandela en 1964.<\/span><\/p>\n<p class=\"p1\"><span style=\"font-size: 14pt;\">En 1967, el l\u00edder comunista que lider\u00f3, junto a Fidel Castro, la Revoluci\u00f3n Cubana; Ernesto Che Guevara es capturado y fusilado en Bolivia.<\/span><\/p>\n<p class=\"p1\"><span style=\"font-size: 14pt;\">En Memphis, El 4 de abril de 1968, el Dirigente del movimiento contra la discriminaci\u00f3n racial, Martin Luther King es asesinado a balazos mientras preparaba una marcha hacia Washington.<\/span><\/p>\n<p class=\"p1\"><span style=\"font-size: 14pt;\">En 1970, el Gral. Rene Schneider es asesinado por un comando derechista.<\/span><\/p>\n<p class=\"p1\"><span style=\"font-size: 14pt;\">Tres a\u00f1os m\u00e1s tarde, con los socialistas en el poder, el 11 de septiembre de 1973 el presidente de Chile, Salvador Allende se quitar\u00eda la vida resistiendo el golpe de Estado organizado por el general Pinochet. <\/span><\/p>\n<p class=\"p1\"><span style=\"font-size: 14pt;\">El 26 de octubre de 1979, Park Chung-hee fue asesinado por el director de la Agencia Central de Inteligencia Coreana, durante una cena privada en instalaciones del Gobierno.<\/span><\/p>\n<p class=\"p1\"><span style=\"font-size: 14pt;\">En marzo de 1981, el presidente de Estados Unidos Ronald Reagan sobrevivi\u00f3 a un intento de asesinato en el que, sorpresivamente, le dispararon 6 balazos cuando sub\u00eda a su autom\u00f3vil.<\/span><\/p>\n<p class=\"p1\"><span style=\"font-size: 14pt;\">Ese mismo a\u00f1o en Egipto, el 6 de octubre de 1981 el presidente Anwar Sadat fue asesinado por un grupo de 6 soldados en El Cairo durante un desfile militar con motivo del aniversario de la guerra de 1973 entre Egipto e Israel.<\/span><\/p>\n<p class=\"p1\"><span style=\"font-size: 14pt;\">En 1978 hab\u00eda firmado la paz junto al primer ministro israel\u00ed Menachem Begin, donde Israel devolvi\u00f3 a Egipto el Sina\u00ed y, a cambio, Egipto fue el primer pa\u00eds \u00e1rabe en reconocer la existencia de su Estado.<\/span><\/p>\n<p class=\"p1\"><span style=\"font-size: 14pt;\">En la ma\u00f1ana del 31 de octubre de 1984, la primera ministra de la India, Indira Gandhi fue asesinada por miembros de su guardia personal de palacio. Hija de Jawaharlal Nehru, que junto con Mahatma Gandhi lucharon por la emancipaci\u00f3n de India del colonialismo brit\u00e1nico, fue la primera mujer en tomar las riendas de su pa\u00eds, y hasta la fecha, la \u00fanica en lograrlo.<\/span><\/p>\n<p class=\"p1\"><span style=\"font-size: 14pt;\">El l\u00edder y fundador del hoy partido pol\u00edtico Nuevo Liberalismo en Colombia, Luis Garlos Gal\u00e1n Sarmiento, fue asesinado el 18 de agosto de 1989 mientras daba un discurso en el municipio de Soacha, en Cundinamarca<\/span><\/p>\n<p class=\"p1\"><span style=\"font-size: 14pt;\">En 1992 en Argelia, es asesinado el presidente Mohammed Boudiaf mientras que el integrismo isl\u00e1mico comenzaba a ejecutar sistem\u00e1ticas acciones terroristas.<\/span><\/p>\n<p class=\"p1\"><span style=\"font-size: 14pt;\">En 1995, Yitzhar Rabin, primer ministro de Israel es asesinado en Tel Aviv por un estudiante extremista ultranacionalista al retirarse de un acto p\u00fablico por la paz. <\/span><\/p>\n<p class=\"p1\"><span style=\"font-size: 14pt;\">En 1993 se llevaron a cabo los Acuerdos de Oslo, Rabin estrech\u00f3 la mano con Arafat, en un hecho hist\u00f3rico, que supon\u00eda el fin a una lucha de d\u00e9cadas.<\/span><\/p>\n<p class=\"p1\"><span style=\"font-size: 14pt;\">El 23 de marzo de 1994, asesinaron al candidato presidencial de M\u00e9xico, Luis Donaldo Colosio.<\/span><\/p>\n<p class=\"p1\"><span style=\"font-size: 14pt;\">El 16 de enero de 2001 el presidente de Congo, Laurent Kabila es mortalmente herido a balazos en medio de una reuni\u00f3n de gobierno por uno de sus guardaespaldas.<\/span><\/p>\n<p class=\"p1\"><span style=\"font-size: 14pt;\">En Nepal, el 1 de junio de 2001 el rey Birendra, la reina Aiswarya, el pr\u00edncipe Mijaran y varios miembros m\u00e1s de la familia real fueron asesinados en dependencias del palacio real en Katmand\u00fa por el pr\u00edncipe heredero Dipendra Bir Bikram.<\/span><\/p>\n<p class=\"p1\"><span style=\"font-size: 14pt;\">El 27 de diciembre de 2007, Benazir Bhutto, la primera mujer en gobernar Pakist\u00e1n, fue asesinada por un adolescente de 15 a\u00f1os, que luego se inmol\u00f3 detonando una bomba que se cobr\u00f3 30 vidas m\u00e1s.<\/span><\/p>\n<p class=\"p1\"><span style=\"font-size: 14pt;\">El 20 de octubre de 2011, Muamar al-Gadafi, el dictador que estuvo 42 a\u00f1os en el poder de Libia, fue asesinado tras la Primavera \u00c1rabe en Sirte, donde cay\u00f3 en manos de los rebeldes a quienes hab\u00eda reprimido. <\/span><\/p>\n<p class=\"p1\"><span style=\"font-size: 14pt;\">El 4 de agosto de 2018, en la avenida Bol\u00edvar de Caracas, detonaron cargas explosivas para atentar contra la vida de Nicol\u00e1s Maduro, hablaba durante un acto p\u00fablico.<\/span><\/p>\n<p class=\"p1\"><span style=\"font-size: 14pt;\">El 7 de julio de 2021 Jovenel Mo\u00efse, presidente de Hait\u00ed, fue asesinado a tiros en su propia casa por un grupo comando de alrededor de 30 personas con la orden de matar a todos los que estuvieran en el lugar. Todav\u00eda es una inc\u00f3gnita qui\u00e9n fue el autor intelectual del magnicidio.<\/span><\/p>\n<p class=\"p1\"><span style=\"font-size: 14pt;\">El viernes 8 de julio de 2022, el exprimer ministro japon\u00e9s Shinzo Abe, muri\u00f3 tras recibir un disparo cuando pronunciaba un discurso de campa\u00f1a en la ciudad de Nara.<\/span><\/p>\n<p class=\"p1\"><span style=\"font-size: 14pt;\">El 1 de septiembre de 2022, la vicepresidenta de la Rep\u00fablica Argentina, Cristina Fern\u00e1ndez de Kirchner, fue v\u00edctima de un intento de magnicidio cuando un hombre quiso disparar un arma en su cabeza mientras saludaba a la militancia en la puerta de su casa.<\/span><\/p>\n<p class=\"p1\"><span style=\"font-size: 14pt;\">Tomar distancia de los que meten fusiles en la pol\u00edtica. <\/span><\/p>\n<p class=\"p1\"><span style=\"font-size: 14pt;\">La convocatoria a proteger los derechos humanos y poner la pol\u00edtica al servicio de la dignidad del ser humano.<\/span><\/p>\n<p class=\"p1\"><span style=\"font-size: 14pt;\">A escuchar el conocimiento de las comunidades y sus sufrimientos. A aceptar las responsabilidades \u00e9ticas y pol\u00edticas ante el da\u00f1o brutal causado y a hacerlo con la sinceridad del coraz\u00f3n, y a re-imaginar una pol\u00edtica que deje de ser parte del problema y pase a ser parte de la soluci\u00f3n. <\/span><\/p>\n<p class=\"p1\"><span style=\"font-size: 14pt;\">El Llamado es a liberar nuestro mundo de las trampas del temor, las iras, las estigmatizaciones y las desconfianzas. <\/span><\/p>\n<p class=\"p1\"><span style=\"font-size: 14pt;\">A asumir juntos, la responsabilidad de los cambios sociales e institucionales que nuestro planeta nos pide a gritos. As\u00ed las cosas.<\/span><\/p>\n<p>&nbsp;<\/p>\n<p>&nbsp;<\/p>\n<p><span style=\"font-size: 18pt; color: #e42d33;\"><em><strong>**Las columnas firmadas en este medio son responsabilidad de quienes las firman**<\/strong><\/em><\/span><\/p>\n<p>&nbsp;<\/p>\n<p>&nbsp;<\/p>\n<p>&nbsp;<\/p>\n<p>&nbsp;<\/p>\n","protected":false},"excerpt":{"rendered":"<p>Por Ra\u00fal L\u00f3pez G\u00f3mez Desde la Escuela Fratelli Tutti,\u00a0 se hace una pregunta \u00bfD\u00f3nde est\u00e1 tu hermano? \u201cEl magnicidio es<\/p>\n","protected":false},"author":4,"featured_media":3560,"comment_status":"closed","ping_status":"closed","sticky":false,"template":"","format":"standard","meta":{"colormag_page_container_layout":"default_layout","colormag_page_sidebar_layout":"default_layout","_jetpack_memberships_contains_paid_content":false,"footnotes":"","jetpack_publicize_message":"","jetpack_publicize_feature_enabled":true,"jetpack_social_post_already_shared":false,"jetpack_social_options":{"image_generator_settings":{"template":"highway","default_image_id":0,"font":"","enabled":false},"version":2}},"categories":[6],"tags":[],"class_list":["post-7730","post","type-post","status-publish","format-standard","has-post-thumbnail","hentry","category-columnistas"],"jetpack_publicize_connections":[],"jetpack_featured_media_url":"https:\/\/noticiasveracruz.com\/wp-content\/uploads\/2022\/04\/NV-RAU\u0301L-LO\u0301PEZ.png","jetpack_sharing_enabled":true,"publishpress_future_action":{"enabled":false,"date":"2026-05-05 06:24:00","action":"change-status","newStatus":"draft","terms":[],"taxonomy":"category","extraData":[]},"publishpress_future_workflow_manual_trigger":{"enabledWorkflows":[]},"_links":{"self":[{"href":"https:\/\/noticiasveracruz.com\/index.php\/wp-json\/wp\/v2\/posts\/7730","targetHints":{"allow":["GET"]}}],"collection":[{"href":"https:\/\/noticiasveracruz.com\/index.php\/wp-json\/wp\/v2\/posts"}],"about":[{"href":"https:\/\/noticiasveracruz.com\/index.php\/wp-json\/wp\/v2\/types\/post"}],"author":[{"embeddable":true,"href":"https:\/\/noticiasveracruz.com\/index.php\/wp-json\/wp\/v2\/users\/4"}],"replies":[{"embeddable":true,"href":"https:\/\/noticiasveracruz.com\/index.php\/wp-json\/wp\/v2\/comments?post=7730"}],"version-history":[{"count":0,"href":"https:\/\/noticiasveracruz.com\/index.php\/wp-json\/wp\/v2\/posts\/7730\/revisions"}],"wp:featuredmedia":[{"embeddable":true,"href":"https:\/\/noticiasveracruz.com\/index.php\/wp-json\/wp\/v2\/media\/3560"}],"wp:attachment":[{"href":"https:\/\/noticiasveracruz.com\/index.php\/wp-json\/wp\/v2\/media?parent=7730"}],"wp:term":[{"taxonomy":"category","embeddable":true,"href":"https:\/\/noticiasveracruz.com\/index.php\/wp-json\/wp\/v2\/categories?post=7730"},{"taxonomy":"post_tag","embeddable":true,"href":"https:\/\/noticiasveracruz.com\/index.php\/wp-json\/wp\/v2\/tags?post=7730"}],"curies":[{"name":"wp","href":"https:\/\/api.w.org\/{rel}","templated":true}]}}