{"id":77048,"date":"2026-04-07T23:43:52","date_gmt":"2026-04-08T05:43:52","guid":{"rendered":"https:\/\/noticiasveracruz.com\/?p=77048"},"modified":"2026-04-15T19:46:20","modified_gmt":"2026-04-16T01:46:20","slug":"la-guillotina-legislativa-y-el-ocaso-de-las-pensiones-millonarias","status":"publish","type":"post","link":"https:\/\/noticiasveracruz.com\/index.php\/2026\/04\/07\/la-guillotina-legislativa-y-el-ocaso-de-las-pensiones-millonarias\/","title":{"rendered":"La guillotina legislativa y el ocaso de las pensiones millonarias"},"content":{"rendered":"<div dir=\"auto\">El Congreso de Veracruz, siguiendo la l\u00ednea nacional marcada por la presidenta Claudia Sheinbaum, ha aprobado una reforma constitucional para poner fin a los excesos en las jubilaciones del sector p\u00fablico. Esta reforma al art\u00edculo 127 establece l\u00edmites claros: ninguna pensi\u00f3n podr\u00e1 superar el 50 por ciento del salario presidencial, lo que fija un tope de aproximadamente 67,000 a 70,000 pesos mensuales.<\/div>\n<div dir=\"auto\">Esta medida impactar\u00e1 directamente a m\u00e1s de 42,000 jubilados de instituciones como PEMEX, CFE y universidades p\u00fablicas que actualmente gozan de privilegios desproporcionados. La pregunta obligada es: \u00bfc\u00f3mo afectar\u00e1 esto a las pretensiones del Rector de la UV? La reforma incluye criterios de retroactividad bajo el principio de que los pagos excesivos provocan da\u00f1os al erario p\u00fablico. Esto significa que, a pesar de las maniobras para asegurar una jubilaci\u00f3n dorada antes de la implementaci\u00f3n total de la ley, el marco jur\u00eddico actual ofrece herramientas para revisar y ajustar estos montos a la nueva realidad de austeridad.<\/div>\n<div dir=\"auto\">La resistencia de las \u00abestructuras de privilegio\u00bb ha sido notable. Legisladores de oposici\u00f3n han expresado su preocupaci\u00f3n por la \u00abincertidumbre jur\u00eddica\u00bb y los posibles conflictos constitucionales, pero la exigencia ciudadana de mayor equidad ha prevalecido. El ahorro estimado de 5,000 millones de pesos a nivel nacional por la eliminaci\u00f3n de estas pensiones es una cifra que no se puede ignorar en un pa\u00eds con tantas deudas sociales.<\/div>\n<div dir=\"auto\">En Veracruz, la implementaci\u00f3n de esta reforma ser\u00e1 la verdadera prueba de fuego para la administraci\u00f3n de Roc\u00edo Nahle y para la autonom\u00eda de la UV. Si la universidad insiste en mantener sus esquemas de pensiones por encima de la ley estatal y federal, estar\u00e1 enviando un mensaje de rebeld\u00eda no contra el poder, sino contra la justicia contributiva. La autonom\u00eda es para la libertad de c\u00e1tedra y la investigaci\u00f3n, no para la creaci\u00f3n de para\u00edsos financieros para sus directivos.<\/div>\n<div dir=\"auto\"><img loading=\"lazy\" decoding=\"async\" class=\"alignnone wp-image-77049 size-full\" src=\"http:\/\/noticiasveracruz.com\/wp-content\/uploads\/2026\/04\/FIRMA-EDITORIAL-PD-3.jpg\" alt=\"\" width=\"1024\" height=\"125\" srcset=\"https:\/\/noticiasveracruz.com\/wp-content\/uploads\/2026\/04\/FIRMA-EDITORIAL-PD-3.jpg 1024w, https:\/\/noticiasveracruz.com\/wp-content\/uploads\/2026\/04\/FIRMA-EDITORIAL-PD-3-300x37.jpg 300w, https:\/\/noticiasveracruz.com\/wp-content\/uploads\/2026\/04\/FIRMA-EDITORIAL-PD-3-768x94.jpg 768w\" sizes=\"auto, (max-width: 1024px) 100vw, 1024px\" \/><\/div>\n","protected":false},"excerpt":{"rendered":"<p>El Congreso de Veracruz, siguiendo la l\u00ednea nacional marcada por la presidenta Claudia Sheinbaum, ha aprobado una reforma constitucional para<\/p>\n","protected":false},"author":4,"featured_media":76187,"comment_status":"closed","ping_status":"closed","sticky":false,"template":"","format":"standard","meta":{"colormag_page_container_layout":"default_layout","colormag_page_sidebar_layout":"default_layout","_jetpack_memberships_contains_paid_content":false,"footnotes":"","jetpack_publicize_message":"","jetpack_publicize_feature_enabled":true,"jetpack_social_post_already_shared":true,"jetpack_social_options":{"image_generator_settings":{"template":"highway","default_image_id":0,"font":"","enabled":false},"version":2}},"categories":[6],"tags":[],"class_list":["post-77048","post","type-post","status-publish","format-standard","has-post-thumbnail","hentry","category-columnistas"],"jetpack_publicize_connections":[],"jetpack_featured_media_url":"https:\/\/noticiasveracruz.com\/wp-content\/uploads\/2026\/03\/BANNER-cristiani-NV.jpg","jetpack_sharing_enabled":true,"publishpress_future_action":{"enabled":false,"date":"2026-05-06 09:17:25","action":"change-status","newStatus":"draft","terms":[],"taxonomy":"category","extraData":[]},"publishpress_future_workflow_manual_trigger":{"enabledWorkflows":[]},"_links":{"self":[{"href":"https:\/\/noticiasveracruz.com\/index.php\/wp-json\/wp\/v2\/posts\/77048","targetHints":{"allow":["GET"]}}],"collection":[{"href":"https:\/\/noticiasveracruz.com\/index.php\/wp-json\/wp\/v2\/posts"}],"about":[{"href":"https:\/\/noticiasveracruz.com\/index.php\/wp-json\/wp\/v2\/types\/post"}],"author":[{"embeddable":true,"href":"https:\/\/noticiasveracruz.com\/index.php\/wp-json\/wp\/v2\/users\/4"}],"replies":[{"embeddable":true,"href":"https:\/\/noticiasveracruz.com\/index.php\/wp-json\/wp\/v2\/comments?post=77048"}],"version-history":[{"count":0,"href":"https:\/\/noticiasveracruz.com\/index.php\/wp-json\/wp\/v2\/posts\/77048\/revisions"}],"wp:featuredmedia":[{"embeddable":true,"href":"https:\/\/noticiasveracruz.com\/index.php\/wp-json\/wp\/v2\/media\/76187"}],"wp:attachment":[{"href":"https:\/\/noticiasveracruz.com\/index.php\/wp-json\/wp\/v2\/media?parent=77048"}],"wp:term":[{"taxonomy":"category","embeddable":true,"href":"https:\/\/noticiasveracruz.com\/index.php\/wp-json\/wp\/v2\/categories?post=77048"},{"taxonomy":"post_tag","embeddable":true,"href":"https:\/\/noticiasveracruz.com\/index.php\/wp-json\/wp\/v2\/tags?post=77048"}],"curies":[{"name":"wp","href":"https:\/\/api.w.org\/{rel}","templated":true}]}}