{"id":7700,"date":"2022-09-05T07:33:22","date_gmt":"2022-09-05T12:33:22","guid":{"rendered":"https:\/\/noticiasveracruz.com\/?p=7700"},"modified":"2022-09-05T07:37:18","modified_gmt":"2022-09-05T12:37:18","slug":"https-politicosaldesnudo-com-mx-index-php-2022-09-05-tuxpan-el-gran-hermano-mayor-del-norte-de-veracruz","status":"publish","type":"post","link":"https:\/\/noticiasveracruz.com\/index.php\/2022\/09\/05\/https-politicosaldesnudo-com-mx-index-php-2022-09-05-tuxpan-el-gran-hermano-mayor-del-norte-de-veracruz\/","title":{"rendered":"Tuxpan: el gran hermano mayor del norte de Veracruz"},"content":{"rendered":"<p>&nbsp;<\/p>\n<p class=\"p1\"><span style=\"font-size: 18pt;\"><strong>&lt;&lt; Jos\u00e9 Manuel Pozos impulsa la integraci\u00f3n y el desarrollo de la huasteca &gt;&gt;<\/strong><\/span><\/p>\n<p class=\"p1\"><span style=\"font-size: 18pt;\"><strong>&lt;&lt; El Boom econ\u00f3mico de Tuxpan tambi\u00e9n beneficia a otros municipios &gt;&gt;<\/strong><\/span><\/p>\n<p>&nbsp;<\/p>\n<p class=\"p1\"><span style=\"font-size: 18pt;\"><strong>Por \u00c1ngel \u00c1lvaro Pe\u00f1a<\/strong><\/span><\/p>\n<p class=\"p1\"><span style=\"font-size: 18pt;\"><strong>Muy pronto estar\u00e1 en <span style=\"color: #e42d33;\">Tuxpan<\/span> el presidente <span style=\"color: #e42d33;\">Andr\u00e9s Manuel L\u00f3pez Obrador<\/span> y su presencia es la confirmaci\u00f3n que, este municipio gobernado por<span style=\"color: #e42d33;\"> Jos\u00e9 Manuel Pozos Castro, ser\u00e1 el futuro centro neur\u00e1lgico de la soberan\u00eda energ\u00e9tica de M\u00e9xico.<\/span><\/strong><\/span><\/p>\n<p class=\"p1\"><span style=\"font-size: 14pt;\">Se viene a poner en marcha la construcci\u00f3n de la nueva central de ciclo combinado, con lo que se garantizar\u00e1 el suministro energ\u00e9tico a todo el centro del pa\u00eds.<\/span><\/p>\n<p class=\"p1\"><span style=\"font-size: 18pt;\"><strong>Por otro lado, el propio Manuel Bartlett, director de CFE ha dado a conocer que desde Tuxpan se abastecer\u00e1 de gas a todo el sur y sureste del pa\u00eds, a trav\u00e9s de gasoductos marinos e interiores.<\/strong><\/span><\/p>\n<p class=\"p1\"><span style=\"font-size: 14pt;\">En una reciente visita de Ana Laura L\u00f3pez Bautista, titular de la Coordinaci\u00f3n General de Puertos y Marina Mercante, permiti\u00f3 conocer parte de los nuevos proyectos que est\u00e1n por iniciar en el puerto de Tuxpan, incluyendo el tr\u00e1fico mar\u00edtimo de cabotaje.<\/span><\/p>\n<p class=\"p1\"><span style=\"font-size: 14pt;\">Adem\u00e1s, el puerto se est\u00e1 preparando para recibir mayores vol\u00famenes de gasolinas de Houston (refiner\u00eda Deer Park), Freeport, Beaumont, Port Arthur, Texas City y Corpus Christi.<\/span><\/p>\n<p>&nbsp;<\/p>\n<p><img loading=\"lazy\" decoding=\"async\" class=\"aligncenter wp-image-9730 size-large\" src=\"https:\/\/politicosaldesnudo.com.mx\/wp-content\/uploads\/2022\/09\/P-AMLO-TUXPAN-CFE3-1024x573.png\" alt=\"\" width=\"800\" height=\"448\" \/><\/p>\n<p>&nbsp;<\/p>\n<p class=\"p1\"><span style=\"font-size: 18pt;\"><strong>Lo que muy pocos saben es que gracias a la gran relaci\u00f3n que existe con Roc\u00edo Nahle, secretaria de Energ\u00eda, Tuxpan ha enviado lo mejor de su mano de obra especializada a proyecto emblem\u00e1ticos de AMLO, como el Tren Maya y la Refiner\u00eda Olmeca. Y aqu\u00ed, amor con amor se paga.<\/strong><\/span><\/p>\n<p class=\"p1\"><strong><span style=\"font-size: 18pt;\">Les cuento estos antecedentes, porque durante la \u00faltima semana, Tuxpan registr\u00f3 una gran actividad y el alcalde Jos\u00e9 Manuel Pozos Castro, lo mismo atendi\u00f3 reuniones de agenda nacional en Boca del R\u00edo, que en el propio puerto de Tuxpan.<\/span><\/strong><\/p>\n<p class=\"p1\"><span style=\"font-size: 14pt;\">En la Ciudad de la Esperanza el Inveden reuni\u00f3 a ediles de 14 municipios para impulsar programas de fortalecimiento municipal.<\/span><\/p>\n<p class=\"p1\"><span style=\"font-size: 14pt;\">Este viernes, la Sedatu Federal, a trav\u00e9s del Registro Agrario Nacional eligi\u00f3 a Tuxpan para entregar certificados agrarios a campesinos de la zona.<\/span><\/p>\n<p class=\"p1\"><span style=\"font-size: 18pt;\"><strong>En estos momentos <span style=\"color: #e42d33;\">el municipio m\u00e1s din\u00e1mico de Veracruz<\/span> no es Minatitl\u00e1n, no es Coatzacoalcos, ni Veracruz, ni Poza Rica\u2026.<span style=\"color: #e42d33;\">es Tuxpan.<\/span> El Gigante ha despertado para bien del norte de Veracruz.<\/strong><\/span><\/p>\n<p>&nbsp;<\/p>\n<p><img loading=\"lazy\" decoding=\"async\" class=\"aligncenter wp-image-9654 size-large\" src=\"https:\/\/politicosaldesnudo.com.mx\/wp-content\/uploads\/2022\/09\/P-CONVENIO-FORTALECIMIENTO-4-1024x573.png\" alt=\"\" width=\"800\" height=\"448\" \/><\/p>\n<p>&nbsp;<\/p>\n<p class=\"p1\"><span style=\"font-size: 18pt;\"><strong>El alcalde Jos\u00e9 Manuel Pozos Castro realmente est\u00e1 en movimiento, totalmente vinculado y coordinado con el estado y la federaci\u00f3n haciendo un gran equipo que beneficia a toda la regi\u00f3n.<\/strong><\/span><\/p>\n<p class=\"p1\"><span style=\"font-size: 14pt;\">La felicitaci\u00f3n p\u00fablica del gobernador Cuitl\u00e1huac Garc\u00eda Jim\u00e9nez, a trav\u00e9s de sus redes sociales, confirma que todas las miradas est\u00e1n en Tuxpan y que las cosas se est\u00e1n haciendo muy bien.<\/span><\/p>\n<p class=\"p1\"><span style=\"font-size: 14pt;\">Este s\u00e1bado, bajo la lluvia, el presidente municipal dio muestra de lo que es ser funcionario de territorio, no de escritorio.\u00a0\u00a0<\/span><\/p>\n<p class=\"p1\"><span style=\"font-size: 14pt;\">En lugar de estar descansando como la mayor\u00eda de los presidentes municipales, Pozos encabez\u00f3 la limpieza y rehabilitaci\u00f3n de 3 escuelas, incluso le sobr\u00f3 energ\u00eda para hacerle mejoras al exterior del cuartel de Guardia Nacional.<\/span><\/p>\n<p class=\"p1\"><span style=\"font-size: 18pt; color: #e42d33;\"><strong>No hay duda, Tuxpan va camino a ser orgullo de Veracruz y de M\u00e9xico.<\/strong><\/span><\/p>\n<p>&nbsp;<\/p>\n<p>&nbsp;<\/p>\n","protected":false},"excerpt":{"rendered":"<p>&nbsp; &lt;&lt; Jos\u00e9 Manuel Pozos impulsa la integraci\u00f3n y el desarrollo de la huasteca &gt;&gt; &lt;&lt; El Boom econ\u00f3mico de<\/p>\n","protected":false},"author":4,"featured_media":7704,"comment_status":"closed","ping_status":"closed","sticky":false,"template":"","format":"standard","meta":{"colormag_page_container_layout":"default_layout","colormag_page_sidebar_layout":"default_layout","_jetpack_memberships_contains_paid_content":false,"footnotes":"","jetpack_publicize_message":"","jetpack_publicize_feature_enabled":true,"jetpack_social_post_already_shared":false,"jetpack_social_options":{"image_generator_settings":{"template":"highway","default_image_id":0,"font":"","enabled":false},"version":2}},"categories":[356],"tags":[65,701,72,73],"class_list":["post-7700","post","type-post","status-publish","format-standard","has-post-thumbnail","hentry","category-veracruz","tag-andres-manuel-lopez-obrador","tag-jose-manuel-pozos","tag-tuxpan","tag-veracruz"],"jetpack_publicize_connections":[],"jetpack_featured_media_url":"https:\/\/noticiasveracruz.com\/wp-content\/uploads\/2022\/09\/P-AMLO-TUXPAN-CFE4.png","jetpack_sharing_enabled":true,"publishpress_future_action":{"enabled":false,"date":"2026-05-04 21:39:09","action":"change-status","newStatus":"draft","terms":[],"taxonomy":"category","extraData":[]},"publishpress_future_workflow_manual_trigger":{"enabledWorkflows":[]},"_links":{"self":[{"href":"https:\/\/noticiasveracruz.com\/index.php\/wp-json\/wp\/v2\/posts\/7700","targetHints":{"allow":["GET"]}}],"collection":[{"href":"https:\/\/noticiasveracruz.com\/index.php\/wp-json\/wp\/v2\/posts"}],"about":[{"href":"https:\/\/noticiasveracruz.com\/index.php\/wp-json\/wp\/v2\/types\/post"}],"author":[{"embeddable":true,"href":"https:\/\/noticiasveracruz.com\/index.php\/wp-json\/wp\/v2\/users\/4"}],"replies":[{"embeddable":true,"href":"https:\/\/noticiasveracruz.com\/index.php\/wp-json\/wp\/v2\/comments?post=7700"}],"version-history":[{"count":0,"href":"https:\/\/noticiasveracruz.com\/index.php\/wp-json\/wp\/v2\/posts\/7700\/revisions"}],"wp:featuredmedia":[{"embeddable":true,"href":"https:\/\/noticiasveracruz.com\/index.php\/wp-json\/wp\/v2\/media\/7704"}],"wp:attachment":[{"href":"https:\/\/noticiasveracruz.com\/index.php\/wp-json\/wp\/v2\/media?parent=7700"}],"wp:term":[{"taxonomy":"category","embeddable":true,"href":"https:\/\/noticiasveracruz.com\/index.php\/wp-json\/wp\/v2\/categories?post=7700"},{"taxonomy":"post_tag","embeddable":true,"href":"https:\/\/noticiasveracruz.com\/index.php\/wp-json\/wp\/v2\/tags?post=7700"}],"curies":[{"name":"wp","href":"https:\/\/api.w.org\/{rel}","templated":true}]}}