{"id":7663,"date":"2022-09-03T07:45:49","date_gmt":"2022-09-03T12:45:49","guid":{"rendered":"https:\/\/noticiasveracruz.com\/?p=7663"},"modified":"2022-09-03T08:12:38","modified_gmt":"2022-09-03T13:12:38","slug":"sedena-pide-a-hacienda-10-mil-plazas-nuevas-para-la-guardia-nacional","status":"publish","type":"post","link":"https:\/\/noticiasveracruz.com\/index.php\/2022\/09\/03\/sedena-pide-a-hacienda-10-mil-plazas-nuevas-para-la-guardia-nacional\/","title":{"rendered":"Sedena pide a Hacienda 10 mil plazas nuevas para la Guardia Nacional"},"content":{"rendered":"<p class=\"p1\"><span style=\"font-size: 14pt;\"><strong>CIUDAD DE M\u00c9XICO.<\/strong> La <strong>Secretar\u00eda de la Defensa Nacional (<\/strong>Sedena) le pidi\u00f3 a la Secretar\u00eda de Hacienda y Cr\u00e9dito P\u00fablico contar con <strong>10 mil 45 plazas nuevas en 2022<\/strong> para la Guardia Nacional, de acuerdo con cifras del Cuarto Informe del presidente Andr\u00e9s Manuel L\u00f3pez Obrador.<\/span><\/p>\n<p class=\"p1\"><span style=\"font-size: 18pt;\"><strong>De acuerdo con el documento entregado al Congreso de la Uni\u00f3n, para la consolidaci\u00f3n de la <span style=\"color: #e42d33;\">Guardia Nacional se est\u00e1n construyendo 69 compa\u00f1\u00edas en los estados <\/span>con los registros de mayor incidencia delictiva. Adem\u00e1s, 54 compa\u00f1\u00edas est\u00e1n de integrarse para llegar a las 123 que corresponden al Plan General Integral 2022-2024.<\/strong><\/span><\/p>\n<p class=\"p1\"><span style=\"font-size: 14pt;\">La Sedena se encarga de materiales para la Guardia Nacional como sistemas de radiocomunicaci\u00f3n, drones, material de intendencia, armamento, municiones, veh\u00edculos y material para la construcci\u00f3n de los batallones que proporcionan seguridad al Aeropuerto Internacional Felipe \u00c1ngeles.<\/span><\/p>\n<p class=\"p1\"><span style=\"font-size: 14pt;\">Cabe recordar que el pasado mi\u00e9rcoles, el presidente Andr\u00e9s Manuel L\u00f3pez Obrador envi\u00f3 a la C\u00e1mara de Diputados una iniciativa para que la Guardia Nacional sea parte de la Sedena. Sostuvo el objetivo es que la Guardia Nacional se consolide, se mantenga la disciplina y no se corrompa.<\/span><\/p>\n<p class=\"p1\"><span style=\"font-size: 14pt;\">En su Cuarto Informe de Gobierno, el mandatario se\u00f1al\u00f3 que la Sedena autoriz\u00f3 que con el dinero remanente del Programa de Igualdad entre Mujeres y Hombres 2021 se establezca un proyecto para atenci\u00f3n especializada al personal militar en activo que haya sido lesionado en operaciones militares.<\/span><\/p>\n","protected":false},"excerpt":{"rendered":"<p>CIUDAD DE M\u00c9XICO. La Secretar\u00eda de la Defensa Nacional (Sedena) le pidi\u00f3 a la Secretar\u00eda de Hacienda y Cr\u00e9dito P\u00fablico<\/p>\n","protected":false},"author":4,"featured_media":7560,"comment_status":"closed","ping_status":"closed","sticky":false,"template":"","format":"standard","meta":{"colormag_page_container_layout":"default_layout","colormag_page_sidebar_layout":"default_layout","_jetpack_memberships_contains_paid_content":false,"footnotes":"","jetpack_publicize_message":"","jetpack_publicize_feature_enabled":true,"jetpack_social_post_already_shared":false,"jetpack_social_options":{"image_generator_settings":{"template":"highway","default_image_id":0,"font":"","enabled":false},"version":2}},"categories":[4],"tags":[761,31,760],"class_list":["post-7663","post","type-post","status-publish","format-standard","has-post-thumbnail","hentry","category-nacional","tag-guardia-nacional","tag-mexico","tag-sedena"],"jetpack_publicize_connections":[],"jetpack_featured_media_url":"https:\/\/noticiasveracruz.com\/wp-content\/uploads\/2022\/08\/P-GUARDIANACIONAL-MX2.png","jetpack_sharing_enabled":true,"publishpress_future_action":{"enabled":false,"date":"2026-05-07 19:28:17","action":"change-status","newStatus":"draft","terms":[],"taxonomy":"category","extraData":[]},"publishpress_future_workflow_manual_trigger":{"enabledWorkflows":[]},"_links":{"self":[{"href":"https:\/\/noticiasveracruz.com\/index.php\/wp-json\/wp\/v2\/posts\/7663","targetHints":{"allow":["GET"]}}],"collection":[{"href":"https:\/\/noticiasveracruz.com\/index.php\/wp-json\/wp\/v2\/posts"}],"about":[{"href":"https:\/\/noticiasveracruz.com\/index.php\/wp-json\/wp\/v2\/types\/post"}],"author":[{"embeddable":true,"href":"https:\/\/noticiasveracruz.com\/index.php\/wp-json\/wp\/v2\/users\/4"}],"replies":[{"embeddable":true,"href":"https:\/\/noticiasveracruz.com\/index.php\/wp-json\/wp\/v2\/comments?post=7663"}],"version-history":[{"count":0,"href":"https:\/\/noticiasveracruz.com\/index.php\/wp-json\/wp\/v2\/posts\/7663\/revisions"}],"wp:featuredmedia":[{"embeddable":true,"href":"https:\/\/noticiasveracruz.com\/index.php\/wp-json\/wp\/v2\/media\/7560"}],"wp:attachment":[{"href":"https:\/\/noticiasveracruz.com\/index.php\/wp-json\/wp\/v2\/media?parent=7663"}],"wp:term":[{"taxonomy":"category","embeddable":true,"href":"https:\/\/noticiasveracruz.com\/index.php\/wp-json\/wp\/v2\/categories?post=7663"},{"taxonomy":"post_tag","embeddable":true,"href":"https:\/\/noticiasveracruz.com\/index.php\/wp-json\/wp\/v2\/tags?post=7663"}],"curies":[{"name":"wp","href":"https:\/\/api.w.org\/{rel}","templated":true}]}}