{"id":7655,"date":"2022-09-03T08:11:23","date_gmt":"2022-09-03T13:11:23","guid":{"rendered":"https:\/\/noticiasveracruz.com\/?p=7655"},"modified":"2022-09-03T08:47:50","modified_gmt":"2022-09-03T13:47:50","slug":"para-el-gobierno-de-la-transformacion-el-campo-es-primero-jose-manuel-pozos","status":"publish","type":"post","link":"https:\/\/noticiasveracruz.com\/index.php\/2022\/09\/03\/para-el-gobierno-de-la-transformacion-el-campo-es-primero-jose-manuel-pozos\/","title":{"rendered":"Para el Gobierno de la Transformaci\u00f3n, el campo es primero: Jos\u00e9 Manuel Pozos"},"content":{"rendered":"<p>&nbsp;<\/p>\n<p class=\"p1\"><strong><span style=\"font-size: 18pt;\">&lt;&lt; Entregan certificados agrarios a campesinos de varios municipios &gt;&gt;<\/span><\/strong><\/p>\n<p class=\"p1\"><span style=\"font-size: 18pt;\"><strong>&lt;&lt; En el campo se vive una etapa de bienestar y paz &gt;&gt;<\/strong><\/span><\/p>\n<p>&nbsp;<\/p>\n<p class=\"p1\"><span style=\"font-size: 14pt;\"><em><strong>TUXPAN, VERACRUZ.<\/strong><\/em> <span style=\"color: #e42d33;\"><strong>Hoy se vive una etapa de bienestar y paz en el campo<\/strong> <\/span>gracias a las pol\u00edticas y programas de apoyo del Presidente Andr\u00e9s Manuel L\u00f3pez Obrador y del gobernador de Veracruz, Cuitl\u00e1huac Garc\u00eda Jim\u00e9nez, expres\u00f3 el alcalde Jos\u00e9 Manuel Pozos Castro.<\/span><\/p>\n<p class=\"p1\"><span style=\"font-size: 18pt;\"><strong>Dijo que Tuxpan fue testigo de la gran preocupaci\u00f3n del Gobierno de la Transformaci\u00f3n por garantizar la seguridad jur\u00eddica en la tenencia de la tierra ejidal, comunal y peque\u00f1a propiedad.<\/strong><\/span><\/p>\n<p>&nbsp;<\/p>\n<p class=\"p1\"><span style=\"font-size: 18pt;\"><strong><img loading=\"lazy\" decoding=\"async\" class=\"aligncenter wp-image-9676 size-large\" src=\"https:\/\/politicosaldesnudo.com.mx\/wp-content\/uploads\/2022\/09\/P-CERTIFICADOS-TUXPAN-3-1024x573.png\" alt=\"\" width=\"800\" height=\"448\" \/><\/strong><\/span><\/p>\n<p>&nbsp;<\/p>\n<p class=\"p1\"><span style=\"font-size: 18pt;\"><strong>Con la participaci\u00f3n del Registro Agrario Nacional y Procuradur\u00eda Agraria, <span style=\"color: #e42d33;\">Tuxpan\u00a0fue sede de la entrega de certificados agrarios a 350 campesinos <\/span>y de la recepci\u00f3n de las listas de sucesi\u00f3n o testamentos agrarios.<\/strong><\/span><\/p>\n<p>&nbsp;<\/p>\n<p><img loading=\"lazy\" decoding=\"async\" class=\"aligncenter wp-image-9678 size-large\" src=\"https:\/\/politicosaldesnudo.com.mx\/wp-content\/uploads\/2022\/09\/P-CERTIFICADOS-TUXPAN-5-1024x573.png\" alt=\"\" width=\"800\" height=\"448\" \/><\/p>\n<p>&nbsp;<\/p>\n<p class=\"p1\"><span style=\"font-size: 18pt;\"><strong>El alcalde Jos\u00e9 Manuel Pozos reconoci\u00f3 que para el Gobierno de la Transformaci\u00f3n, el campo es primero. <\/strong><\/span><\/p>\n<p class=\"p1\"><span style=\"font-size: 14pt;\">Adem\u00e1s, se est\u00e1n brindando apoyos y atendiendo a los campesinos sin intermediarios, de manera directa, por funcionarios de territorio, no de escritorio.<\/span><\/p>\n<p class=\"p1\"><span style=\"font-size: 14pt;\">En la entrega de documentos agrarios estuvieron presentes la Lic. Celina Quintero Padilla, directora general del Registro P\u00fablico de la Propiedad, en representaci\u00f3n del gobernador Cuitl\u00e1huac Garc\u00eda Jim\u00e9nez; el licenciado Rafael Garc\u00eda Simerman, Magistrado del Tribunal Agrario Distrito 32 con sede en Tuxpan; la Dra. Rosa Isela del \u00c1ngel Morales, Jefa de Residencia de la Procuradur\u00eda Agraria y el Ing. Javier Sandoval Garc\u00eda, representante del Registro Agrario Nacional (RAN) en Veracruz.<\/span><\/p>\n<p class=\"p1\"><span style=\"font-size: 14pt;\">Asimismo, las regidoras y regidores Mar\u00eda del Pilar Mart\u00ednez Matesanz, comisionada en Fomento Agropecuario; Anah\u00ed Aguilar L\u00f3pez, Juan G\u00f3mez Garc\u00eda y Axel Andr\u00e9s Bernal Herrera.<\/span><\/p>\n<p class=\"p1\"><span style=\"font-size: 18pt;\"><strong>El alcalde reconoci\u00f3 la labor de la Sedatu, de la Procuradur\u00eda Agraria, del Registro Agrario Nacional, de los Tribunales Agrarios y de todos los que contribuyen al bienestar de las familias del campo.<\/strong><\/span><\/p>\n<p>&nbsp;<\/p>\n<p><img loading=\"lazy\" decoding=\"async\" class=\"aligncenter wp-image-9674 size-large\" src=\"https:\/\/politicosaldesnudo.com.mx\/wp-content\/uploads\/2022\/09\/P-CERTIFICADOS-TUXPAN-1-1024x573.png\" alt=\"\" width=\"800\" height=\"448\" \/><\/p>\n<p>&nbsp;<\/p>\n<p class=\"p1\"><span style=\"font-size: 14pt;\">La Dra. Rosa Isela del \u00c1ngel Morales se\u00f1al\u00f3 que es un honor para la Procuradur\u00eda Agraria presenciar la entrega de estos certificados, pues han sido testigos del camino recorrido por cada uno de los beneficiarios para llegar a este momento que les da certidumbre sobre sus terrenos.<\/span><\/p>\n<p class=\"p1\"><span style=\"font-size: 14pt;\">Por su parte, el representante del RAN en Veracruz, Ing. Javier Sandoval Garc\u00eda, agradeci\u00f3 al Ayuntamiento de Tuxpan por el respaldo otorgado para realizar el evento. Adelant\u00f3 que muy pronto traer\u00e1n otro paquete de certificados a la regi\u00f3n. <\/span><\/p>\n<p class=\"p1\"><span style=\"font-size: 14pt;\">A nombre del Gobernador del Estado, la Lic. Celina Quintero Padilla celebr\u00f3 la entrega de los documentos agrarios que brindan certeza jur\u00eddica al patrimonio de las familias del campo, que es una de las prioridades de esta administraci\u00f3n.<\/span><\/p>\n<p>&nbsp;<\/p>\n<p><img loading=\"lazy\" decoding=\"async\" class=\"aligncenter wp-image-9677 size-large\" src=\"https:\/\/politicosaldesnudo.com.mx\/wp-content\/uploads\/2022\/09\/P-CERTIFICADOS-TUXPAN-4-1024x573.png\" alt=\"\" width=\"800\" height=\"448\" \/><\/p>\n<p>&nbsp;<\/p>\n<p class=\"p1\"><span style=\"font-size: 18pt;\"><strong>Asimismo, felicit\u00f3 a la delegaci\u00f3n del RAN por impulsar este gran proyecto transformador que este d\u00eda benefici\u00f3 a 350 familias de Tuxpan y municipios vecinos. <\/strong><\/span><\/p>\n<p class=\"p1\"><span style=\"font-size: 14pt;\">Para finalizar, el Magistrado Rafael Garc\u00eda Simerman destac\u00f3 la importancia de obtener este t\u00edtulo de propiedad que identifica la parcela con sus medidas y colindancias. <\/span><\/p>\n<p class=\"p1\"><span style=\"font-size: 18pt;\"><strong>Exhort\u00f3 a los nuevos ejidatarios y posesionarios a realizar una lista de sucesi\u00f3n para designar qui\u00e9n heredar\u00e1 sus parcelas, evitando dejar problemas para un futuro.<\/strong><\/span><\/p>\n<p>&nbsp;<\/p>\n<p><img loading=\"lazy\" decoding=\"async\" class=\"aligncenter wp-image-9675 size-large\" src=\"https:\/\/politicosaldesnudo.com.mx\/wp-content\/uploads\/2022\/09\/P-CERTIFICADOS-TUXPAN-2-1024x573.png\" alt=\"\" width=\"800\" height=\"448\" \/><\/p>\n<p>&nbsp;<\/p>\n<p>&nbsp;<\/p>\n<p class=\"p1\"><span style=\"font-size: 18pt; color: #e42d33;\"><strong>CAMPESINOS DEPOSITAN SUS TESTAMENTOS AGRARIOS<\/strong><\/span><\/p>\n<p class=\"p1\"><span style=\"font-size: 18pt;\"><strong>M\u00e1s tarde, se inaugur\u00f3 en el Casino Ganadero de Tuxpan el Dep\u00f3sito de Lista de Sucesores, donde los ejidatarios y posesionarios pudieron depositar su lista de sucesi\u00f3n testamentaria, tal como lo marca la Ley Agraria en sus art\u00edculos 17 y 18. <\/strong><\/span><\/p>\n<p class=\"p1\"><span style=\"font-size: 14pt;\">Pozos Castro hizo un reconocimiento a la labor del personal de RAN y de la Procuradur\u00eda Agraria, quienes est\u00e1n realizando un trabajo de territorio, no de escritorio.<\/span><\/p>\n<p class=\"p1\"><span style=\"font-size: 18pt;\"><strong>Con esta acci\u00f3n se otorg\u00f3 el beneficio del Testamento Agrario a campesinos de Tuxpan, Cazones, Tamiahua, Mart\u00ednez de la Torre, Papantla, Poza Rica, Coatzintla, entre otros.<\/strong><\/span><\/p>\n<p>&nbsp;<\/p>\n<p>&nbsp;<\/p>\n","protected":false},"excerpt":{"rendered":"<p>&nbsp; &lt;&lt; Entregan certificados agrarios a campesinos de varios municipios &gt;&gt; &lt;&lt; En el campo se vive una etapa de<\/p>\n","protected":false},"author":4,"featured_media":7661,"comment_status":"closed","ping_status":"closed","sticky":false,"template":"","format":"standard","meta":{"colormag_page_container_layout":"default_layout","colormag_page_sidebar_layout":"default_layout","_jetpack_memberships_contains_paid_content":false,"footnotes":"","jetpack_publicize_message":"","jetpack_publicize_feature_enabled":true,"jetpack_social_post_already_shared":false,"jetpack_social_options":{"image_generator_settings":{"template":"highway","default_image_id":0,"font":"","enabled":false},"version":2}},"categories":[356],"tags":[1052,1332,701,1333,72,73],"class_list":["post-7655","post","type-post","status-publish","format-standard","has-post-thumbnail","hentry","category-veracruz","tag-campesinos","tag-certificados-agrarios","tag-jose-manuel-pozos","tag-sedatu","tag-tuxpan","tag-veracruz"],"jetpack_publicize_connections":[],"jetpack_featured_media_url":"https:\/\/noticiasveracruz.com\/wp-content\/uploads\/2022\/09\/P-CERTIFICADOS-TUXPAN-6.png","jetpack_sharing_enabled":true,"publishpress_future_action":{"enabled":false,"date":"2026-05-07 18:33:59","action":"change-status","newStatus":"draft","terms":[],"taxonomy":"category","extraData":[]},"publishpress_future_workflow_manual_trigger":{"enabledWorkflows":[]},"_links":{"self":[{"href":"https:\/\/noticiasveracruz.com\/index.php\/wp-json\/wp\/v2\/posts\/7655","targetHints":{"allow":["GET"]}}],"collection":[{"href":"https:\/\/noticiasveracruz.com\/index.php\/wp-json\/wp\/v2\/posts"}],"about":[{"href":"https:\/\/noticiasveracruz.com\/index.php\/wp-json\/wp\/v2\/types\/post"}],"author":[{"embeddable":true,"href":"https:\/\/noticiasveracruz.com\/index.php\/wp-json\/wp\/v2\/users\/4"}],"replies":[{"embeddable":true,"href":"https:\/\/noticiasveracruz.com\/index.php\/wp-json\/wp\/v2\/comments?post=7655"}],"version-history":[{"count":0,"href":"https:\/\/noticiasveracruz.com\/index.php\/wp-json\/wp\/v2\/posts\/7655\/revisions"}],"wp:featuredmedia":[{"embeddable":true,"href":"https:\/\/noticiasveracruz.com\/index.php\/wp-json\/wp\/v2\/media\/7661"}],"wp:attachment":[{"href":"https:\/\/noticiasveracruz.com\/index.php\/wp-json\/wp\/v2\/media?parent=7655"}],"wp:term":[{"taxonomy":"category","embeddable":true,"href":"https:\/\/noticiasveracruz.com\/index.php\/wp-json\/wp\/v2\/categories?post=7655"},{"taxonomy":"post_tag","embeddable":true,"href":"https:\/\/noticiasveracruz.com\/index.php\/wp-json\/wp\/v2\/tags?post=7655"}],"curies":[{"name":"wp","href":"https:\/\/api.w.org\/{rel}","templated":true}]}}