{"id":7646,"date":"2022-09-02T15:40:58","date_gmt":"2022-09-02T20:40:58","guid":{"rendered":"https:\/\/noticiasveracruz.com\/?p=7646"},"modified":"2022-09-02T15:40:58","modified_gmt":"2022-09-02T20:40:58","slug":"ingresaran-a-la-uni-el-100-de-los-aspirantes","status":"publish","type":"post","link":"https:\/\/noticiasveracruz.com\/index.php\/2022\/09\/02\/ingresaran-a-la-uni-el-100-de-los-aspirantes\/","title":{"rendered":"Ingresar\u00e1n a la Uni el 100% de los aspirantes"},"content":{"rendered":"<p class=\"p1\">\n<p class=\"p1\"><strong><span style=\"font-size: 18pt;\">&lt;&lt; Se brindar\u00e1 cobertura al 100 por cientos de los aspirantes a ingresar &gt;&gt;<\/span><\/strong><\/p>\n<p class=\"p1\"><strong><span style=\"font-size: 18pt;\">&lt;&lt; Incluso a carreras de mayor demanda como Medicina y Enfermer\u00eda &gt;&gt;<\/span><\/strong><\/p>\n<p class=\"p1\"><strong><span style=\"font-size: 18pt;\">&lt;&lt; La de Veracruz muy lejos de la de Sinaloa &gt;&gt;<\/span><\/strong><\/p>\n<p>&nbsp;<\/p>\n<p class=\"p1\"><strong><span style=\"font-size: 18pt;\">Por Miguel \u00c1ngel Cristiani Gonz\u00e1lez<\/span><\/strong><\/p>\n<p class=\"p1\"><span style=\"font-size: 14pt;\">Una excelente noticia fue la que dio el Rector de la Universidad Aut\u00f3noma, en el sentido de que se brindar\u00e1 cobertura al 100 por ciento de los aspirantes a los niveles medio superior y superior para el ciclo escolar 2022-2023.<\/span><\/p>\n<p class=\"p1\"><span style=\"font-size: 14pt;\">Vaya, incluso, se va a recibir a todos los j\u00f3venes que deseen ingresar a las carreras de mayor demanda como son Medicina General, Enfermer\u00eda, Odontolog\u00eda, Arquitectura, entre las principales.<\/span><\/p>\n<p class=\"p1\"><span style=\"font-size: 14pt;\">Aunque se trata de una trascendental noticia, lo cierto es que no alcanz\u00f3 la difusi\u00f3n debida, como tantas otras cuestiones que se relacionan con la Casa de Estudios.<\/span><\/p>\n<p class=\"p1\"><span style=\"font-size: 14pt;\">Porque, aunque se ha dicho que en el pa\u00eds ya est\u00e1n funcionando m\u00e1s de cien Universidades Benito Ju\u00e1rez que tambi\u00e9n son p\u00fablicas, lo cierto es que al menos ac\u00e1 en el estado de Veracruz, seguramente porque se encuentran en lugares rec\u00f3nditos, no se ha sabido nada a\u00fan, si ya est\u00e1n funcionando.<\/span><\/p>\n<p class=\"p1\"><span style=\"font-size: 14pt;\">Las Universidades Benito Ju\u00e1rez que son una creaci\u00f3n de la llamada Cuarta Transformaci\u00f3n para atender a los j\u00f3venes que desean cursar una carrera profesional, pareciera que son nocturnas, porque nadie las ve y mucho menos sabe en donde se encuentran.<\/span><\/p>\n<p class=\"p1\"><span style=\"font-size: 14pt;\">Dada la importancia que tiene la declaraci\u00f3n del Rector de la Universidad Aut\u00f3noma, a continuaci\u00f3n, transcribimos el comunicado en el que se dio a conocer la noticia:<\/span><\/p>\n<p class=\"p1\"><span style=\"font-size: 14pt;\">El Rector de la Universidad Aut\u00f3noma se reuni\u00f3 este mi\u00e9rcoles con el Subsecretario de Educaci\u00f3n Superior de la SEP, doctor Luciano Concheiro B\u00f3rquez y la titular de la Direcci\u00f3n General de Educaci\u00f3n Superior Universitaria e Intercultural (DGESUI), doctora Carmen Rodr\u00edguez Armenta, en donde se abordaron temas concernientes a la gesti\u00f3n para el fortalecimiento institucional.<\/span><\/p>\n<p class=\"p1\"><span style=\"font-size: 14pt;\">En dicha reuni\u00f3n tambi\u00e9n se trat\u00f3 el tema relacionado con la ampliaci\u00f3n de la infraestructura para la atenci\u00f3n del crecimiento de la matr\u00edcula, ya que la Universidad brindar\u00e1 cobertura del 100 por ciento de los aspirantes a los niveles medio superior y superior para el ciclo escolar 2022-2023, incluso se aceptar\u00e1 a todos los j\u00f3venes que deseen ingresar a las carreras con mayor demanda como son Medicina General, Enfermer\u00eda, Odontolog\u00eda y Arquitectura.<\/span><\/p>\n<p class=\"p1\"><span style=\"font-size: 14pt;\">En ese sentido, el Rector precis\u00f3 al doctor Concheiro B\u00f3rquez que se brind\u00f3\u00ec respuesta favorable a la totalidad de solicitantes de ingreso, donde se aceptaron a 26 mil 65 en preparatoria y 27 mil 56 en profesional, para dar un total de 53 mil 121 espacios, lo cual significa un 25 por ciento m\u00e1s de estudiantes que los inscritos en el pasado ciclo escolar, para lo cual se contemplan mil 575 grupos en bachillerato y mil 955 grupos en licenciatura.<\/span><\/p>\n<p class=\"p1\"><span style=\"font-size: 14pt;\">Calific\u00f3 esta como una reuni\u00f3n muy provechosa para la Universidad ya que tambi\u00e9n se abord\u00f3 la implementaci\u00f3n del Plan de Salud para el Bienestar, que se llevar\u00e1 a cabo en coordinaci\u00f3n con el Instituto Mexicano del Seguro Social (IMSS) y Gobierno del Estado para la formaci\u00f3n de m\u00e9dicos, enfermeros y enfermeras en lo general y en las especialidades, para plantear as\u00ed una aportaci\u00f3n desde la entidad, y desde la regi\u00f3n.<\/span><\/p>\n<p class=\"p1\"><span style=\"font-size: 14pt;\">Dicho plan es de total beneficio para la comunidad universitaria y la sociedad en general, por lo que la Universidad est\u00e1 en la mejor disposici\u00f3n de aportar en la mejora de la salud de las personas.<\/span><\/p>\n<p class=\"p1\"><span style=\"font-size: 14pt;\">De igual forma, en el encuentro se plante\u00f3 el seguimiento al tema del Servicio de Administraci\u00f3n Tributaria (SAT), en el que se contin\u00faa con las gestiones para llegar a un acuerdo que incluye la participaci\u00f3n de las Universidades, el Gobierno del Estado y la Federaci\u00f3n para resolver este problema, que al igual que la M\u00e1xima Casa de Estudios, hay m\u00e1s universidades que tienen estos procesos abiertos con el SAT.<\/span><\/p>\n<p class=\"p1\"><span style=\"font-size: 14pt;\">Hasta aqu\u00ed el bolet\u00edn oficial, l\u00e1stima que no sea el Rector de la Universidad Veracruzana sino el de la Universidad Aut\u00f3noma de Sinaloa, que aunque maneja un presupuesto menor, tiene una mejor administraci\u00f3n que le permite recibir a todos los j\u00f3venes aspirantes a ingresar a esa Casa de Estudios.<\/span><\/p>\n<p>&nbsp;<\/p>\n<p>&nbsp;<\/p>\n<p class=\"p2\"><span style=\"font-size: 18pt;\"><strong>Cont\u00e1ctanos en nuestras redes sociales:<\/strong><\/span><\/p>\n<p class=\"p2\"><span style=\"font-size: 18pt;\"><strong><a href=\"https:\/\/www.canva.com\/design\/DAEN5B9DWgs\/ZCHd2Z8KueYjlg_d59Op3A\/view\">https:\/\/www.canva.com\/design\/DAEN5B9DWgs\/ZCHd2Z8KueYjlg_d59Op3A\/view<\/a><\/strong><\/span><\/p>\n<p>&nbsp;<\/p>\n<p><span style=\"font-size: 18pt; color: #e42d33;\"><em><strong>**Las columnas firmadas en este medio son responsabilidad de quienes las firman**<\/strong><\/em><\/span><\/p>\n<p>&nbsp;<\/p>\n<p>&nbsp;<\/p>\n<p>&nbsp;<\/p>\n<p>&nbsp;<\/p>\n<p>&nbsp;<\/p>\n<p>&nbsp;<\/p>\n","protected":false},"excerpt":{"rendered":"<p>&lt;&lt; Se brindar\u00e1 cobertura al 100 por cientos de los aspirantes a ingresar &gt;&gt; &lt;&lt; Incluso a carreras de mayor<\/p>\n","protected":false},"author":4,"featured_media":3280,"comment_status":"closed","ping_status":"closed","sticky":false,"template":"","format":"standard","meta":{"colormag_page_container_layout":"default_layout","colormag_page_sidebar_layout":"default_layout","_jetpack_memberships_contains_paid_content":false,"footnotes":"","jetpack_publicize_message":"","jetpack_publicize_feature_enabled":true,"jetpack_social_post_already_shared":false,"jetpack_social_options":{"image_generator_settings":{"template":"highway","default_image_id":0,"font":"","enabled":false},"version":2}},"categories":[6],"tags":[],"class_list":["post-7646","post","type-post","status-publish","format-standard","has-post-thumbnail","hentry","category-columnistas"],"jetpack_publicize_connections":[],"jetpack_featured_media_url":"https:\/\/noticiasveracruz.com\/wp-content\/uploads\/2022\/04\/NV-MIGUEL-A\u0301NGEL-CRISTIANI.png","jetpack_sharing_enabled":true,"publishpress_future_action":{"enabled":false,"date":"2026-05-06 09:10:07","action":"change-status","newStatus":"draft","terms":[],"taxonomy":"category","extraData":[]},"publishpress_future_workflow_manual_trigger":{"enabledWorkflows":[]},"_links":{"self":[{"href":"https:\/\/noticiasveracruz.com\/index.php\/wp-json\/wp\/v2\/posts\/7646","targetHints":{"allow":["GET"]}}],"collection":[{"href":"https:\/\/noticiasveracruz.com\/index.php\/wp-json\/wp\/v2\/posts"}],"about":[{"href":"https:\/\/noticiasveracruz.com\/index.php\/wp-json\/wp\/v2\/types\/post"}],"author":[{"embeddable":true,"href":"https:\/\/noticiasveracruz.com\/index.php\/wp-json\/wp\/v2\/users\/4"}],"replies":[{"embeddable":true,"href":"https:\/\/noticiasveracruz.com\/index.php\/wp-json\/wp\/v2\/comments?post=7646"}],"version-history":[{"count":0,"href":"https:\/\/noticiasveracruz.com\/index.php\/wp-json\/wp\/v2\/posts\/7646\/revisions"}],"wp:featuredmedia":[{"embeddable":true,"href":"https:\/\/noticiasveracruz.com\/index.php\/wp-json\/wp\/v2\/media\/3280"}],"wp:attachment":[{"href":"https:\/\/noticiasveracruz.com\/index.php\/wp-json\/wp\/v2\/media?parent=7646"}],"wp:term":[{"taxonomy":"category","embeddable":true,"href":"https:\/\/noticiasveracruz.com\/index.php\/wp-json\/wp\/v2\/categories?post=7646"},{"taxonomy":"post_tag","embeddable":true,"href":"https:\/\/noticiasveracruz.com\/index.php\/wp-json\/wp\/v2\/tags?post=7646"}],"curies":[{"name":"wp","href":"https:\/\/api.w.org\/{rel}","templated":true}]}}