{"id":76450,"date":"2026-04-06T00:16:54","date_gmt":"2026-04-06T06:16:54","guid":{"rendered":"https:\/\/noticiasveracruz.com\/?p=76450"},"modified":"2026-04-05T20:19:22","modified_gmt":"2026-04-06T02:19:22","slug":"buzos-y-brigadistas-ingresaran-a-la-veta-santa-fe-a-buscar-a-los-mineros-atrapados","status":"publish","type":"post","link":"https:\/\/noticiasveracruz.com\/index.php\/2026\/04\/06\/buzos-y-brigadistas-ingresaran-a-la-veta-santa-fe-a-buscar-a-los-mineros-atrapados\/","title":{"rendered":"Buzos y brigadistas ingresar\u00e1n a la veta Santa Fe a buscar a los mineros atrapados"},"content":{"rendered":"<p class=\"nota-justify\">Despu\u00e9s de las 10 de la noche o las primeras horas del lunes podr\u00e1 ingresar un grupo de buzos y brigadistas para rescatar a los tres trabajadores extraviados desde el 25 de marzo en la mina Santa Fe, ubicada en Chele, municipio de El Rosario, confirm\u00f3 Laura Vel\u00e1zquez Alz\u00faa, coordinadora nacional de Protecci\u00f3n Civil.<\/p>\n<p class=\"nota-justify\">La funcionaria inform\u00f3 que desde la noche del s\u00e1bado empez\u00f3 a funcionar una bomba el\u00e9ctrica tras extender 2.5 kil\u00f3metros de cableado y con resultados exitosos de extracci\u00f3n de l\u00edquido y en las primeras horas del domingo ya avanzaron m\u00e1s.<\/p>\n<p class=\"nota-justify\">Precis\u00f3 que a partir del medio d\u00eda ingresa un grupo de ocho personas entre ellas dos buzos y seis especialistas para hacer un reconocimiento y para saber si ya puede entrar el grupo de rescatistas.<\/p>\n<p class=\"nota-justify\">Expuso que ya no hay obst\u00e1culo alguno por lo que se les informar\u00e1n los resultados de la inspecci\u00f3n al interior de la mina en la reuni\u00f3n del centro de mando a las seis de la tarde.<\/p>\n<p class=\"nota-justify\">Dijo que est\u00e1n preparados para lo que suceda despu\u00e9s de que entren los rescatistas, y se espera encontrar con vida a los tres mineros.<\/p>\n<p class=\"nota-justify\">Anticip\u00f3 que incluso se puede adelantar el ingreso del rescate antes de las 22 horas de la noche si consideran necesario.<\/p>\n<p class=\"nota-justify\">Vel\u00e1zquez Alz\u00faa mencion\u00f3 que ya tienen todo lo necesario desde ambulancias, m\u00e9dicos y helic\u00f3pteros para poderlos atender de inmediato.<\/p>\n","protected":false},"excerpt":{"rendered":"<p>Despu\u00e9s de las 10 de la noche o las primeras horas del lunes podr\u00e1 ingresar un grupo de buzos y brigadistas para rescatar a los tres trabajadores extraviados desde el 25 de marzo en la mina Santa Fe, ubicada en Chele, municipio de El Rosario, confirm\u00f3 Laura Vel\u00e1zquez Alz\u00faa, coordinadora nacional de Protecci\u00f3n Civil. La [&hellip;]<\/p>\n","protected":false},"author":4,"featured_media":76451,"comment_status":"closed","ping_status":"closed","sticky":false,"template":"","format":"standard","meta":{"_jetpack_newsletter_access":"","_jetpack_dont_email_post_to_subs":false,"_jetpack_newsletter_tier_id":0,"_jetpack_memberships_contains_paywalled_content":false,"_jetpack_feature_clip_id":0,"_jetpack_memberships_contains_paid_content":false,"footnotes":"","jetpack_publicize_message":"","jetpack_publicize_feature_enabled":true,"jetpack_social_post_already_shared":true,"jetpack_social_options":{"image_generator_settings":{"template":"highway","default_image_id":0,"font":"","enabled":false},"version":2},"jetpack_post_was_ever_published":false},"categories":[145],"tags":[],"class_list":["post-76450","post","type-post","status-publish","format-standard","has-post-thumbnail","hentry","category-estados"],"jetpack_publicize_connections":[],"jetpack_sharing_enabled":true,"publishpress_future_action":{"enabled":false,"date":"2026-09-06 19:59:32","action":"change-status","newStatus":"draft","terms":[],"taxonomy":"category","extraData":[]},"publishpress_future_workflow_manual_trigger":{"enabledWorkflows":[]},"jetpack_featured_media_url":"https:\/\/noticiasveracruz.com\/wp-content\/uploads\/2026\/04\/buzos-y-brigadistas-ingresaran-a-la-veta-santa-fe-a-buscar-a-los-mineros-atrapados_1d70153a-4863-4f00-82ea-6629373bfba5_medialjnimgndimagefullsize.webp","_links":{"self":[{"href":"https:\/\/noticiasveracruz.com\/index.php\/wp-json\/wp\/v2\/posts\/76450","targetHints":{"allow":["GET"]}}],"collection":[{"href":"https:\/\/noticiasveracruz.com\/index.php\/wp-json\/wp\/v2\/posts"}],"about":[{"href":"https:\/\/noticiasveracruz.com\/index.php\/wp-json\/wp\/v2\/types\/post"}],"author":[{"embeddable":true,"href":"https:\/\/noticiasveracruz.com\/index.php\/wp-json\/wp\/v2\/users\/4"}],"replies":[{"embeddable":true,"href":"https:\/\/noticiasveracruz.com\/index.php\/wp-json\/wp\/v2\/comments?post=76450"}],"version-history":[{"count":0,"href":"https:\/\/noticiasveracruz.com\/index.php\/wp-json\/wp\/v2\/posts\/76450\/revisions"}],"wp:featuredmedia":[{"embeddable":true,"href":"https:\/\/noticiasveracruz.com\/index.php\/wp-json\/wp\/v2\/media\/76451"}],"wp:attachment":[{"href":"https:\/\/noticiasveracruz.com\/index.php\/wp-json\/wp\/v2\/media?parent=76450"}],"wp:term":[{"taxonomy":"category","embeddable":true,"href":"https:\/\/noticiasveracruz.com\/index.php\/wp-json\/wp\/v2\/categories?post=76450"},{"taxonomy":"post_tag","embeddable":true,"href":"https:\/\/noticiasveracruz.com\/index.php\/wp-json\/wp\/v2\/tags?post=76450"}],"curies":[{"name":"wp","href":"https:\/\/api.w.org\/{rel}","templated":true}]}}