{"id":7637,"date":"2022-09-02T09:33:10","date_gmt":"2022-09-02T14:33:10","guid":{"rendered":"https:\/\/noticiasveracruz.com\/?p=7637"},"modified":"2022-09-02T09:34:16","modified_gmt":"2022-09-02T14:34:16","slug":"14-municipios-firmaron-convenios-para-el-fortalecimiento-y-desarrollo-municipal","status":"publish","type":"post","link":"https:\/\/noticiasveracruz.com\/index.php\/2022\/09\/02\/14-municipios-firmaron-convenios-para-el-fortalecimiento-y-desarrollo-municipal\/","title":{"rendered":"Firman 14 Municipios Convenios para el Fortalecimiento y Desarrollo Municipal en Veracruz"},"content":{"rendered":"<p>&nbsp;<\/p>\n<p class=\"p1\"><span style=\"font-size: 14pt;\"><em><strong>TUXPAN, VERACRUZ.<\/strong><\/em> <strong>Ediles de 14 municipios de la zona norte del estado de Veracruz<\/strong> celebraron la firma de<span style=\"color: #e42d33;\"><strong> \u201cConvenios para el Fortalecimiento y Desarrollo Municipal\u201d<\/strong><\/span>, en seguimiento al Convenio Macro con los Municipios, que se firm\u00f3 el pasado 22 de julio, en presencia del gobernador Cuitl\u00e1huac Garc\u00eda Jim\u00e9nez. <\/span><\/p>\n<p class=\"p1\"><span style=\"font-size: 18pt;\"><strong>Participaron el alcalde de <span style=\"color: #e42d33;\">Tuxpan <\/span>Jos\u00e9 Manuel Pozos Castro; Samuel Arreola Arg\u00fcelles, alcalde de<span style=\"color: #e42d33;\"> Benito Ju\u00e1rez<\/span>; Miguel \u00c1ngel Uribe Toral, alcalde de <span style=\"color: #e42d33;\">Cazones de Herrera<\/span>; Cirilo Doroteo Esteban, alcalde de <span style=\"color: #e42d33;\">Citlalt\u00e9petl<\/span>; Manuel Lemus Salazar, alcalde de <span style=\"color: #e42d33;\">Huayacocotla<\/span>; Efra\u00edn P\u00e9rez Cruz, alcalde de<span style=\"color: #e42d33;\"> Ixcatepec<\/span>; Linda Guadalupe Rodr\u00edguez Torres, alcaldesa de <span style=\"color: #e42d33;\">Tamiahua <\/span>y Celerino Hern\u00e1ndez Mena, alcalde de <span style=\"color: #e42d33;\">Tancoco<\/span>. <\/strong><\/span><\/p>\n<p><img loading=\"lazy\" decoding=\"async\" class=\"aligncenter wp-image-9652 size-large\" src=\"https:\/\/politicosaldesnudo.com.mx\/wp-content\/uploads\/2022\/09\/P-CONVENIO-FORTALECIMIENTO-2-1024x573.png\" alt=\"\" width=\"800\" height=\"448\" \/><\/p>\n<p>&nbsp;<\/p>\n<p class=\"p1\"><span style=\"font-size: 18pt;\"><strong>Asimismo, Jes\u00fas Guzm\u00e1n Avil\u00e9s, alcalde de <span style=\"color: #e42d33;\">Tantoyuca<\/span>; Amalia S\u00e1nchez Alonso, alcaldesa de<span style=\"color: #e42d33;\"> Texcatepec<\/span>; Fernando Luna Sol\u00eds, alcalde de <span style=\"color: #e42d33;\">Zacualpan<\/span>; el s\u00edndico \u00fanico del municipio de<span style=\"color: #e42d33;\"> \u00c1lamo Temapache<\/span>, Dagoberto Hern\u00e1ndez Mart\u00ednez, en representaci\u00f3n de la alcaldesa Lilia Arrieta Pardo; el s\u00edndico \u00fanico del municipio de<span style=\"color: #e42d33;\"> Tlachichilco<\/span>, Israel Aciain Garc\u00eda, en representaci\u00f3n de la alcaldesa Nancy Rueda Hern\u00e1ndez; y la s\u00edndica \u00fanica del municipio de<span style=\"color: #e42d33;\"> Zontecomatl\u00e1n<\/span>, Teresa de Jes\u00fas Dom\u00ednguez Villareal, en representaci\u00f3n del alcalde Adri\u00e1n Feliciano Mart\u00ednez. <\/strong><\/span><\/p>\n<p>&nbsp;<\/p>\n<p><span style=\"font-size: 18pt; color: #e42d33;\"><strong>EL CONVENIO<\/strong><\/span><\/p>\n<p class=\"p1\"><span style=\"font-size: 18pt;\"><strong>Luego de dar la bienvenida a los servidores p\u00fablicos, el alcalde Jos\u00e9 Manuel Pozos Castro destac\u00f3 la importancia de la firma de este convenio que permitir\u00e1 avanzar en la ruta correcta hacia el fortalecimiento y modernizaci\u00f3n de la administraci\u00f3n de los ayuntamientos.<\/strong><\/span><\/p>\n<blockquote>\n<p class=\"p1\"><span style=\"font-size: 14pt;\">Destac\u00f3 que en la Nueva Agenda Municipalista \u201cTransformaci\u00f3n con Orgullo\u201d, es fundamental establecer y promover v\u00ednculos de colaboraci\u00f3n con instituciones federales y estatales, en favor de las administraciones municipales<\/span><\/p>\n<\/blockquote>\n<p class=\"p1\"><span style=\"font-size: 14pt;\">Asimismo, dijo tener la certeza de que este convenio ser\u00e1 para bien de los municipios y de todo el estado Veracruz, ya que abre la puerta para un desarrollo integral a trav\u00e9s de la articulaci\u00f3n de pol\u00edticas p\u00fablicas, programas y acciones de los 3 niveles de gobierno.<\/span><\/p>\n<p>&nbsp;<\/p>\n<p><img loading=\"lazy\" decoding=\"async\" class=\"aligncenter wp-image-9655 size-large\" src=\"https:\/\/politicosaldesnudo.com.mx\/wp-content\/uploads\/2022\/09\/P-CONVENIO-FORTALECIMIENTO-5-1024x573.png\" alt=\"\" width=\"800\" height=\"448\" \/><\/p>\n<p>&nbsp;<\/p>\n<p><img loading=\"lazy\" decoding=\"async\" class=\"aligncenter wp-image-9656 size-large\" src=\"https:\/\/politicosaldesnudo.com.mx\/wp-content\/uploads\/2022\/09\/XP-CONVENIO-FORTALECIMIENTO-6-1024x573.png\" alt=\"\" width=\"800\" height=\"448\" \/><\/p>\n<p>&nbsp;<\/p>\n<p class=\"p1\"><span style=\"font-size: 14pt;\">El alcalde reconoci\u00f3 al maestro Rafael Alejandro Castillo Zugasti, director del INVEDEM, por su aporte a la Nueva Agenda Municipalista.<\/span><\/p>\n<p class=\"p1\"><span style=\"font-size: 18pt;\"><strong>Los alcaldes de los diferentes municipios se\u00f1alaron estar contentos y agradecidos con el Gobierno del Estado, ya que anteriormente la zona norte estaba olvidada y ahora son tomados en cuenta para formar parte de este importante convenio. <\/strong><\/span><\/p>\n<p>&nbsp;<\/p>\n<p><img loading=\"lazy\" decoding=\"async\" class=\"aligncenter wp-image-9654 size-large\" src=\"https:\/\/politicosaldesnudo.com.mx\/wp-content\/uploads\/2022\/09\/P-CONVENIO-FORTALECIMIENTO-4-1024x573.png\" alt=\"\" width=\"800\" height=\"448\" \/><\/p>\n<p>&nbsp;<\/p>\n<p class=\"p1\"><span style=\"font-size: 18pt;\"><strong>Rafael Alejandro Castillo Zugasti agradeci\u00f3 al alcalde Jos\u00e9 Manuel Pozos Castro por su anfitrion\u00eda, y resalt\u00f3 los beneficios de esta alianza que tiene como objetivo fortalecer el desarrollo de los Municipios de Veracruz.<\/strong><\/span><\/p>\n<p class=\"p1\"><span style=\"font-size: 14pt;\">En la firma de este convenio tambi\u00e9n estuvieron presentes la s\u00edndica \u00fanica Mtra. Beatriz Pi\u00f1a Vergara; y las regidoras y regidores Amado Guti\u00e9rrez Lima, Mar\u00eda del Pilar Mart\u00ednez Matesanz, Maryanela Monroy Flores, Anah\u00ed Aguilar L\u00f3pez, Juan G\u00f3mez Garc\u00eda, Lucero Magdalena Res\u00e9ndis Ambrocio, Luis Demetrio L\u00f3pez Mar\u00edn, y Axel Bernal Herrera; as\u00ed como el secretario del Ayuntamiento, Jos\u00e9 Armando Huesca Ovando.<\/span><\/p>\n<p>&nbsp;<\/p>\n<p><img loading=\"lazy\" decoding=\"async\" class=\"aligncenter wp-image-9653 size-large\" src=\"https:\/\/politicosaldesnudo.com.mx\/wp-content\/uploads\/2022\/09\/P-CONVENIO-FORTALECIMIENTO-3-1024x573.png\" alt=\"\" width=\"800\" height=\"448\" \/><\/p>\n<p>&nbsp;<\/p>\n<p>&nbsp;<\/p>\n<p>&nbsp;<\/p>\n<p>&nbsp;<\/p>\n","protected":false},"excerpt":{"rendered":"<p>&nbsp; TUXPAN, VERACRUZ. Ediles de 14 municipios de la zona norte del estado de Veracruz celebraron la firma de \u201cConvenios<\/p>\n","protected":false},"author":4,"featured_media":7638,"comment_status":"closed","ping_status":"closed","sticky":false,"template":"","format":"standard","meta":{"colormag_page_container_layout":"default_layout","colormag_page_sidebar_layout":"default_layout","_jetpack_memberships_contains_paid_content":false,"footnotes":"","jetpack_publicize_message":"","jetpack_publicize_feature_enabled":true,"jetpack_social_post_already_shared":false,"jetpack_social_options":{"image_generator_settings":{"template":"highway","default_image_id":0,"font":"","enabled":false},"version":2}},"categories":[356],"tags":[1328,1329,701,72,73],"class_list":["post-7637","post","type-post","status-publish","format-standard","has-post-thumbnail","hentry","category-veracruz","tag-convenio","tag-desarrollo-municipal","tag-jose-manuel-pozos","tag-tuxpan","tag-veracruz"],"jetpack_publicize_connections":[],"jetpack_featured_media_url":"https:\/\/noticiasveracruz.com\/wp-content\/uploads\/2022\/09\/P-CONVENIO-FORTALECIMIENTO-1.png","jetpack_sharing_enabled":true,"publishpress_future_action":{"enabled":false,"date":"2026-05-06 09:53:43","action":"change-status","newStatus":"draft","terms":[],"taxonomy":"category","extraData":[]},"publishpress_future_workflow_manual_trigger":{"enabledWorkflows":[]},"_links":{"self":[{"href":"https:\/\/noticiasveracruz.com\/index.php\/wp-json\/wp\/v2\/posts\/7637","targetHints":{"allow":["GET"]}}],"collection":[{"href":"https:\/\/noticiasveracruz.com\/index.php\/wp-json\/wp\/v2\/posts"}],"about":[{"href":"https:\/\/noticiasveracruz.com\/index.php\/wp-json\/wp\/v2\/types\/post"}],"author":[{"embeddable":true,"href":"https:\/\/noticiasveracruz.com\/index.php\/wp-json\/wp\/v2\/users\/4"}],"replies":[{"embeddable":true,"href":"https:\/\/noticiasveracruz.com\/index.php\/wp-json\/wp\/v2\/comments?post=7637"}],"version-history":[{"count":0,"href":"https:\/\/noticiasveracruz.com\/index.php\/wp-json\/wp\/v2\/posts\/7637\/revisions"}],"wp:featuredmedia":[{"embeddable":true,"href":"https:\/\/noticiasveracruz.com\/index.php\/wp-json\/wp\/v2\/media\/7638"}],"wp:attachment":[{"href":"https:\/\/noticiasveracruz.com\/index.php\/wp-json\/wp\/v2\/media?parent=7637"}],"wp:term":[{"taxonomy":"category","embeddable":true,"href":"https:\/\/noticiasveracruz.com\/index.php\/wp-json\/wp\/v2\/categories?post=7637"},{"taxonomy":"post_tag","embeddable":true,"href":"https:\/\/noticiasveracruz.com\/index.php\/wp-json\/wp\/v2\/tags?post=7637"}],"curies":[{"name":"wp","href":"https:\/\/api.w.org\/{rel}","templated":true}]}}