{"id":76366,"date":"2026-04-03T00:11:35","date_gmt":"2026-04-03T06:11:35","guid":{"rendered":"https:\/\/noticiasveracruz.com\/?p=76366"},"modified":"2026-04-02T23:00:52","modified_gmt":"2026-04-03T05:00:52","slug":"ofrece-crt-a-operadores-de-telefonia-movil-mayor-espectro-para-conectividad-en-el-mundial","status":"publish","type":"post","link":"https:\/\/noticiasveracruz.com\/index.php\/2026\/04\/03\/ofrece-crt-a-operadores-de-telefonia-movil-mayor-espectro-para-conectividad-en-el-mundial\/","title":{"rendered":"Ofrece CRT a operadores de telefon\u00eda m\u00f3vil mayor espectro para conectividad en el Mundial"},"content":{"rendered":"<p class=\"nota-justify\" dir=\"ltr\">La Comisi\u00f3n Reguladora de Telecomunicaciones (CRT) invit\u00f3 a los operadores de redes de telefon\u00eda m\u00f3vil a acceder de manera temporal a espectro radioel\u00e9ctrico, a fin de atender el aumento de la demanda de datos m\u00f3viles durante el mundial de futbol.<\/p>\n<p class=\"nota-justify\" dir=\"ltr\">En un comunicado, el organismo regulador explic\u00f3 que la nueva Ley en Materia de Telecomunicaciones permite otorgar espectro de manera temporal para atender demandas extraordinarias de datos m\u00f3viles.<\/p>\n<p class=\"nota-justify\" dir=\"ltr\">Algunos operadores ya manifestaron su inter\u00e9s, por lo que la CRT trabaja en conjunto con ellos para definir aspectos t\u00e9cnicos, entre ellos, la infraestructura adicional que deber\u00e1n habilitar para ampliar y mejorar la conectividad en beneficio de los usuarios.<\/p>\n<p class=\"nota-justify\" dir=\"ltr\">Con ello, los datos m\u00f3viles estar\u00e1n disponibles en estadios, puntos de acceso y zonas de alta demanda, durante los eventos que abarca la Copa Mundial de Futbol de la FIFA 2026.<\/p>\n<p class=\"nota-justify\" dir=\"ltr\">\u201cLa Comisi\u00f3n refrenda su apoyo a los operadores para responder a la demanda extraordinaria de datos m\u00f3viles en eventos de gran magnitud\u201d, concluy\u00f3 el organismo.<\/p>\n","protected":false},"excerpt":{"rendered":"<p>La Comisi\u00f3n Reguladora de Telecomunicaciones (CRT) invit\u00f3 a los operadores de redes de telefon\u00eda m\u00f3vil a acceder de manera temporal a espectro radioel\u00e9ctrico, a fin de atender el aumento de la demanda de datos m\u00f3viles durante el mundial de futbol. En un comunicado, el organismo regulador explic\u00f3 que la nueva Ley en Materia de Telecomunicaciones [&hellip;]<\/p>\n","protected":false},"author":4,"featured_media":76367,"comment_status":"closed","ping_status":"closed","sticky":false,"template":"","format":"standard","meta":{"_jetpack_newsletter_access":"","_jetpack_dont_email_post_to_subs":false,"_jetpack_newsletter_tier_id":0,"_jetpack_memberships_contains_paywalled_content":false,"_jetpack_feature_clip_id":0,"_jetpack_memberships_contains_paid_content":false,"footnotes":"","jetpack_publicize_message":"","jetpack_publicize_feature_enabled":true,"jetpack_social_post_already_shared":true,"jetpack_social_options":{"image_generator_settings":{"template":"highway","default_image_id":0,"font":"","enabled":false},"version":2},"jetpack_post_was_ever_published":false},"categories":[1947],"tags":[],"class_list":["post-76366","post","type-post","status-publish","format-standard","has-post-thumbnail","hentry","category-economia"],"jetpack_publicize_connections":[],"jetpack_sharing_enabled":true,"publishpress_future_action":{"enabled":false,"date":"2026-09-11 10:06:45","action":"change-status","newStatus":"draft","terms":[],"taxonomy":"category","extraData":[]},"publishpress_future_workflow_manual_trigger":{"enabledWorkflows":[]},"jetpack_featured_media_url":"https:\/\/noticiasveracruz.com\/wp-content\/uploads\/2026\/04\/ofrece-crt-a-operadores-de-telefonia-movil-mayor-espectro-para-conectividad-en-el-mundial_40a33bbd-fb81-4fe8-9105-7238a086752c_medialjnimgndimagefullsize.webp","_links":{"self":[{"href":"https:\/\/noticiasveracruz.com\/index.php\/wp-json\/wp\/v2\/posts\/76366","targetHints":{"allow":["GET"]}}],"collection":[{"href":"https:\/\/noticiasveracruz.com\/index.php\/wp-json\/wp\/v2\/posts"}],"about":[{"href":"https:\/\/noticiasveracruz.com\/index.php\/wp-json\/wp\/v2\/types\/post"}],"author":[{"embeddable":true,"href":"https:\/\/noticiasveracruz.com\/index.php\/wp-json\/wp\/v2\/users\/4"}],"replies":[{"embeddable":true,"href":"https:\/\/noticiasveracruz.com\/index.php\/wp-json\/wp\/v2\/comments?post=76366"}],"version-history":[{"count":0,"href":"https:\/\/noticiasveracruz.com\/index.php\/wp-json\/wp\/v2\/posts\/76366\/revisions"}],"wp:featuredmedia":[{"embeddable":true,"href":"https:\/\/noticiasveracruz.com\/index.php\/wp-json\/wp\/v2\/media\/76367"}],"wp:attachment":[{"href":"https:\/\/noticiasveracruz.com\/index.php\/wp-json\/wp\/v2\/media?parent=76366"}],"wp:term":[{"taxonomy":"category","embeddable":true,"href":"https:\/\/noticiasveracruz.com\/index.php\/wp-json\/wp\/v2\/categories?post=76366"},{"taxonomy":"post_tag","embeddable":true,"href":"https:\/\/noticiasveracruz.com\/index.php\/wp-json\/wp\/v2\/tags?post=76366"}],"curies":[{"name":"wp","href":"https:\/\/api.w.org\/{rel}","templated":true}]}}