{"id":76312,"date":"2026-04-01T00:15:50","date_gmt":"2026-04-01T06:15:50","guid":{"rendered":"https:\/\/noticiasveracruz.com\/?p=76312"},"modified":"2026-03-31T21:16:38","modified_gmt":"2026-04-01T03:16:38","slug":"caravana-genesis-reduce-su-contingente-a-300-migrantes-llego-a-pijijiapan-este-martes","status":"publish","type":"post","link":"https:\/\/noticiasveracruz.com\/index.php\/2026\/04\/01\/caravana-genesis-reduce-su-contingente-a-300-migrantes-llego-a-pijijiapan-este-martes\/","title":{"rendered":"Caravana \u201cG\u00e9nesis\u201d reduce su contingente a 300 migrantes; lleg\u00f3 a Pijijiapan este martes"},"content":{"rendered":"<p class=\"nota-justify\">La caravana migrante autodenominada \u201cG\u00e9nesis\u201d lleg\u00f3 este martes al municipio de Pijijiapan, en la costa de Chiapas, tras recorrer 150 kil\u00f3metros desde su salida de Tapachula hace una semana.<\/p>\n<p class=\"nota-justify\">El contingente se ha reducido a unos 300 integrantes de Cuba, Hait\u00ed, Venezuela y pa\u00edses de Centroam\u00e9rica, luego que iniciaron la traves\u00eda medio millar de personas.<\/p>\n<p class=\"nota-justify\">La condici\u00f3n de los migrantes est\u00e1 deteriorada por las largas caminatas nocturnas, la mala alimentaci\u00f3n y el poco descanso, informaron fuentes oficiales.<\/p>\n<p class=\"nota-justify\">\u201cSe les ha brindado el acompa\u00f1amiento desde la entrada al municipio y se les ha brindado la atenci\u00f3n pre-hospitalaria en el parque municipal, atenci\u00f3n a sus heridas en los pies, hemos dado el servicio de rehidrataci\u00f3n con sueros orales y otras atenciones tanto brigadistas de Protecci\u00f3n Civil como personal de salud Municipal\u201d, dijo Jonathan Sol\u00eds V\u00e1zquez, Secretario de Protecci\u00f3n Civil de Pijijiapan.<\/p>\n<p class=\"nota-justify\">Desde su salida de la frontera con Guatemala, la Caravana ha hecho escalas en los municipios de Huehuet\u00e1n, Huixtla, Escuintla y Mapastepec.<\/p>\n<p class=\"nota-justify\">En Mapastepec descansaron dos d\u00edas y establecieron un di\u00e1logo con agentes del Instituto Nacional de Migraci\u00f3n, sin embargo, no concretaron ning\u00fan acuerdo por lo que decidieron seguir caminando.<\/p>\n<p class=\"nota-justify\">Los migrantes decidieron salir en caravana de la frontera sur por la desesperaci\u00f3n debido a los prolongados tr\u00e1mites migratorios, falta de empleos, condiciones precarias, abusos y discriminaci\u00f3n.<\/p>\n<p class=\"nota-justify\">De acuerdo a sus testimonios, aunque llevan meses en vueltas ante la Comisi\u00f3n Mexicana de Ayuda a Refugiados no les dan respuesta o en el peor de los casos les niegan el reconocimiento de asilo; no encuentran trabajo que les genere ingresos para el pago de renta y alimentos; y cuando intentan salir de la regi\u00f3n por sus propios medios son detenidos por el INM y devueltos a Tapachula.<\/p>\n<p class=\"nota-justify\">Lo \u00fanico que pretenden, han dicho, no es cumplir el sue\u00f1o americano sino llegar a otras partes de M\u00e9xico donde puedan encontrar mejores oportunidades laborales mientras contin\u00faan sus tr\u00e1mites de regularizaci\u00f3n.<\/p>\n","protected":false},"excerpt":{"rendered":"<p>La caravana migrante autodenominada \u201cG\u00e9nesis\u201d lleg\u00f3 este martes al municipio de Pijijiapan, en la costa de Chiapas, tras recorrer 150 kil\u00f3metros desde su salida de Tapachula hace una semana. El contingente se ha reducido a unos 300 integrantes de Cuba, Hait\u00ed, Venezuela y pa\u00edses de Centroam\u00e9rica, luego que iniciaron la traves\u00eda medio millar de personas. [&hellip;]<\/p>\n","protected":false},"author":4,"featured_media":76313,"comment_status":"closed","ping_status":"closed","sticky":false,"template":"","format":"standard","meta":{"_jetpack_newsletter_access":"","_jetpack_dont_email_post_to_subs":false,"_jetpack_newsletter_tier_id":0,"_jetpack_memberships_contains_paywalled_content":false,"_jetpack_feature_clip_id":0,"_jetpack_memberships_contains_paid_content":false,"footnotes":"","jetpack_publicize_message":"","jetpack_publicize_feature_enabled":true,"jetpack_social_post_already_shared":true,"jetpack_social_options":{"image_generator_settings":{"template":"highway","default_image_id":0,"font":"","enabled":false},"version":2},"jetpack_post_was_ever_published":false},"categories":[145],"tags":[],"class_list":["post-76312","post","type-post","status-publish","format-standard","has-post-thumbnail","hentry","category-estados"],"jetpack_publicize_connections":[],"jetpack_sharing_enabled":true,"publishpress_future_action":{"enabled":false,"date":"2026-09-06 20:04:00","action":"change-status","newStatus":"draft","terms":[],"taxonomy":"category","extraData":[]},"publishpress_future_workflow_manual_trigger":{"enabledWorkflows":[]},"jetpack_featured_media_url":"https:\/\/noticiasveracruz.com\/wp-content\/uploads\/2026\/03\/caravana-genesis-reduce-su-contingente-a-300-migrantes-llego-a-pijijiapan-este-martes_ed878658-2ec6-44a0-9d16-cfcea3dda65d_medialjnimgndimagefullsize.webp","_links":{"self":[{"href":"https:\/\/noticiasveracruz.com\/index.php\/wp-json\/wp\/v2\/posts\/76312","targetHints":{"allow":["GET"]}}],"collection":[{"href":"https:\/\/noticiasveracruz.com\/index.php\/wp-json\/wp\/v2\/posts"}],"about":[{"href":"https:\/\/noticiasveracruz.com\/index.php\/wp-json\/wp\/v2\/types\/post"}],"author":[{"embeddable":true,"href":"https:\/\/noticiasveracruz.com\/index.php\/wp-json\/wp\/v2\/users\/4"}],"replies":[{"embeddable":true,"href":"https:\/\/noticiasveracruz.com\/index.php\/wp-json\/wp\/v2\/comments?post=76312"}],"version-history":[{"count":0,"href":"https:\/\/noticiasveracruz.com\/index.php\/wp-json\/wp\/v2\/posts\/76312\/revisions"}],"wp:featuredmedia":[{"embeddable":true,"href":"https:\/\/noticiasveracruz.com\/index.php\/wp-json\/wp\/v2\/media\/76313"}],"wp:attachment":[{"href":"https:\/\/noticiasveracruz.com\/index.php\/wp-json\/wp\/v2\/media?parent=76312"}],"wp:term":[{"taxonomy":"category","embeddable":true,"href":"https:\/\/noticiasveracruz.com\/index.php\/wp-json\/wp\/v2\/categories?post=76312"},{"taxonomy":"post_tag","embeddable":true,"href":"https:\/\/noticiasveracruz.com\/index.php\/wp-json\/wp\/v2\/tags?post=76312"}],"curies":[{"name":"wp","href":"https:\/\/api.w.org\/{rel}","templated":true}]}}