{"id":76303,"date":"2026-04-01T00:12:49","date_gmt":"2026-04-01T06:12:49","guid":{"rendered":"https:\/\/noticiasveracruz.com\/?p=76303"},"modified":"2026-03-31T20:55:44","modified_gmt":"2026-04-01T02:55:44","slug":"china-establece-aranceles-cero-para-productos-agricolas-provenientes-de-republica-del-congo","status":"publish","type":"post","link":"https:\/\/noticiasveracruz.com\/index.php\/2026\/04\/01\/china-establece-aranceles-cero-para-productos-agricolas-provenientes-de-republica-del-congo\/","title":{"rendered":"China establece aranceles cero para productos agr\u00edcolas provenientes de Rep\u00fablica del Congo"},"content":{"rendered":"<div id=\"article-content-tts\" class=\"nota-contenido mb-5\">\n<div id=\"content_nitf\">\n<p class=\"nota-justify\">China impondr\u00e1 aranceles cero al 100 por ciento de los productos agr\u00edcolas procedentes de la Rep\u00fablica Democr\u00e1tica del Congo (RDC), inform\u00f3 el Ministerio de Comercio del pa\u00eds asi\u00e1tico.<\/p>\n<p class=\"nota-justify\">De acuerdo con la informaci\u00f3n del ministerio, en noviembre de 2025 China y la RDC firmaron un acuerdo de desarrollo conjunto de asociaci\u00f3n econ\u00f3mica, que entrar\u00e1 en vigor el 1 de abril de 2026. En el marco de este documento se contempla una reducci\u00f3n mutua de aranceles.<\/p>\n<p class=\"nota-justify\">\u00abChina otorgar\u00e1 a la Rep\u00fablica del Congo aranceles cero para el 100 por ciento de las partidas, de modo que productos congole\u00f1os como el hongo fuling, el man\u00ed, los granos de cacao y otros productos agr\u00edcolas espec\u00edficos puedan acceder m\u00e1s r\u00e1pidamente al mercado chino\u00bb, se\u00f1ala el comunicado.<\/p>\n<p class=\"nota-justify\">El ministerio a\u00f1ade que la RDC, a su vez, establecer\u00e1 aranceles cero para maquinaria, productos qu\u00edmicos y otros bienes chinos que contribuyan al desarrollo de la industrializaci\u00f3n del pa\u00eds africano.<\/p>\n<p class=\"nota-justify\">El organismo tambi\u00e9n informa de que China continuar\u00e1 fomentando la firma de acuerdos de desarrollo conjunto de asociaci\u00f3n econ\u00f3mica con otros pa\u00edses africanos.<\/p>\n<\/div>\n<\/div>\n<div class=\"notas-relacionadas\"><\/div>\n<div class=\"nota-tags\"><\/div>\n","protected":false},"excerpt":{"rendered":"<p>China impondr\u00e1 aranceles cero al 100 por ciento de los productos agr\u00edcolas procedentes de la Rep\u00fablica Democr\u00e1tica del Congo (RDC), inform\u00f3 el Ministerio de Comercio del pa\u00eds asi\u00e1tico. De acuerdo con la informaci\u00f3n del ministerio, en noviembre de 2025 China y la RDC firmaron un acuerdo de desarrollo conjunto de asociaci\u00f3n econ\u00f3mica, que entrar\u00e1 en [&hellip;]<\/p>\n","protected":false},"author":4,"featured_media":76304,"comment_status":"closed","ping_status":"closed","sticky":false,"template":"","format":"standard","meta":{"_jetpack_newsletter_access":"","_jetpack_dont_email_post_to_subs":false,"_jetpack_newsletter_tier_id":0,"_jetpack_memberships_contains_paywalled_content":false,"_jetpack_feature_clip_id":0,"_jetpack_memberships_contains_paid_content":false,"footnotes":"","jetpack_publicize_message":"","jetpack_publicize_feature_enabled":true,"jetpack_social_post_already_shared":true,"jetpack_social_options":{"image_generator_settings":{"template":"highway","default_image_id":0,"font":"","enabled":false},"version":2},"jetpack_post_was_ever_published":false},"categories":[1947],"tags":[],"class_list":["post-76303","post","type-post","status-publish","format-standard","has-post-thumbnail","hentry","category-economia"],"jetpack_publicize_connections":[],"jetpack_sharing_enabled":true,"publishpress_future_action":{"enabled":false,"date":"2026-09-11 11:03:38","action":"change-status","newStatus":"draft","terms":[],"taxonomy":"category","extraData":[]},"publishpress_future_workflow_manual_trigger":{"enabledWorkflows":[]},"jetpack_featured_media_url":"https:\/\/noticiasveracruz.com\/wp-content\/uploads\/2026\/03\/china-establece-aranceles-cero-para-productos-agricolas-provenientes-de-republica-del-congo_4fa9f307-eec0-48f1-9464-750c63122521_medialjnimgndimagefullsize.webp","_links":{"self":[{"href":"https:\/\/noticiasveracruz.com\/index.php\/wp-json\/wp\/v2\/posts\/76303","targetHints":{"allow":["GET"]}}],"collection":[{"href":"https:\/\/noticiasveracruz.com\/index.php\/wp-json\/wp\/v2\/posts"}],"about":[{"href":"https:\/\/noticiasveracruz.com\/index.php\/wp-json\/wp\/v2\/types\/post"}],"author":[{"embeddable":true,"href":"https:\/\/noticiasveracruz.com\/index.php\/wp-json\/wp\/v2\/users\/4"}],"replies":[{"embeddable":true,"href":"https:\/\/noticiasveracruz.com\/index.php\/wp-json\/wp\/v2\/comments?post=76303"}],"version-history":[{"count":0,"href":"https:\/\/noticiasveracruz.com\/index.php\/wp-json\/wp\/v2\/posts\/76303\/revisions"}],"wp:featuredmedia":[{"embeddable":true,"href":"https:\/\/noticiasveracruz.com\/index.php\/wp-json\/wp\/v2\/media\/76304"}],"wp:attachment":[{"href":"https:\/\/noticiasveracruz.com\/index.php\/wp-json\/wp\/v2\/media?parent=76303"}],"wp:term":[{"taxonomy":"category","embeddable":true,"href":"https:\/\/noticiasveracruz.com\/index.php\/wp-json\/wp\/v2\/categories?post=76303"},{"taxonomy":"post_tag","embeddable":true,"href":"https:\/\/noticiasveracruz.com\/index.php\/wp-json\/wp\/v2\/tags?post=76303"}],"curies":[{"name":"wp","href":"https:\/\/api.w.org\/{rel}","templated":true}]}}