{"id":76279,"date":"2026-04-01T00:04:12","date_gmt":"2026-04-01T06:04:12","guid":{"rendered":"https:\/\/noticiasveracruz.com\/?p=76279"},"modified":"2026-03-31T20:28:48","modified_gmt":"2026-04-01T02:28:48","slug":"poza-rica-activa-operativo-de-seguridad-por-semana-santa","status":"publish","type":"post","link":"https:\/\/noticiasveracruz.com\/index.php\/2026\/04\/01\/poza-rica-activa-operativo-de-seguridad-por-semana-santa\/","title":{"rendered":"Poza Rica activa operativo de seguridad por Semana Santa"},"content":{"rendered":"<p>Con el objetivo de garantizar la seguridad, el orden y la atenci\u00f3n oportuna durante el periodo vacacional, el Gobierno municipal, encabezado por la alcaldesa Adanely Rodr\u00edguez, dio el banderazo de inicio al Operativo Semana Santa 2026.<\/p>\n<p>Esta estrategia integral prioriza la protecci\u00f3n de las familias pozarricenses y de quienes visitan la ciudad, mediante una coordinaci\u00f3n efectiva entre los tres \u00f3rdenes de gobierno, sumando capacidades para brindar cobertura en puntos estrat\u00e9gicos del municipio.<\/p>\n<p>En el operativo participan corporaciones y dependencias como Protecci\u00f3n Civil, Polic\u00eda Municipal, Tr\u00e1nsito y Vialidad, servicios de emergencia, Polic\u00eda Estatal, la Secretar\u00eda de Marina, la Guardia Nacional, la Cruz Roja Mexicana, as\u00ed como instancias del sector salud y programas sociales.<\/p>\n<p>Las acciones contemplan operativos de vigilancia, instalaci\u00f3n de m\u00f3dulos de atenci\u00f3n, recorridos preventivos, orientaci\u00f3n a visitantes y capacidad de respuesta inmediata ante cualquier eventualidad, fortaleciendo la cultura de la prevenci\u00f3n y la atenci\u00f3n ciudadana.<\/p>\n<p>Poza Rica se consolida como un punto estrat\u00e9gico de conectividad en la regi\u00f3n norte de Veracruz, al ser paso obligado hacia destinos tur\u00edsticos de alta afluencia. Adem\u00e1s, cuenta con infraestructura y servicios que permiten recibir a visitantes con condiciones de seguridad, atenci\u00f3n m\u00e9dica oportuna, servicios p\u00fablicos eficientes y una red vial funcional.<\/p>\n<p>Con estas acciones, el Gobierno municipal refrenda su compromiso de trabajar de manera coordinada para brindar tranquilidad a la poblaci\u00f3n y garantizar que este periodo vacacional se desarrolle en un ambiente de paz, orden y bienestar.<\/p>\n","protected":false},"excerpt":{"rendered":"<p>Con el objetivo de garantizar la seguridad, el orden y la atenci\u00f3n oportuna durante el periodo vacacional, el Gobierno municipal, encabezado por la alcaldesa Adanely Rodr\u00edguez, dio el banderazo de inicio al Operativo Semana Santa 2026. Esta estrategia integral prioriza la protecci\u00f3n de las familias pozarricenses y de quienes visitan la ciudad, mediante una coordinaci\u00f3n [&hellip;]<\/p>\n","protected":false},"author":4,"featured_media":76280,"comment_status":"closed","ping_status":"closed","sticky":false,"template":"","format":"standard","meta":{"_jetpack_newsletter_access":"","_jetpack_dont_email_post_to_subs":false,"_jetpack_newsletter_tier_id":0,"_jetpack_memberships_contains_paywalled_content":false,"_jetpack_feature_clip_id":0,"_jetpack_memberships_contains_paid_content":false,"footnotes":"","jetpack_publicize_message":"","jetpack_publicize_feature_enabled":true,"jetpack_social_post_already_shared":true,"jetpack_social_options":{"image_generator_settings":{"template":"highway","default_image_id":0,"font":"","enabled":false},"version":2},"jetpack_post_was_ever_published":false},"categories":[356],"tags":[],"class_list":["post-76279","post","type-post","status-publish","format-standard","has-post-thumbnail","hentry","category-veracruz"],"jetpack_publicize_connections":[],"jetpack_sharing_enabled":true,"publishpress_future_action":{"enabled":false,"date":"2026-09-11 12:52:06","action":"change-status","newStatus":"draft","terms":[],"taxonomy":"category","extraData":[]},"publishpress_future_workflow_manual_trigger":{"enabledWorkflows":[]},"jetpack_featured_media_url":"https:\/\/noticiasveracruz.com\/wp-content\/uploads\/2026\/03\/SEGPR.jpg","_links":{"self":[{"href":"https:\/\/noticiasveracruz.com\/index.php\/wp-json\/wp\/v2\/posts\/76279","targetHints":{"allow":["GET"]}}],"collection":[{"href":"https:\/\/noticiasveracruz.com\/index.php\/wp-json\/wp\/v2\/posts"}],"about":[{"href":"https:\/\/noticiasveracruz.com\/index.php\/wp-json\/wp\/v2\/types\/post"}],"author":[{"embeddable":true,"href":"https:\/\/noticiasveracruz.com\/index.php\/wp-json\/wp\/v2\/users\/4"}],"replies":[{"embeddable":true,"href":"https:\/\/noticiasveracruz.com\/index.php\/wp-json\/wp\/v2\/comments?post=76279"}],"version-history":[{"count":0,"href":"https:\/\/noticiasveracruz.com\/index.php\/wp-json\/wp\/v2\/posts\/76279\/revisions"}],"wp:featuredmedia":[{"embeddable":true,"href":"https:\/\/noticiasveracruz.com\/index.php\/wp-json\/wp\/v2\/media\/76280"}],"wp:attachment":[{"href":"https:\/\/noticiasveracruz.com\/index.php\/wp-json\/wp\/v2\/media?parent=76279"}],"wp:term":[{"taxonomy":"category","embeddable":true,"href":"https:\/\/noticiasveracruz.com\/index.php\/wp-json\/wp\/v2\/categories?post=76279"},{"taxonomy":"post_tag","embeddable":true,"href":"https:\/\/noticiasveracruz.com\/index.php\/wp-json\/wp\/v2\/tags?post=76279"}],"curies":[{"name":"wp","href":"https:\/\/api.w.org\/{rel}","templated":true}]}}