{"id":76114,"date":"2026-03-25T20:56:39","date_gmt":"2026-03-26T02:56:39","guid":{"rendered":"https:\/\/noticiasveracruz.com\/?p=76114"},"modified":"2026-03-29T14:57:37","modified_gmt":"2026-03-29T20:57:37","slug":"golfo-en-riesgo-entre-la-crisis-ambiental-y-la-disputa-de-narrativas","status":"publish","type":"post","link":"https:\/\/noticiasveracruz.com\/index.php\/2026\/03\/25\/golfo-en-riesgo-entre-la-crisis-ambiental-y-la-disputa-de-narrativas\/","title":{"rendered":"Golfo en Riesgo: entre la crisis ambiental y la disputa de narrativas"},"content":{"rendered":"<p style=\"font-weight: 400;\"><em>\u201cMadurez es lo que alcanzo cuando ya no tengo necesidad de juzgar ni culpar nada ni a nadie de lo que me sucede\u201d. \u2013 Anthony de Mello.<\/em><\/p>\n<p style=\"font-weight: 400;\"><strong>En medio de la inmediatez medi\u00e1tica y la polarizaci\u00f3n pol\u00edtica, hay momentos en los que la realidad impone una pausa obligada para mirar con seriedad lo que verdaderamente est\u00e1 en juego. El reciente derrame de petr\u00f3leo en el Golfo de M\u00e9xico no es un episodio menor ni un tema que deba reducirse a la disputa narrativa entre bandos ideol\u00f3gicos. Es, en esencia, una alerta ambiental que exige una respuesta colectiva, t\u00e9cnica y profundamente responsable.<\/strong><\/p>\n<p style=\"font-weight: 400;\"><strong>El Golfo no es ajeno a estos episodios. Desde tiempos ancestrales, incluso culturas como la maya ya conoc\u00edan y utilizaban el chapopote para impermeabilizar sus embarcaciones. Es decir, la presencia de hidrocarburos en esta regi\u00f3n no es nueva. Sin embargo, lo que s\u00ed ha cambiado es la escala del impacto, la fragilidad de los ecosistemas y la presi\u00f3n humana sobre los recursos naturales. Hoy, cualquier derrame tiene consecuencias mucho m\u00e1s profundas: afecta la pesca, el turismo, la biodiversidad y, en \u00faltima instancia, la salud de las comunidades costeras.<\/strong><\/p>\n<p style=\"font-weight: 400;\"><strong>Ante esta coyuntura, la reacci\u00f3n institucional ha sido inmediata. La gobernadora Roc\u00edo Nahle Garc\u00eda, en coordinaci\u00f3n con la presidenta Claudia Sheinbaum, ha optado por una ruta que privilegia la acci\u00f3n por encima de la confrontaci\u00f3n. La recolecci\u00f3n de 128 toneladas de crudo es un dato que no debe minimizarse: representa un esfuerzo tangible por contener un da\u00f1o que, de no atenderse, podr\u00eda escalar a dimensiones mucho m\u00e1s graves.<\/strong><\/p>\n<p style=\"font-weight: 400;\"><strong>Pero m\u00e1s all\u00e1 de la respuesta inmediata, lo verdaderamente importante es entender que este tipo de efectos obligan a emprender una cruzada mucho m\u00e1s amplia: una cruzada por la resiliencia ambiental. No basta con limpiar lo visible; se requiere restaurar ecosistemas, monitorear de manera permanente las aguas y, sobre todo, prevenir futuros incidentes.<\/strong><\/p>\n<p style=\"font-weight: 400;\"><strong>Aqu\u00ed es donde la inversi\u00f3n juega un papel crucial. M\u00e9xico necesita fortalecer su infraestructura de respuesta ante emergencias ambientales, pero tambi\u00e9n debe apostar por la innovaci\u00f3n tecnol\u00f3gica en la industria energ\u00e9tica. Casos como una posible fuga en la Refiner\u00eda Dos Bocas o un accidente mar\u00edtimo no pueden seguir siendo atendidos de manera reactiva. Se requiere anticipaci\u00f3n, protocolos claros y cooperaci\u00f3n internacional.<\/strong><\/p>\n<p style=\"font-weight: 400;\"><strong>Cerrar filas con organizaciones ambientalistas de alcance global no debe verse como un signo de debilidad, sino como una muestra de madurez institucional. La experiencia acumulada por estos organismos puede ser determinante para mitigar da\u00f1os, implementar mejores pr\u00e1cticas y garantizar la transparencia en los procesos de remediaci\u00f3n. Adem\u00e1s, en un mundo interconectado, los problemas ambientales ya no son locales: son compartidos.<\/strong><\/p>\n<p style=\"font-weight: 400;\"><strong>Sin embargo, en paralelo a esta necesidad t\u00e9cnica, tambi\u00e9n se libra una batalla en el terreno de la narrativa. En tiempos donde la informaci\u00f3n circula con velocidad vertiginosa, no faltan quienes buscan imponer una visi\u00f3n \u00fanica, muchas veces motivada por intereses pol\u00edticos o econ\u00f3micos. Se intenta instalar la idea de que cualquier incidente es prueba de incapacidad o negligencia estructural, ignorando que la industria petrolera, por su propia naturaleza, implica riesgos que ning\u00fan pa\u00eds ha logrado erradicar por completo.<\/strong><\/p>\n<p style=\"font-weight: 400;\"><strong>Esto no significa justificar errores ni minimizar responsabilidades. Significa, m\u00e1s bien, colocar el debate en su justa dimensi\u00f3n. La cr\u00edtica es necesaria, pero debe ser informada, proporcional y orientada a soluciones, no a la descalificaci\u00f3n autom\u00e1tica. De lo contrario, se corre el riesgo de obstaculizar los esfuerzos reales por atender la emergencia.<\/strong><\/p>\n<p style=\"font-weight: 400;\"><strong>La pregunta de fondo es c\u00f3mo construir una narrativa distinta: una que reconozca la gravedad del problema, pero que tambi\u00e9n valore las acciones emprendidas y promueva la corresponsabilidad social. Porque si algo queda claro en episodios como este, es que la soluci\u00f3n no depende \u00fanicamente del gobierno. Involucra a pescadores, empresarios, cient\u00edficos, organizaciones civiles y ciudadanos.<\/strong><\/p>\n<p style=\"font-weight: 400;\"><strong>El Golfo de M\u00e9xico es un patrimonio natural que trasciende administraciones y coyunturas pol\u00edticas. Su cuidado exige visi\u00f3n de largo plazo, inversi\u00f3n sostenida y, sobre todo, unidad. Convertir esta crisis en una oportunidad para replantear nuestra relaci\u00f3n con el medio ambiente es el verdadero desaf\u00edo.<\/strong><\/p>\n<p style=\"font-weight: 400;\"><strong>La historia ha demostrado que los desastres pueden ser puntos de quiebre. La diferencia radica en si se les utiliza para profundizar divisiones o para construir soluciones. Hoy, m\u00e1s que nunca, M\u00e9xico necesita optar por lo segundo.<\/strong><\/p>\n<p style=\"font-weight: 400;\"><strong>\u00a0<\/strong><\/p>\n<p style=\"font-weight: 400;\"><strong>Al tiempo.<\/strong><\/p>\n<p><img loading=\"lazy\" decoding=\"async\" class=\"alignnone wp-image-76106 size-full\" src=\"http:\/\/noticiasveracruz.com\/wp-content\/uploads\/2026\/03\/FIRMA-EDITORIAL-PD-7.jpg\" alt=\"\" width=\"1024\" height=\"125\" srcset=\"https:\/\/noticiasveracruz.com\/wp-content\/uploads\/2026\/03\/FIRMA-EDITORIAL-PD-7.jpg 1024w, https:\/\/noticiasveracruz.com\/wp-content\/uploads\/2026\/03\/FIRMA-EDITORIAL-PD-7-300x37.jpg 300w, https:\/\/noticiasveracruz.com\/wp-content\/uploads\/2026\/03\/FIRMA-EDITORIAL-PD-7-768x94.jpg 768w\" sizes=\"auto, (max-width: 1024px) 100vw, 1024px\" \/><\/p>\n","protected":false},"excerpt":{"rendered":"<p>\u201cMadurez es lo que alcanzo cuando ya no tengo necesidad de juzgar ni culpar nada ni a nadie de lo<\/p>\n","protected":false},"author":4,"featured_media":71786,"comment_status":"closed","ping_status":"closed","sticky":false,"template":"","format":"standard","meta":{"colormag_page_container_layout":"default_layout","colormag_page_sidebar_layout":"default_layout","_jetpack_memberships_contains_paid_content":false,"footnotes":"","jetpack_publicize_message":"","jetpack_publicize_feature_enabled":true,"jetpack_social_post_already_shared":true,"jetpack_social_options":{"image_generator_settings":{"template":"highway","default_image_id":0,"font":"","enabled":false},"version":2}},"categories":[6],"tags":[],"class_list":["post-76114","post","type-post","status-publish","format-standard","has-post-thumbnail","hentry","category-columnistas"],"jetpack_publicize_connections":[],"jetpack_featured_media_url":"https:\/\/noticiasveracruz.com\/wp-content\/uploads\/2026\/01\/BANNERBAQUEIRO-NV.jpg","jetpack_sharing_enabled":true,"publishpress_future_action":{"enabled":false,"date":"2026-05-06 12:17:57","action":"change-status","newStatus":"draft","terms":[],"taxonomy":"category","extraData":[]},"publishpress_future_workflow_manual_trigger":{"enabledWorkflows":[]},"_links":{"self":[{"href":"https:\/\/noticiasveracruz.com\/index.php\/wp-json\/wp\/v2\/posts\/76114","targetHints":{"allow":["GET"]}}],"collection":[{"href":"https:\/\/noticiasveracruz.com\/index.php\/wp-json\/wp\/v2\/posts"}],"about":[{"href":"https:\/\/noticiasveracruz.com\/index.php\/wp-json\/wp\/v2\/types\/post"}],"author":[{"embeddable":true,"href":"https:\/\/noticiasveracruz.com\/index.php\/wp-json\/wp\/v2\/users\/4"}],"replies":[{"embeddable":true,"href":"https:\/\/noticiasveracruz.com\/index.php\/wp-json\/wp\/v2\/comments?post=76114"}],"version-history":[{"count":0,"href":"https:\/\/noticiasveracruz.com\/index.php\/wp-json\/wp\/v2\/posts\/76114\/revisions"}],"wp:featuredmedia":[{"embeddable":true,"href":"https:\/\/noticiasveracruz.com\/index.php\/wp-json\/wp\/v2\/media\/71786"}],"wp:attachment":[{"href":"https:\/\/noticiasveracruz.com\/index.php\/wp-json\/wp\/v2\/media?parent=76114"}],"wp:term":[{"taxonomy":"category","embeddable":true,"href":"https:\/\/noticiasveracruz.com\/index.php\/wp-json\/wp\/v2\/categories?post=76114"},{"taxonomy":"post_tag","embeddable":true,"href":"https:\/\/noticiasveracruz.com\/index.php\/wp-json\/wp\/v2\/tags?post=76114"}],"curies":[{"name":"wp","href":"https:\/\/api.w.org\/{rel}","templated":true}]}}