{"id":7611,"date":"2022-09-02T06:00:00","date_gmt":"2022-09-02T11:00:00","guid":{"rendered":"https:\/\/noticiasveracruz.com\/?p=7611"},"modified":"2022-09-02T07:17:13","modified_gmt":"2022-09-02T12:17:13","slug":"poder-judicial-corrupto-amlo-atentado-a-su-independencia-jueces","status":"publish","type":"post","link":"https:\/\/noticiasveracruz.com\/index.php\/2022\/09\/02\/poder-judicial-corrupto-amlo-atentado-a-su-independencia-jueces\/","title":{"rendered":"Poder judicial corrupto: AMLO; atentado a su independencia: jueces"},"content":{"rendered":"<p class=\"p1\">\n<p class=\"p1\"><strong><span style=\"font-size: 18pt;\">Por Jos\u00e9 Lima Cobos <\/span><\/strong><\/p>\n<p class=\"p1\"><span style=\"font-size: 14pt;\"> El pa\u00eds est\u00e1 ahogado en la corrupci\u00f3n, donde se toque brota, como por ensalmo, pero como lo expres\u00f3 el nefasto expresidente Pe\u00f1a Nieto, es una cuesti\u00f3n cultural, as\u00ed es ,el pueblo todo, porque est\u00e1 en su ADN, que trajeron los espa\u00f1oles con la conquista, para arraigarla en la conciencia, porque \u201csi no transan, no avanzas \u201do \u201cpol\u00edtico pobre, pobre pol\u00edtico\u201d, cuesti\u00f3n que<span class=\"Apple-converted-space\">\u00a0 <\/span>ha da\u00f1ado<span class=\"Apple-converted-space\">\u00a0 <\/span>a la sociedad en su conjunto, ah\u00ed est\u00e1 la expresi\u00f3n c\u00ednica del presidente del PRI-PAN, Alejandro Moreno que es categ\u00f3rica, \u201c si tocan a uno, nos tocan a todos\u201d, sin embargo, sobre el pesa el delito de enriquecimiento il\u00edcito, pero se arropa en la oposici\u00f3n para rasgarse las vestiduras de que es una cacer\u00eda de \u201cbrujas\u201d.<\/span><\/p>\n<p class=\"p1\"><span style=\"font-size: 14pt;\">La clara precisi\u00f3n , en sus expresiones y actos de los dirigentes de los partidos opuestos a los cambios que preconiza -y se est\u00e1n poniendo en pr\u00e1ctica con el<span class=\"Apple-converted-space\">\u00a0 <\/span>presidente L\u00f3pez Obrado-r, evidencia que esa alianza \u201cVa Por M\u00e9xico\u201d, se encamina a la destrucci\u00f3n del pa\u00eds para que los bienes m\u00e1s productivos de la naci\u00f3n, se entreguen al mercado, olvid\u00e1ndose de lo que representan los intereses de la sociedad en su conjunto, es decir, todos para los poderosos empresarios y nada para la sociedad, ah\u00ed la energ\u00eda el\u00e9ctrica y petrolera , en gran riesgo.<\/span><\/p>\n<p class=\"p1\"><span style=\"font-size: 14pt;\">Si lo anterior fuera poco, la corrupci\u00f3n se ha arraigado en los poderes judicial- federal y estatales-<span class=\"Apple-converted-space\">\u00a0 <\/span>de manera tal que se refleja en lo que el<span class=\"Apple-converted-space\">\u00a0 <\/span>presidente de la rep\u00fablica- jefe de las instituciones nacionales, porque es jefe de<span class=\"Apple-converted-space\">\u00a0 <\/span>gobierno y de Estado-, est\u00e1 llegando a la desesperaci\u00f3n, al estar acotado el Estado mexicano, a la voracidad de una minor\u00eda rapaz que, apoy\u00e1ndose en la \u201cdictadura perfecta\u201d, -88-2018, 34 a\u00f1os- hizo los cambios necesarios<span class=\"Apple-converted-space\">\u00a0 <\/span>a la constituci\u00f3n pol\u00edtica que rige el pa\u00eds , tasaje\u00e1ndola , de manera tal, que el ejecutivo tenga que colarse , por cualquier rendija que encuentre, para alcanzar el bienestar social y defender lo poco que le queda a la naci\u00f3n..<\/span><\/p>\n<p class=\"p1\"><span style=\"font-size: 14pt;\">As\u00ed vemos a L\u00f3pez Obrador resistir los embates, no tan solo de<span class=\"Apple-converted-space\">\u00a0 <\/span>esa oligarqu\u00eda rapaz,- empresarios que se han visto obligados a pagar los impuestos &#8211; sino<span class=\"Apple-converted-space\">\u00a0 <\/span>de los medios de comunicaci\u00f3n que han dejando de ser aliados del gobierno en curso , para servir a sus amos y due\u00f1os de esas concesiones ,que es precisamente a quien se le ha servido siempre, por ser sus due\u00f1os, en s\u00edntesis, no es una lucha f\u00e1cil, porque poseen la riqueza mal habida , obtenida en la confabulaci\u00f3n m\u00e1s ominosa de que se tenga memoria , sirvi\u00e9ndoles , adem\u00e1s<span class=\"Apple-converted-space\">\u00a0 <\/span>de sost\u00e9n , los ministros, magistrados y jueces de todos los niveles<span class=\"Apple-converted-space\">\u00a0 <\/span>que<span class=\"Apple-converted-space\">\u00a0 <\/span>contribuyen<span class=\"Apple-converted-space\">\u00a0 <\/span>para<span class=\"Apple-converted-space\">\u00a0 <\/span>atajar cualquier cambio que atente contra sus intereses , lo m\u00e1s reciente est\u00e1 en la construcci\u00f3n de un aeropuerto, el tren maya, la refiner\u00eda de \u201cdos Bocas\u201d y sobre todo, la actitud frontal contra la delincuencia , en todos sus \u00f3rdenes.<\/span><\/p>\n<p class=\"p1\"><span style=\"font-size: 14pt;\">Dice el dicho que \u201cdime de que presumes y te dir\u00e9 de que careces\u201d, aplicable a los ministros, jueves y magistrados que se sientes agredidos<span class=\"Apple-converted-space\">\u00a0 <\/span>cuando se les acusa de que impera la corrupci\u00f3n, y se quieren arropar, con el manido cuento de<span class=\"Apple-converted-space\">\u00a0 <\/span>atentado a la independencia judicial, pues de ser as\u00ed, deber\u00edan de ser los primeros en acatar la ley de leyes que presumen de<span class=\"Apple-converted-space\">\u00a0 <\/span>ser sus garantes y<span class=\"Apple-converted-space\">\u00a0 <\/span>hacerla cumplir en<span class=\"Apple-converted-space\">\u00a0 <\/span>la pr\u00e1ctica y ello, se demuestra cuando se viola de manera flagrante el Art\u00edculo 127 constitucional que se\u00f1ala que nadie debe ni puede ganar m\u00e1s que el presidente de la rep\u00fablica, cuando no la observan y adem\u00e1s, en la peor crisis de la pandemia, son los primeros<span class=\"Apple-converted-space\">\u00a0 <\/span>en acudir a los amparos para proteger su mezquindad econ\u00f3mica , lo que no les da derecho para<span class=\"Apple-converted-space\">\u00a0 <\/span>alegar que se les da\u00f1e su independencia judicial,<span class=\"Apple-converted-space\">\u00a0 <\/span>si no existe dignidad, y lo que es peor a\u00fan, si el Consejo de la Judicatura Federal ,que le corresponde la vigilancia y disciplina de<span class=\"Apple-converted-space\">\u00a0 <\/span>jueces y magistrados revisara sus actos en los juicios en que participar, muy pocos de ellos estar\u00edan en sus funciones, aunado el rezago que generan y provocan al no resolver de fondo los asuntos que son violatorios a los derechos humanos, que como expresa el ministro<span class=\"Apple-converted-space\">\u00a0 <\/span>P\u00e9rez Dayan \u201c que derecho te violan\u201d.<\/span><\/p>\n<p class=\"p1\"><span style=\"font-size: 14pt;\">Ah\u00ed est\u00e1 caso del ex ministro Medina Mora \u2013 y muchos m\u00e1s que est\u00e1n agazapados- que no resisten la menor auditor\u00eda a los bienes que poseen<span class=\"Apple-converted-space\">\u00a0 <\/span>y es tanto su desfachatez que lo mejor es quedarse calladitos y se ver\u00edan m\u00e1s bonitos, en lugar de cuestionar al presidente de la rep\u00fablica que ese si hace<span class=\"Apple-converted-space\">\u00a0 <\/span>el mayor de sus esfuerzos, por no trabaja de lunes a viernes, sino todos los d\u00edas y tiene un salario menor a lo que<span class=\"Apple-converted-space\">\u00a0 <\/span>estos perciben, o bien los llamados farsantes \u00f3rganos aut\u00f3nomos creados para fortalecer la corrupci\u00f3n, tal es el INE, TEPJF ,y dem\u00e1s, que con sus escondidos fideicomisos han hecho un da\u00f1o descomunal a la naci\u00f3n.<\/span><\/p>\n<p class=\"p1\"><span style=\"font-size: 14pt;\">Si al presidente de la rep\u00fablica se le ve impotente para afrontar los grandes problemas nacionales e internacionales<span class=\"Apple-converted-space\">\u00a0 <\/span>ante la parsimonia que permea en todos los niveles que opera en la burocracia dorada, hay cientos de presos que tiene a\u00f1os en<span class=\"Apple-converted-space\">\u00a0 <\/span>prisi\u00f3n sin que su situaci\u00f3n legal se determine en definitiva, de otra manera, no se ver\u00eda en la conferencia<span class=\"Apple-converted-space\">\u00a0 <\/span>presidencial de la ma\u00f1anera<span class=\"Apple-converted-space\">\u00a0 <\/span>los grandes y m\u00faltiples reclamos que se le hacen, que los dem\u00e1s poderes de la Uni\u00f3n no afrontan, pues los ministros , magistrados y jueces, en todos los niveles solo trabajan de lunes a viernes y el s\u00e1bado y domingo no pasa nada con la justicia.<\/span><\/p>\n<p class=\"p1\"><span style=\"font-size: 14pt;\">Todo evidencia<span class=\"Apple-converted-space\">\u00a0 <\/span>tambi\u00e9n que hasta el<span class=\"Apple-converted-space\">\u00a0 <\/span>presidente de la Suprema Corte ha empezado a tomar el toro por los cuernos y por lo menos, ha puesto a trabajar a sus abogados de oficio para que se revisen los expedientes, y ojal\u00e1, que no sea solo una pose, sino que se concretice en los hechos.Ya veremos, como dir\u00eda un ciego.<\/span><\/p>\n<p>&nbsp;<\/p>\n<p>&nbsp;<\/p>\n<p>&nbsp;<\/p>\n<p class=\"p2\"><strong><span style=\"font-size: 18pt;\">Correo: <a href=\"mailto:limacobos@hotmail.com\">limacobos@hotmail.com<\/a><\/span><\/strong><\/p>\n<p class=\"p2\"><strong><span style=\"font-size: 18pt;\">Twitter: <a href=\"https:\/\/twitter.com\/limacobos1\">@limacobos1<\/a><\/span><\/strong><\/p>\n<p>&nbsp;<\/p>\n<p><span style=\"font-size: 18pt; color: #e42d33;\"><em><strong>**Las columnas firmadas en este medio son responsabilidad de quienes las firman**<\/strong><\/em><\/span><\/p>\n<p>&nbsp;<\/p>\n<p>&nbsp;<\/p>\n<p>&nbsp;<\/p>\n<p>&nbsp;<\/p>\n<p>&nbsp;<\/p>\n<p>&nbsp;<\/p>\n","protected":false},"excerpt":{"rendered":"<p>Por Jos\u00e9 Lima Cobos El pa\u00eds est\u00e1 ahogado en la corrupci\u00f3n, donde se toque brota, como por ensalmo, pero como<\/p>\n","protected":false},"author":4,"featured_media":3425,"comment_status":"closed","ping_status":"closed","sticky":false,"template":"","format":"standard","meta":{"colormag_page_container_layout":"default_layout","colormag_page_sidebar_layout":"default_layout","_jetpack_memberships_contains_paid_content":false,"footnotes":"","jetpack_publicize_message":"","jetpack_publicize_feature_enabled":true,"jetpack_social_post_already_shared":false,"jetpack_social_options":{"image_generator_settings":{"template":"highway","default_image_id":0,"font":"","enabled":false},"version":2}},"categories":[6],"tags":[],"class_list":["post-7611","post","type-post","status-publish","format-standard","has-post-thumbnail","hentry","category-columnistas"],"jetpack_publicize_connections":[],"jetpack_featured_media_url":"https:\/\/noticiasveracruz.com\/wp-content\/uploads\/2022\/04\/NV-JOSE\u0301-LUIS-COBOS.png","jetpack_sharing_enabled":true,"publishpress_future_action":{"enabled":false,"date":"2026-05-06 13:45:13","action":"change-status","newStatus":"draft","terms":[],"taxonomy":"category","extraData":[]},"publishpress_future_workflow_manual_trigger":{"enabledWorkflows":[]},"_links":{"self":[{"href":"https:\/\/noticiasveracruz.com\/index.php\/wp-json\/wp\/v2\/posts\/7611","targetHints":{"allow":["GET"]}}],"collection":[{"href":"https:\/\/noticiasveracruz.com\/index.php\/wp-json\/wp\/v2\/posts"}],"about":[{"href":"https:\/\/noticiasveracruz.com\/index.php\/wp-json\/wp\/v2\/types\/post"}],"author":[{"embeddable":true,"href":"https:\/\/noticiasveracruz.com\/index.php\/wp-json\/wp\/v2\/users\/4"}],"replies":[{"embeddable":true,"href":"https:\/\/noticiasveracruz.com\/index.php\/wp-json\/wp\/v2\/comments?post=7611"}],"version-history":[{"count":0,"href":"https:\/\/noticiasveracruz.com\/index.php\/wp-json\/wp\/v2\/posts\/7611\/revisions"}],"wp:featuredmedia":[{"embeddable":true,"href":"https:\/\/noticiasveracruz.com\/index.php\/wp-json\/wp\/v2\/media\/3425"}],"wp:attachment":[{"href":"https:\/\/noticiasveracruz.com\/index.php\/wp-json\/wp\/v2\/media?parent=7611"}],"wp:term":[{"taxonomy":"category","embeddable":true,"href":"https:\/\/noticiasveracruz.com\/index.php\/wp-json\/wp\/v2\/categories?post=7611"},{"taxonomy":"post_tag","embeddable":true,"href":"https:\/\/noticiasveracruz.com\/index.php\/wp-json\/wp\/v2\/tags?post=7611"}],"curies":[{"name":"wp","href":"https:\/\/api.w.org\/{rel}","templated":true}]}}