{"id":7609,"date":"2022-09-01T10:08:15","date_gmt":"2022-09-01T15:08:15","guid":{"rendered":"https:\/\/noticiasveracruz.com\/?p=7609"},"modified":"2022-09-02T07:10:25","modified_gmt":"2022-09-02T12:10:25","slug":"dos-bocas-y-el-waterloo","status":"publish","type":"post","link":"https:\/\/noticiasveracruz.com\/index.php\/2022\/09\/01\/dos-bocas-y-el-waterloo\/","title":{"rendered":"Dos Bocas y el Waterloo"},"content":{"rendered":"<p class=\"p1\">\n<p class=\"p1\"><span style=\"font-size: 18pt;\"><strong>&lt;&lt; La construcci\u00f3n m\u00e1s cara una la Refiner\u00eda que no refina &gt;&gt;<\/strong><\/span><\/p>\n<p class=\"p1\"><span style=\"font-size: 18pt;\"><strong>&lt;&lt; Se ha elevado su costo a 14 mil 605 millones de d\u00f3lares &gt;&gt;<\/strong><\/span><\/p>\n<p class=\"p1\"><span style=\"font-size: 18pt;\"><strong>&lt;&lt; Uno de los proyectos favoritos del presidente no ha funcionado a\u00fan &gt;&gt;<\/strong><\/span><\/p>\n<p>&nbsp;<\/p>\n<p class=\"p1\"><span style=\"font-size: 18pt;\"><strong>Por Miguel \u00c1ngel Cristiani Gonz\u00e1lez<\/strong><\/span><\/p>\n<p class=\"p1\"><span style=\"font-size: 14pt;\">La famosa batalla de Waterloo, la derrota decisiva de napole\u00f3n el 18 de junio de 1815, puso fin al breve sue\u00f1o de Napole\u00f3n Bonaparte de restaurar su poder y apoderarse de Europa una vez m\u00e1s.<\/span><\/p>\n<p class=\"p1\"><span style=\"font-size: 14pt;\">Para la secretaria de Energ\u00eda, Roc\u00edo Nahle la construcci\u00f3n de la refiner\u00eda de Dos Bocas en el vecino estado de Tabasco, al parecer se ha convertido en su Waterloo.<\/span><\/p>\n<p class=\"p1\"><span style=\"font-size: 14pt;\">La confianza de estar a cargo de uno de los principales y favoritos proyectos de la administraci\u00f3n del presidente Andr\u00e9s Manuel L\u00f3pez Obrador, la llev\u00f3 a pensar en que podr\u00eda ser la primera mujer no veracruzana que el a\u00f1o entrante apareciera en las boletas electorales para ganar la elecci\u00f3n por el partido de la Cuatro T.<\/span><\/p>\n<p class=\"p1\"><span style=\"font-size: 14pt;\">Pero una serie de acontecimientos indican que la refiner\u00eda, que no refina petr\u00f3leo, se con<\/span><\/p>\n<p class=\"p1\"><span style=\"font-size: 14pt;\">nvertir\u00e1 en su Waterloo, que al igual que a Napole\u00f3n le impedir\u00e1 llegar a gobernar Veracruz.<\/span><\/p>\n<p class=\"p1\"><span style=\"font-size: 14pt;\">El principal problema es que el costo de la construcci\u00f3n de la refiner\u00eda de Dos Bocas, se ha convertido en un barril sin fondo, por el que se han ido 15 mil millones de d\u00f3lares, que multiplicados por 20 dan un titipuchal de dinero, que hasta la fecha no ha dado resultados.<\/span><\/p>\n<p class=\"p1\"><span style=\"font-size: 14pt;\">As\u00ed como la otra obra cumbre de la Cuatro T, el aeropuerto Felipe \u00c1ngeles\u00a0no tiene vuelos y es un gigantesco elefante blanco, que tambi\u00e9n cost\u00f3 miles de millones de pesos y no ha funcionados.<\/span><\/p>\n<p class=\"p1\"><span style=\"font-size: 14pt;\">La llamada refiner\u00eda de Dos Bocas, tampoco ha refinado hasta el d\u00eda de hoy ni un solo litro de gasolina.<\/span><\/p>\n<p class=\"p1\"><span style=\"font-size: 14pt;\">La construcci\u00f3n del aeropuerto Felipe \u00c1ngeles\u00a0fue encargada al ej\u00e9rcito, para que los ingenieros militares la construyeran.<\/span><\/p>\n<p class=\"p1\"><span style=\"font-size: 14pt;\">La construcci\u00f3n de la refiner\u00eda de Dos Bocas fue encargada a la secretaria de Energ\u00eda, Roc\u00edo Nahle, pero por distintos problemas t\u00e9cnicos, no se pudo echar a andar como se hab\u00eda prometido, siendo inaugurada por el Presidente, pero sin funcionar a\u00fan.<\/span><\/p>\n<p class=\"p1\"><span style=\"font-size: 14pt;\">Hace unos d\u00edas, el pasado 10 de agosto, el Consejo de Administraci\u00f3n de Petr\u00f3leos Mexicanos (Pemex) autoriz\u00f3 en los acuerdos CA-091\/2022 al CA-092\/2022, montos extraordinarios para la construcci\u00f3n y puesta en marcha de la refiner\u00eda Olmeca que se construye en Dos Bocas, Tabasco.<\/span><\/p>\n<p class=\"p1\"><span style=\"font-size: 14pt;\">En el tercer punto de la sesi\u00f3n extraordinaria se aprob\u00f3 el cambio en el monto y alcance de la obra, debido a cambios en las \u201cpremisas presentadas en el Informe sobre la Refiner\u00eda Olmeca\u201d.<\/span><\/p>\n<p class=\"p1\"><span style=\"font-size: 14pt;\">El consejo aprob\u00f3 dos partidas extras, una por 5 mil 617 millones de d\u00f3lares y otra por 853 millones 280 mil d\u00f3lares para la puesta en operaci\u00f3n de la planta.<\/span><\/p>\n<p class=\"p1\"><span style=\"font-size: 14pt;\">Adem\u00e1s, se instruy\u00f3 a la compa\u00f1\u00eda a que proveer los recursos materiales y humanos necesarios para la puesta en operaci\u00f3n, incluyendo catalizadores y reactivos.<\/span><\/p>\n<p class=\"p1\"><span style=\"font-size: 14pt;\">El monto se suma a los 8 mil 900 millones de d\u00f3lares que fueron aprobados por el consejo en 2020, pero que fue subiendo sin autorizaci\u00f3n expresa de esa autoridad.<\/span><\/p>\n<p class=\"p1\"><span style=\"font-size: 14pt;\">Adem\u00e1s, la Secretar\u00eda de Hacienda y Cr\u00e9dito P\u00fablico, autoriz\u00f3 la transferencia de 22 mil 500 millones de pesos a la filial de Petr\u00f3leos Mexicanos, PTI, para cumplir con el pago del Impuesto al Valor Agregado (IVA) de los contratos de construcci\u00f3n, pues este rubro no estaba presupuestado.<\/span><\/p>\n<p class=\"p1\"><span style=\"font-size: 14pt;\">El nuevo costo oficial estimado de la refiner\u00eda, uno de los proyectos m\u00e1s emblem\u00e1ticos del presidente y con el que busca lograr su meta de que M\u00e9xico sea autosuficiente en producci\u00f3n de combustibles, se ha elevado a 14 mil 605 millones de d\u00f3lares.<\/span><\/p>\n<p class=\"p1\"><span style=\"font-size: 14pt;\">Eso, sin hablar de las contrataciones de esos miles de millones de pesos, que han sido otorgadas a empresas relacionadas con amigos y familiares, por lo que todo eso ha venido dando al traste a las aspiraciones de quien aspira a ser la pr\u00f3xima gobernadora de Veracruz.<\/span><\/p>\n<p>&nbsp;<\/p>\n<p>&nbsp;<\/p>\n<p class=\"p2\"><span style=\"font-size: 18pt;\"><strong>Cont\u00e1ctanos en nuestras redes sociales:<\/strong><\/span><\/p>\n<p class=\"p2\"><span style=\"font-size: 18pt;\"><strong><a href=\"https:\/\/www.canva.com\/design\/DAEN5B9DWgs\/ZCHd2Z8KueYjlg_d59Op3A\/view\">https:\/\/www.canva.com\/design\/DAEN5B9DWgs\/ZCHd2Z8KueYjlg_d59Op3A\/view<\/a><\/strong><\/span><\/p>\n<p>&nbsp;<\/p>\n<p><span style=\"font-size: 18pt; color: #e42d33;\"><em><strong>**Las columnas firmadas en este medio son responsabilidad de quienes las firman**<\/strong><\/em><\/span><\/p>\n<p>&nbsp;<\/p>\n<p>&nbsp;<\/p>\n<p>&nbsp;<\/p>\n<p>&nbsp;<\/p>\n<p>&nbsp;<\/p>\n","protected":false},"excerpt":{"rendered":"<p>&lt;&lt; La construcci\u00f3n m\u00e1s cara una la Refiner\u00eda que no refina &gt;&gt; &lt;&lt; Se ha elevado su costo a 14<\/p>\n","protected":false},"author":4,"featured_media":3280,"comment_status":"closed","ping_status":"closed","sticky":false,"template":"","format":"standard","meta":{"colormag_page_container_layout":"default_layout","colormag_page_sidebar_layout":"default_layout","_jetpack_memberships_contains_paid_content":false,"footnotes":"","jetpack_publicize_message":"","jetpack_publicize_feature_enabled":true,"jetpack_social_post_already_shared":false,"jetpack_social_options":{"image_generator_settings":{"template":"highway","default_image_id":0,"font":"","enabled":false},"version":2}},"categories":[6],"tags":[],"class_list":["post-7609","post","type-post","status-publish","format-standard","has-post-thumbnail","hentry","category-columnistas"],"jetpack_publicize_connections":[],"jetpack_featured_media_url":"https:\/\/noticiasveracruz.com\/wp-content\/uploads\/2022\/04\/NV-MIGUEL-A\u0301NGEL-CRISTIANI.png","jetpack_sharing_enabled":true,"publishpress_future_action":{"enabled":false,"date":"2026-05-06 15:04:30","action":"change-status","newStatus":"draft","terms":[],"taxonomy":"category","extraData":[]},"publishpress_future_workflow_manual_trigger":{"enabledWorkflows":[]},"_links":{"self":[{"href":"https:\/\/noticiasveracruz.com\/index.php\/wp-json\/wp\/v2\/posts\/7609","targetHints":{"allow":["GET"]}}],"collection":[{"href":"https:\/\/noticiasveracruz.com\/index.php\/wp-json\/wp\/v2\/posts"}],"about":[{"href":"https:\/\/noticiasveracruz.com\/index.php\/wp-json\/wp\/v2\/types\/post"}],"author":[{"embeddable":true,"href":"https:\/\/noticiasveracruz.com\/index.php\/wp-json\/wp\/v2\/users\/4"}],"replies":[{"embeddable":true,"href":"https:\/\/noticiasveracruz.com\/index.php\/wp-json\/wp\/v2\/comments?post=7609"}],"version-history":[{"count":0,"href":"https:\/\/noticiasveracruz.com\/index.php\/wp-json\/wp\/v2\/posts\/7609\/revisions"}],"wp:featuredmedia":[{"embeddable":true,"href":"https:\/\/noticiasveracruz.com\/index.php\/wp-json\/wp\/v2\/media\/3280"}],"wp:attachment":[{"href":"https:\/\/noticiasveracruz.com\/index.php\/wp-json\/wp\/v2\/media?parent=7609"}],"wp:term":[{"taxonomy":"category","embeddable":true,"href":"https:\/\/noticiasveracruz.com\/index.php\/wp-json\/wp\/v2\/categories?post=7609"},{"taxonomy":"post_tag","embeddable":true,"href":"https:\/\/noticiasveracruz.com\/index.php\/wp-json\/wp\/v2\/tags?post=7609"}],"curies":[{"name":"wp","href":"https:\/\/api.w.org\/{rel}","templated":true}]}}