{"id":76042,"date":"2026-03-27T00:00:20","date_gmt":"2026-03-27T06:00:20","guid":{"rendered":"https:\/\/noticiasveracruz.com\/?p=76042"},"modified":"2026-03-26T23:24:50","modified_gmt":"2026-03-27T05:24:50","slug":"no-todo-es-mayoria","status":"publish","type":"post","link":"https:\/\/noticiasveracruz.com\/index.php\/2026\/03\/27\/no-todo-es-mayoria\/","title":{"rendered":"No todo es mayor\u00eda"},"content":{"rendered":"<p><span style=\"font-family: arial, helvetica, sans-serif; font-size: 18pt;\"><strong>ALMA GRANDE<\/strong><\/span><\/p>\n<p><span style=\"font-family: arial, helvetica, sans-serif; font-size: 18pt;\"><strong>POR \u00c1NGEL \u00c1LVARO PE\u00d1A<\/strong><\/span><\/p>\n<p><span style=\"font-family: arial, helvetica, sans-serif; font-size: 14pt;\">Esta vez, el freno no vino de la oposici\u00f3n, sino desde dentro de la propia alianza oficialista.<\/span><\/p>\n<p><span style=\"font-family: arial, helvetica, sans-serif; font-size: 14pt;\">Tras seis horas de debate en el Senado, el llamado \u201cPlan B electoral\u201d fue aprobado en lo general con 87 votos a favor de Morena, PT y PVEM, frente a 41 en contra de PAN, PRI y Movimiento Ciudadano. Pero en lo particular, el Partido del Trabajo (PT) marc\u00f3 una l\u00ednea clara: no permitir que la revocaci\u00f3n de mandato se adelantara a 2027.<\/span><\/p>\n<p><span style=\"font-family: arial, helvetica, sans-serif; font-size: 14pt;\">La reserva presentada por la senadora petista Liz S\u00e1nchez elimin\u00f3 la modificaci\u00f3n al art\u00edculo 35 constitucional, que buscaba empatar este ejercicio con las elecciones intermedias. El resultado fue contundente: la revocaci\u00f3n de mandato se mantiene en 2028, como ya est\u00e1 establecido.<\/span><\/p>\n<p><span style=\"font-family: arial, helvetica, sans-serif; font-size: 14pt;\">Este movimiento no es menor. Morena, pese a d\u00edas de negociaciones, no logr\u00f3 convencer a su aliado. Y aunque el coordinador morenista en el Senado, Ignacio Mier, defendi\u00f3 que la reforma no es un fracaso \u2014al destacar cambios en tres art\u00edculos constitucionales y nueve transitorios\u2014, lo cierto es que el PT mostr\u00f3 m\u00fasculo pol\u00edtico y capacidad de condicionamiento.<\/span><\/p>\n<p><span style=\"font-family: arial, helvetica, sans-serif; font-size: 14pt;\">El mensaje es claro: la coalici\u00f3n se mantiene, pero no es incondicional.<\/span><\/p>\n<p><span style=\"font-family: arial, helvetica, sans-serif; font-size: 14pt;\">El propio Alberto Anaya lo dijo desde tribuna: acompa\u00f1an la reforma en lo general, pero se separan en lo que toca a la revocaci\u00f3n de mandato. Aun as\u00ed, reiter\u00f3 su respaldo a la presidenta Claudia Sheinbaum y confirm\u00f3 que la alianza seguir\u00e1 rumbo a 2027 y 2030.<\/span><\/p>\n<p><span style=\"font-family: arial, helvetica, sans-serif; font-size: 14pt;\">En los hechos, Morena privilegi\u00f3 la unidad sobre una de sus apuestas pol\u00edticas m\u00e1s simb\u00f3licas: la posibilidad de someter a la presidenta a revocaci\u00f3n en medio del proceso electoral. Una decisi\u00f3n que, para la oposici\u00f3n, evit\u00f3 un riesgo mayor: el uso de este mecanismo como herramienta de promoci\u00f3n pol\u00edtica.<\/span><\/p>\n<p><span style=\"font-family: arial, helvetica, sans-serif; font-size: 14pt;\">Y es que, desde el PRI, PAN y Movimiento Ciudadano, hubo coincidencia en algo: no rechazan la revocaci\u00f3n, pero s\u00ed su utilizaci\u00f3n en tiempos electorales. Lo que estaba en juego no era el mecanismo, sino su momento.<\/span><\/p>\n<p><span style=\"font-family: arial, helvetica, sans-serif; font-size: 14pt;\">M\u00e1s all\u00e1 de este episodio, la reforma s\u00ed incluye cambios relevantes: reducci\u00f3n de hasta 15% en el presupuesto del Senado, l\u00edmites al gasto de congresos estatales, tope salarial para funcionarios electorales \u2014que no podr\u00e1n ganar m\u00e1s de 134 mil pesos mensuales\u2014 y la prohibici\u00f3n de prestaciones como seguros m\u00e9dicos privados o esquemas especiales de retiro. Adem\u00e1s, se establece que los ayuntamientos no podr\u00e1n tener m\u00e1s de 15 regidores, respetando la paridad de g\u00e9nero.<\/span><\/p>\n<p><span style=\"font-family: arial, helvetica, sans-serif; font-size: 14pt;\">Los ahorros, seg\u00fan el dictamen, se destinar\u00e1n a infraestructura p\u00fablica.<\/span><\/p>\n<p><span style=\"font-family: arial, helvetica, sans-serif; font-size: 14pt;\">Pero el fondo pol\u00edtico no est\u00e1 en esos ajustes t\u00e9cnicos, sino en lo ocurrido en lo particular: el oficialismo no es un bloque monol\u00edtico. Tiene tensiones, equilibrios y l\u00edmites.<\/span><\/p>\n<p><span style=\"font-family: arial, helvetica, sans-serif; font-size: 14pt;\">El \u201cs\u00ed se pudo\u201d que corearon los senadores oficialistas no fue por imponer una reforma completa, sino por lograr un acuerdo que evitara una fractura.<\/span><\/p>\n<p><span style=\"font-family: arial, helvetica, sans-serif; font-size: 14pt;\">Hoy, el Plan B pasa a la C\u00e1mara de Diputados, donde deber\u00e1 discutirse antes de que termine abril para que pueda aplicarse en 2027.<\/span><\/p>\n<p><span style=\"font-family: arial, helvetica, sans-serif; font-size: 14pt;\">Pero m\u00e1s all\u00e1 del tr\u00e1mite legislativo, lo que queda es una lecci\u00f3n pol\u00edtica: en la Cuarta Transformaci\u00f3n, incluso los aliados m\u00e1s cercanos pueden convertirse en contrapeso. Y eso, en cualquier democracia, tambi\u00e9n es una forma de equilibrio. Esta columna se publica los lunes, mi\u00e9rcoles y viernes.<\/span><\/p>\n<p><img loading=\"lazy\" decoding=\"async\" class=\"alignnone wp-image-75976 size-full\" src=\"http:\/\/noticiasveracruz.com\/wp-content\/uploads\/2026\/03\/FIRMA-EDITORIAL-PD-6.jpg\" alt=\"\" width=\"1024\" height=\"125\" srcset=\"https:\/\/noticiasveracruz.com\/wp-content\/uploads\/2026\/03\/FIRMA-EDITORIAL-PD-6.jpg 1024w, https:\/\/noticiasveracruz.com\/wp-content\/uploads\/2026\/03\/FIRMA-EDITORIAL-PD-6-300x37.jpg 300w, https:\/\/noticiasveracruz.com\/wp-content\/uploads\/2026\/03\/FIRMA-EDITORIAL-PD-6-768x94.jpg 768w\" sizes=\"auto, (max-width: 1024px) 100vw, 1024px\" \/><\/p>\n","protected":false},"excerpt":{"rendered":"<p>ALMA GRANDE POR \u00c1NGEL \u00c1LVARO PE\u00d1A Esta vez, el freno no vino de la oposici\u00f3n, sino desde dentro de la propia alianza oficialista. Tras seis horas de debate en el Senado, el llamado \u201cPlan B electoral\u201d fue aprobado en lo general con 87 votos a favor de Morena, PT y PVEM, frente a 41 en [&hellip;]<\/p>\n","protected":false},"author":4,"featured_media":75786,"comment_status":"closed","ping_status":"closed","sticky":false,"template":"","format":"standard","meta":{"_jetpack_newsletter_access":"","_jetpack_dont_email_post_to_subs":false,"_jetpack_newsletter_tier_id":0,"_jetpack_memberships_contains_paywalled_content":false,"_jetpack_feature_clip_id":0,"_jetpack_memberships_contains_paid_content":false,"footnotes":"","jetpack_publicize_message":"","jetpack_publicize_feature_enabled":true,"jetpack_social_post_already_shared":true,"jetpack_social_options":{"image_generator_settings":{"template":"highway","default_image_id":0,"font":"","enabled":false},"version":2},"jetpack_post_was_ever_published":false},"categories":[6],"tags":[],"class_list":["post-76042","post","type-post","status-publish","format-standard","has-post-thumbnail","hentry","category-columnistas"],"jetpack_publicize_connections":[],"jetpack_sharing_enabled":true,"publishpress_future_action":{"enabled":false,"date":"2026-09-11 21:13:50","action":"change-status","newStatus":"draft","terms":[],"taxonomy":"category","extraData":[]},"publishpress_future_workflow_manual_trigger":{"enabledWorkflows":[]},"jetpack_featured_media_url":"https:\/\/noticiasveracruz.com\/wp-content\/uploads\/2026\/03\/BANNER-LOPEZ-DORIGA-DIGITAL-2.jpg","_links":{"self":[{"href":"https:\/\/noticiasveracruz.com\/index.php\/wp-json\/wp\/v2\/posts\/76042","targetHints":{"allow":["GET"]}}],"collection":[{"href":"https:\/\/noticiasveracruz.com\/index.php\/wp-json\/wp\/v2\/posts"}],"about":[{"href":"https:\/\/noticiasveracruz.com\/index.php\/wp-json\/wp\/v2\/types\/post"}],"author":[{"embeddable":true,"href":"https:\/\/noticiasveracruz.com\/index.php\/wp-json\/wp\/v2\/users\/4"}],"replies":[{"embeddable":true,"href":"https:\/\/noticiasveracruz.com\/index.php\/wp-json\/wp\/v2\/comments?post=76042"}],"version-history":[{"count":0,"href":"https:\/\/noticiasveracruz.com\/index.php\/wp-json\/wp\/v2\/posts\/76042\/revisions"}],"wp:featuredmedia":[{"embeddable":true,"href":"https:\/\/noticiasveracruz.com\/index.php\/wp-json\/wp\/v2\/media\/75786"}],"wp:attachment":[{"href":"https:\/\/noticiasveracruz.com\/index.php\/wp-json\/wp\/v2\/media?parent=76042"}],"wp:term":[{"taxonomy":"category","embeddable":true,"href":"https:\/\/noticiasveracruz.com\/index.php\/wp-json\/wp\/v2\/categories?post=76042"},{"taxonomy":"post_tag","embeddable":true,"href":"https:\/\/noticiasveracruz.com\/index.php\/wp-json\/wp\/v2\/tags?post=76042"}],"curies":[{"name":"wp","href":"https:\/\/api.w.org\/{rel}","templated":true}]}}