{"id":75883,"date":"2026-03-25T00:11:39","date_gmt":"2026-03-25T06:11:39","guid":{"rendered":"https:\/\/noticiasveracruz.com\/?p=75883"},"modified":"2026-03-24T22:04:29","modified_gmt":"2026-03-25T04:04:29","slug":"cfe-calificados-renueva-su-plataforma-digital-para-el-mercado-mayorista","status":"publish","type":"post","link":"https:\/\/noticiasveracruz.com\/index.php\/2026\/03\/25\/cfe-calificados-renueva-su-plataforma-digital-para-el-mercado-mayorista\/","title":{"rendered":"CFE Calificados renueva su plataforma digital para el mercado mayorista"},"content":{"rendered":"<p class=\"nota-justify\">CFE Calificados, el brazo comercializador de la Comisi\u00f3n Federal de Electricidad (CFE), anunci\u00f3 el lanzamiento de una plataforma digital renovada, para mejorar la atenci\u00f3n en el mercado mayorista.<\/p>\n<p class=\"nota-justify\">La empresa explic\u00f3 en una comunicaci\u00f3n que esta iniciativa busca fortalecer la comunicaci\u00f3n con sus clientes, aliados estrat\u00e9gicos y el p\u00fablico en general.<\/p>\n<p class=\"nota-justify\">Precis\u00f3 que la nueva plataforma ofrece una experiencia m\u00e1s \u00e1gil, clara y accesible, permitiendo a los posibles clientes conocer de manera sencilla los servicios y productos que ofrece CFE Calificados.<\/p>\n<p class=\"nota-justify\">Adem\u00e1s de mejoras en la navegaci\u00f3n, los servicios que pueden encontrar son Energ\u00eda, Potencia y Certificados de Energ\u00edas Limpias (CEL), asesor\u00eda y acompa\u00f1amiento especializado en la migraci\u00f3n al Mercado El\u00e9ctrico Mayorista y la regulaci\u00f3n; certificados de Energ\u00eda Renovable (I-REC) y suministro de \u00faltimo recurso.<\/p>\n<p class=\"nota-justify\">La empresa resalt\u00f3 que de esta manera, CFE Calificados busca poner la informaci\u00f3n, la innovaci\u00f3n y las soluciones energ\u00e9ticas al alcance de todo el p\u00fablico.<\/p>\n","protected":false},"excerpt":{"rendered":"<p>CFE Calificados, el brazo comercializador de la Comisi\u00f3n Federal de Electricidad (CFE), anunci\u00f3 el lanzamiento de una plataforma digital renovada, para mejorar la atenci\u00f3n en el mercado mayorista. La empresa explic\u00f3 en una comunicaci\u00f3n que esta iniciativa busca fortalecer la comunicaci\u00f3n con sus clientes, aliados estrat\u00e9gicos y el p\u00fablico en general. Precis\u00f3 que la nueva [&hellip;]<\/p>\n","protected":false},"author":4,"featured_media":75884,"comment_status":"closed","ping_status":"closed","sticky":false,"template":"","format":"standard","meta":{"_jetpack_newsletter_access":"","_jetpack_dont_email_post_to_subs":false,"_jetpack_newsletter_tier_id":0,"_jetpack_memberships_contains_paywalled_content":false,"_jetpack_feature_clip_id":0,"_jetpack_memberships_contains_paid_content":false,"footnotes":"","jetpack_publicize_message":"","jetpack_publicize_feature_enabled":true,"jetpack_social_post_already_shared":true,"jetpack_social_options":{"image_generator_settings":{"template":"highway","default_image_id":0,"font":"","enabled":false},"version":2},"jetpack_post_was_ever_published":false},"categories":[1947],"tags":[],"class_list":["post-75883","post","type-post","status-publish","format-standard","has-post-thumbnail","hentry","category-economia"],"jetpack_publicize_connections":[],"jetpack_sharing_enabled":true,"publishpress_future_action":{"enabled":false,"date":"2026-09-11 23:09:41","action":"change-status","newStatus":"draft","terms":[],"taxonomy":"category","extraData":[]},"publishpress_future_workflow_manual_trigger":{"enabledWorkflows":[]},"jetpack_featured_media_url":"https:\/\/noticiasveracruz.com\/wp-content\/uploads\/2026\/03\/CFE-Fibra-E-1536x864-1.png","_links":{"self":[{"href":"https:\/\/noticiasveracruz.com\/index.php\/wp-json\/wp\/v2\/posts\/75883","targetHints":{"allow":["GET"]}}],"collection":[{"href":"https:\/\/noticiasveracruz.com\/index.php\/wp-json\/wp\/v2\/posts"}],"about":[{"href":"https:\/\/noticiasveracruz.com\/index.php\/wp-json\/wp\/v2\/types\/post"}],"author":[{"embeddable":true,"href":"https:\/\/noticiasveracruz.com\/index.php\/wp-json\/wp\/v2\/users\/4"}],"replies":[{"embeddable":true,"href":"https:\/\/noticiasveracruz.com\/index.php\/wp-json\/wp\/v2\/comments?post=75883"}],"version-history":[{"count":0,"href":"https:\/\/noticiasveracruz.com\/index.php\/wp-json\/wp\/v2\/posts\/75883\/revisions"}],"wp:featuredmedia":[{"embeddable":true,"href":"https:\/\/noticiasveracruz.com\/index.php\/wp-json\/wp\/v2\/media\/75884"}],"wp:attachment":[{"href":"https:\/\/noticiasveracruz.com\/index.php\/wp-json\/wp\/v2\/media?parent=75883"}],"wp:term":[{"taxonomy":"category","embeddable":true,"href":"https:\/\/noticiasveracruz.com\/index.php\/wp-json\/wp\/v2\/categories?post=75883"},{"taxonomy":"post_tag","embeddable":true,"href":"https:\/\/noticiasveracruz.com\/index.php\/wp-json\/wp\/v2\/tags?post=75883"}],"curies":[{"name":"wp","href":"https:\/\/api.w.org\/{rel}","templated":true}]}}