{"id":7587,"date":"2022-09-01T07:10:11","date_gmt":"2022-09-01T12:10:11","guid":{"rendered":"https:\/\/noticiasveracruz.com\/?p=7587"},"modified":"2022-09-01T07:10:11","modified_gmt":"2022-09-01T12:10:11","slug":"tras-fallo-de-la-corte-nueva-york-restringira-el-porte-de-armas","status":"publish","type":"post","link":"https:\/\/noticiasveracruz.com\/index.php\/2022\/09\/01\/tras-fallo-de-la-corte-nueva-york-restringira-el-porte-de-armas\/","title":{"rendered":"Tras fallo de la Corte, Nueva York restringir\u00e1 el porte de armas"},"content":{"rendered":"<p class=\"p1\">\n<p class=\"p1\"><span style=\"font-size: 14pt;\"><em><strong>NUEVA YORK, EU.<\/strong> <\/em>En medio de las luces brillantes y las <strong>vallas publicitarias electr\u00f3nicas de Times Square en Nueva York<\/strong>, las autoridades de la ciudad est\u00e1n colocando letreros que proclaman que el bullicioso cruce de caminos es una \u201cZona Libre de Armas\u201d.<\/span><\/p>\n<p class=\"p1\"><span style=\"font-size: 18pt;\"><strong><span style=\"color: #139eca;\">La atracci\u00f3n tur\u00edstica en expansi\u00f3n de Manhattan es uno de los muchos lugares \u201csensibles\u201c, incluidos parques, iglesias y teatros, que estar\u00e1n prohibidos para las armas<\/span> seg\u00fan una nueva ley estatal que entrar\u00e1 en vigencia este jueves.<\/strong><\/span><\/p>\n<p>&nbsp;<\/p>\n<p><img loading=\"lazy\" decoding=\"async\" class=\"aligncenter wp-image-9596 size-large\" src=\"https:\/\/politicosaldesnudo.com.mx\/wp-content\/uploads\/2022\/09\/P-ARMAS-NY3-1024x573.png\" alt=\"\" width=\"800\" height=\"448\" \/><\/p>\n<p>&nbsp;<\/p>\n<p class=\"p1\"><span style=\"font-size: 18pt;\"><strong>La medida, aprobada despu\u00e9s de una decisi\u00f3n de la Corte Suprema de EU en junio que ampli\u00f3 los derechos de armas, tambi\u00e9n establece est\u00e1ndares estrictos para la emisi\u00f3n de permisos de portaci\u00f3n oculta.<\/strong><\/span><\/p>\n<p class=\"p1\"><span style=\"font-size: 14pt;\">Nueva York se encuentra entre la media docena de estados en los que el tribunal superior invalid\u00f3 disposiciones clave de sus leyes de armas debido al requisito de que los solicitantes demuestren que ten\u00edan una \u00abcausa adecuada\u00bb para obtener un permiso.\u00a0La gobernadora Kathy Hochul dijo el viernes que ella y sus compa\u00f1eros dem\u00f3cratas en la legislatura estatal\u00a0tomaron medidas la pr\u00f3xima semana\u00a0porque el fallo \u201cdestruy\u00f3 la capacidad de un gobernador de proteger a sus ciudadanos de las personas que portan armas ocultas en cualquier lugar que elijan\u201d.<\/span><\/p>\n<p class=\"p1\"><span style=\"font-size: 14pt;\">Sin embargo, la ley ha generado confusi\u00f3n y desaf\u00edos judiciales por parte de los propietarios de armas que dicen que limita indebidamente sus derechos constitucionales.<\/span><\/p>\n<blockquote>\n<p class=\"p1\"><span style=\"font-size: 14pt;\">Parecen estar dise\u00f1ados menos para abordar la violencia armada y m\u00e1s para simplemente evitar que las personas obtengan armas, incluso si esas personas son ciudadanos honrados y respetuosos de la ley que, seg\u00fan la Corte Suprema, tienen derecho a tenerlas\u201d, dijo Jonathan Corbett. , un abogado de Brooklyn y solicitante de permisos que es una de varias personas que impugnan la ley en los tribunales.<\/span><\/p>\n<\/blockquote>\n<p>&nbsp;<\/p>\n<p><img loading=\"lazy\" decoding=\"async\" class=\"aligncenter wp-image-9595 size-large\" src=\"https:\/\/politicosaldesnudo.com.mx\/wp-content\/uploads\/2022\/09\/P-ARMAS-NY2-1024x573.png\" alt=\"\" width=\"800\" height=\"448\" \/><\/p>\n<p>&nbsp;<\/p>\n","protected":false},"excerpt":{"rendered":"<p>NUEVA YORK, EU. En medio de las luces brillantes y las vallas publicitarias electr\u00f3nicas de Times Square en Nueva York,<\/p>\n","protected":false},"author":4,"featured_media":7588,"comment_status":"closed","ping_status":"closed","sticky":false,"template":"","format":"standard","meta":{"colormag_page_container_layout":"default_layout","colormag_page_sidebar_layout":"default_layout","_jetpack_memberships_contains_paid_content":false,"footnotes":"","jetpack_publicize_message":"","jetpack_publicize_feature_enabled":true,"jetpack_social_post_already_shared":false,"jetpack_social_options":{"image_generator_settings":{"template":"highway","default_image_id":0,"font":"","enabled":false},"version":2}},"categories":[355],"tags":[307,92,1322],"class_list":["post-7587","post","type-post","status-publish","format-standard","has-post-thumbnail","hentry","category-internacional","tag-armas","tag-estados-unidos","tag-nueva-york"],"jetpack_publicize_connections":[],"jetpack_featured_media_url":"https:\/\/noticiasveracruz.com\/wp-content\/uploads\/2022\/09\/P-ARMAS-NY1.png","jetpack_sharing_enabled":true,"publishpress_future_action":{"enabled":false,"date":"2026-05-06 17:10:19","action":"change-status","newStatus":"draft","terms":[],"taxonomy":"category","extraData":[]},"publishpress_future_workflow_manual_trigger":{"enabledWorkflows":[]},"_links":{"self":[{"href":"https:\/\/noticiasveracruz.com\/index.php\/wp-json\/wp\/v2\/posts\/7587","targetHints":{"allow":["GET"]}}],"collection":[{"href":"https:\/\/noticiasveracruz.com\/index.php\/wp-json\/wp\/v2\/posts"}],"about":[{"href":"https:\/\/noticiasveracruz.com\/index.php\/wp-json\/wp\/v2\/types\/post"}],"author":[{"embeddable":true,"href":"https:\/\/noticiasveracruz.com\/index.php\/wp-json\/wp\/v2\/users\/4"}],"replies":[{"embeddable":true,"href":"https:\/\/noticiasveracruz.com\/index.php\/wp-json\/wp\/v2\/comments?post=7587"}],"version-history":[{"count":0,"href":"https:\/\/noticiasveracruz.com\/index.php\/wp-json\/wp\/v2\/posts\/7587\/revisions"}],"wp:featuredmedia":[{"embeddable":true,"href":"https:\/\/noticiasveracruz.com\/index.php\/wp-json\/wp\/v2\/media\/7588"}],"wp:attachment":[{"href":"https:\/\/noticiasveracruz.com\/index.php\/wp-json\/wp\/v2\/media?parent=7587"}],"wp:term":[{"taxonomy":"category","embeddable":true,"href":"https:\/\/noticiasveracruz.com\/index.php\/wp-json\/wp\/v2\/categories?post=7587"},{"taxonomy":"post_tag","embeddable":true,"href":"https:\/\/noticiasveracruz.com\/index.php\/wp-json\/wp\/v2\/tags?post=7587"}],"curies":[{"name":"wp","href":"https:\/\/api.w.org\/{rel}","templated":true}]}}