{"id":75823,"date":"2026-03-24T00:11:48","date_gmt":"2026-03-24T06:11:48","guid":{"rendered":"https:\/\/noticiasveracruz.com\/?p=75823"},"modified":"2026-03-23T17:52:27","modified_gmt":"2026-03-23T23:52:27","slug":"t-mec-tiene-40-de-probabilidad-de-convertirse-en-un-acuerdo-bilateral","status":"publish","type":"post","link":"https:\/\/noticiasveracruz.com\/index.php\/2026\/03\/24\/t-mec-tiene-40-de-probabilidad-de-convertirse-en-un-acuerdo-bilateral\/","title":{"rendered":"T-MEC tiene 40% de probabilidad de convertirse en un acuerdo bilateral"},"content":{"rendered":"<p class=\"nota-justify\">El tratado comercial entre Estados Unidos, M\u00e9xico y Canad\u00e1 (T-MEC) tiene una probabilidad de 40 por ciento de convertirse en un acuerdo bilateral, sostuvo Larry Rubin, presidente de la American Society of Mexico.<\/p>\n<p class=\"nota-justify\" dir=\"auto\">\u201cNosotros creemos que que este tratado se conservar\u00e1 trilateral. A principio de a\u00f1o lo ve\u00edamos menos factible, pero como hemos visto la carga en diferentes temas que se est\u00e1 teniendo en Estados Unidos y particularmente en el Medio Oriente, hoy ya estamos viendo que se conserve como trilateral\u201d, coment\u00f3 en rueda de prensa.<\/p>\n<p class=\"nota-justify\" dir=\"auto\">Expuso que en la revisi\u00f3n del TMEC habr\u00e1 que doblegar esfuerzos en materia energ\u00e9tica debido a la competencia que enfrenta M\u00e9xico con Venezuela, Brasil y Colombia.<\/p>\n<p class=\"nota-justify\" dir=\"auto\">\u201cPor eso, para nosotros es imperativo continuar una relaci\u00f3n profunda con la Secretar\u00eda de Energ\u00eda, para que M\u00e9xico sea receptor de mayor orientaci\u00f3n del sector, y tambi\u00e9n podr\u00eda transmitir al gobierno mexicano, las inquietudes y los intereses que tienen las empresas estadounidenses en invertir en M\u00e9xico sobre otros pa\u00edses\u201d, coment\u00f3.<\/p>\n<p class=\"nota-justify\" dir=\"auto\">Rubin expuso que revisar el TMEC es importante porque crea mayores fuentes de empleo tanto en Estados Unidos como en M\u00e9xico.<\/p>\n<p class=\"nota-justify\" dir=\"auto\">En materia de seguridad dijo que hay evidentemente preocupaci\u00f3n por parte de las empresas que estar\u00edan interesadas en invertir en M\u00e9xico.<\/p>\n<p class=\"nota-justify\" dir=\"auto\">\u201cEvidentemente, la percepci\u00f3n en Estados Unidos es algo en lo que se tiene que trabajar d\u00eda con d\u00eda, porque hay una percepci\u00f3n todav\u00eda\u00a0bastante fuerte con los temas de seguridad y extorsi\u00f3n, pues hay una cantidad importante de empresas que quieren invertir en M\u00e9xico, que quieren crear empleo en M\u00e9xico\u201d, coment\u00f3.<\/p>\n<p class=\"nota-justify\">Mencion\u00f3 que para las familias mexicanas, el fortalecimiento del TMEC es clave debido a que se relacionan con la compra y venta en el sector agroalimentario sobre todo de Michoac\u00e1n, Jalisco y Sinaloa.<\/p>\n","protected":false},"excerpt":{"rendered":"<p>El tratado comercial entre Estados Unidos, M\u00e9xico y Canad\u00e1 (T-MEC) tiene una probabilidad de 40 por ciento de convertirse en un acuerdo bilateral, sostuvo Larry Rubin, presidente de la American Society of Mexico. \u201cNosotros creemos que que este tratado se conservar\u00e1 trilateral. A principio de a\u00f1o lo ve\u00edamos menos factible, pero como hemos visto la [&hellip;]<\/p>\n","protected":false},"author":4,"featured_media":75824,"comment_status":"closed","ping_status":"closed","sticky":false,"template":"","format":"standard","meta":{"_jetpack_newsletter_access":"","_jetpack_dont_email_post_to_subs":false,"_jetpack_newsletter_tier_id":0,"_jetpack_memberships_contains_paywalled_content":false,"_jetpack_feature_clip_id":0,"_jetpack_memberships_contains_paid_content":false,"footnotes":"","jetpack_publicize_message":"","jetpack_publicize_feature_enabled":true,"jetpack_social_post_already_shared":true,"jetpack_social_options":{"image_generator_settings":{"template":"highway","default_image_id":0,"font":"","enabled":false},"version":2},"jetpack_post_was_ever_published":false},"categories":[1947],"tags":[],"class_list":["post-75823","post","type-post","status-publish","format-standard","has-post-thumbnail","hentry","category-economia"],"jetpack_publicize_connections":[],"jetpack_sharing_enabled":true,"publishpress_future_action":{"enabled":false,"date":"2026-09-12 01:32:33","action":"change-status","newStatus":"draft","terms":[],"taxonomy":"category","extraData":[]},"publishpress_future_workflow_manual_trigger":{"enabledWorkflows":[]},"jetpack_featured_media_url":"https:\/\/noticiasveracruz.com\/wp-content\/uploads\/2026\/03\/ELTIMC.jpg","_links":{"self":[{"href":"https:\/\/noticiasveracruz.com\/index.php\/wp-json\/wp\/v2\/posts\/75823","targetHints":{"allow":["GET"]}}],"collection":[{"href":"https:\/\/noticiasveracruz.com\/index.php\/wp-json\/wp\/v2\/posts"}],"about":[{"href":"https:\/\/noticiasveracruz.com\/index.php\/wp-json\/wp\/v2\/types\/post"}],"author":[{"embeddable":true,"href":"https:\/\/noticiasveracruz.com\/index.php\/wp-json\/wp\/v2\/users\/4"}],"replies":[{"embeddable":true,"href":"https:\/\/noticiasveracruz.com\/index.php\/wp-json\/wp\/v2\/comments?post=75823"}],"version-history":[{"count":0,"href":"https:\/\/noticiasveracruz.com\/index.php\/wp-json\/wp\/v2\/posts\/75823\/revisions"}],"wp:featuredmedia":[{"embeddable":true,"href":"https:\/\/noticiasveracruz.com\/index.php\/wp-json\/wp\/v2\/media\/75824"}],"wp:attachment":[{"href":"https:\/\/noticiasveracruz.com\/index.php\/wp-json\/wp\/v2\/media?parent=75823"}],"wp:term":[{"taxonomy":"category","embeddable":true,"href":"https:\/\/noticiasveracruz.com\/index.php\/wp-json\/wp\/v2\/categories?post=75823"},{"taxonomy":"post_tag","embeddable":true,"href":"https:\/\/noticiasveracruz.com\/index.php\/wp-json\/wp\/v2\/tags?post=75823"}],"curies":[{"name":"wp","href":"https:\/\/api.w.org\/{rel}","templated":true}]}}