{"id":75708,"date":"2026-03-19T22:41:24","date_gmt":"2026-03-20T04:41:24","guid":{"rendered":"https:\/\/noticiasveracruz.com\/?p=75708"},"modified":"2026-03-22T18:42:17","modified_gmt":"2026-03-23T00:42:17","slug":"el-espejismo-de-la-rectitud","status":"publish","type":"post","link":"https:\/\/noticiasveracruz.com\/index.php\/2026\/03\/19\/el-espejismo-de-la-rectitud\/","title":{"rendered":"El espejismo de la rectitud"},"content":{"rendered":"<p style=\"font-weight: 400;\"><em>\u201cLa hipocres\u00eda y la culpa son hermanas gemelas\u201d. \u2013 Manuel Tamayo y Baus.<\/em><\/p>\n<p style=\"font-weight: 400;\"><strong>En Veracruz, pocas historias retratan con tanta claridad la deformaci\u00f3n del sistema como la de Gilberto Bravo Torra. No por lo que oficialmente se ha probado \u2014que a\u00fan sigue en curso\u2014, sino por lo que su trayectoria simboliza: el tr\u00e1nsito acelerado de la median\u00eda al poder econ\u00f3mico bajo la sombra del poder pol\u00edtico.<\/strong><\/p>\n<p style=\"font-weight: 400;\"><strong>Porque no se trata de una narrativa aislada. Diversas publicaciones coinciden en un punto inc\u00f3modo: el origen modesto del personaje \u2014vinculado a la venta de seguros\u2014 y su posterior consolidaci\u00f3n como uno de los principales actores del sector gasolinero durante el gobierno de Fidel Herrera Beltr\u00e1n. Un ascenso que, m\u00e1s que inspirar, despierta interrogantes.<\/strong><\/p>\n<p style=\"font-weight: 400;\"><strong>\u00bfC\u00f3mo se construye, en tan poco tiempo, un emporio de estaciones de servicio? \u00bfQu\u00e9 condiciones lo hicieron posible? \u00bfQui\u00e9nes facilitaron ese crecimiento?<\/strong><\/p>\n<p style=\"font-weight: 400;\"><strong>Las respuestas no son simples, pero el contexto s\u00ed es revelador. El periodo en el que Bravo Torra consolida su fortuna coincide con una etapa ampliamente se\u00f1alada por la consolidaci\u00f3n de redes de poder donde pol\u00edtica, negocios y opacidad caminaron de la mano.<\/strong><\/p>\n<p style=\"font-weight: 400;\"><strong>En toda historia donde se habla de grandes operaciones, casi siempre aparece una figura que acompa\u00f1a al protagonista principal, una especie de socio en la sombra o ejecutor de confianza.<\/strong><\/p>\n<p style=\"font-weight: 400;\"><strong>Ese parece ser el caso de Roberto P\u00e9rez. Su trayectoria guarda paralelismos: de operar apenas un par de estaciones de servicio a consolidar una red que hoy suma una veintena. Ambos personajes fueron se\u00f1alados en su momento como operadores cercanos en la campa\u00f1a a la gubernatura de Javier Duarte de Ochoa, a quien \u2014seg\u00fan versiones ampliamente difundidas\u2014 facilitaban incluso aeronaves privadas para sus traslados.<\/strong><\/p>\n<p style=\"font-weight: 400;\"><strong>Hoy, contin\u00faan expandiendo su presencia en el sector gasolinero, en medio de cuestionamientos persistentes sobre el origen de sus recursos y posibles v\u00ednculos con la comercializaci\u00f3n de combustibles de procedencia irregular.<\/strong><\/p>\n<p style=\"font-weight: 400;\"><strong>En ese contexto, tambi\u00e9n se ha mencionado su papel en la llamada Uni\u00f3n de Cr\u00e9dito de Gasolineros, un esquema que, de acuerdo con se\u00f1alamientos period\u00edsticos, habr\u00eda sido utilizado presuntamente como mecanismo financiero donde, al amparo de socios que buscan avales para la adquisici\u00f3n de combustibles a Petr\u00f3leos Mexicanos (Pemex) y a comercializadoras autorizadas, podr\u00edan generarse din\u00e1micas opacas que hoy ameritan un escrutinio puntual.<\/strong><\/p>\n<p style=\"font-weight: 400;\"><strong>Y es ah\u00ed donde aparece el elemento m\u00e1s perturbador: la doble moral.<\/strong><\/p>\n<p style=\"font-weight: 400;\"><strong>Porque mientras p\u00fablicamente se proyecta una imagen de empresario exitoso, incluso de referente de \u201crectitud\u201d, distintos espacios period\u00edsticos han documentado se\u00f1alamientos sobre su presunta vinculaci\u00f3n con esquemas de huachicol fiscal y redes de lavado de dinero dentro del sector energ\u00e9tico.<\/strong><\/p>\n<p style=\"font-weight: 400;\"><strong>El problema de fondo no es solo el personaje. Es el sistema que lo hizo posible.<\/strong><\/p>\n<p style=\"font-weight: 400;\"><strong>Porque lo verdaderamente grave no es que existan empresarios bajo sospecha; es que durante a\u00f1os pudieron crecer, consolidarse y presentarse como ejemplos de \u00e9xito \u2013diversificando negocios inclusive al ramo hotelero- sin que existiera un escrutinio efectivo. Un modelo donde la cercan\u00eda con el poder sustituye a la competencia, donde la impunidad permite acumular riqueza y donde la legalidad parece negociable.<\/strong><\/p>\n<p style=\"font-weight: 400;\"><strong>La historia reciente sugiere que ese modelo comienza a resquebrajarse. Las investigaciones federales, los operativos y la exposici\u00f3n medi\u00e1tica han comenzado a desmontar estructuras que durante a\u00f1os parec\u00edan intocables.<\/strong><\/p>\n<p style=\"font-weight: 400;\"><strong>Sin embargo, queda una pregunta m\u00e1s profunda: \u00bfcu\u00e1ntos m\u00e1s siguen operando bajo el mismo esquema?<\/strong><\/p>\n<p style=\"font-weight: 400;\"><strong>El caso de Gilberto Bravo Torra no debe leerse \u00fanicamente como la posible ca\u00edda de un empresario, sino como el s\u00edntoma de una enfermedad estructural: la normalizaci\u00f3n de la riqueza inexplicable.<\/strong><\/p>\n<p style=\"font-weight: 400;\"><strong>Porque en un pa\u00eds donde el m\u00e9rito deber\u00eda ser la regla, las fortunas que nacen al amparo del poder no son historias de \u00e9xito.<\/strong><\/p>\n<p style=\"font-weight: 400;\"><strong>Son, m\u00e1s bien, historias pendientes de explicaci\u00f3n.<\/strong><\/p>\n<p style=\"font-weight: 400;\"><strong>\u00a0<\/strong><\/p>\n<p style=\"font-weight: 400;\"><strong>Al tiempo.<\/strong><\/p>\n<p><img loading=\"lazy\" decoding=\"async\" class=\"alignnone wp-image-75696 size-full\" src=\"http:\/\/noticiasveracruz.com\/wp-content\/uploads\/2026\/03\/FIRMA-EDITORIAL-PD-5.jpg\" alt=\"\" width=\"1024\" height=\"125\" srcset=\"https:\/\/noticiasveracruz.com\/wp-content\/uploads\/2026\/03\/FIRMA-EDITORIAL-PD-5.jpg 1024w, https:\/\/noticiasveracruz.com\/wp-content\/uploads\/2026\/03\/FIRMA-EDITORIAL-PD-5-300x37.jpg 300w, https:\/\/noticiasveracruz.com\/wp-content\/uploads\/2026\/03\/FIRMA-EDITORIAL-PD-5-768x94.jpg 768w\" sizes=\"auto, (max-width: 1024px) 100vw, 1024px\" \/><\/p>\n","protected":false},"excerpt":{"rendered":"<p>\u201cLa hipocres\u00eda y la culpa son hermanas gemelas\u201d. \u2013 Manuel Tamayo y Baus. En Veracruz, pocas historias retratan con tanta<\/p>\n","protected":false},"author":4,"featured_media":71786,"comment_status":"closed","ping_status":"closed","sticky":false,"template":"","format":"standard","meta":{"colormag_page_container_layout":"default_layout","colormag_page_sidebar_layout":"default_layout","_jetpack_memberships_contains_paid_content":false,"footnotes":"","jetpack_publicize_message":"","jetpack_publicize_feature_enabled":true,"jetpack_social_post_already_shared":true,"jetpack_social_options":{"image_generator_settings":{"template":"highway","default_image_id":0,"font":"","enabled":false},"version":2}},"categories":[6],"tags":[],"class_list":["post-75708","post","type-post","status-publish","format-standard","has-post-thumbnail","hentry","category-columnistas"],"jetpack_publicize_connections":[],"jetpack_featured_media_url":"https:\/\/noticiasveracruz.com\/wp-content\/uploads\/2026\/01\/BANNERBAQUEIRO-NV.jpg","jetpack_sharing_enabled":true,"publishpress_future_action":{"enabled":false,"date":"2026-05-06 13:02:54","action":"change-status","newStatus":"draft","terms":[],"taxonomy":"category","extraData":[]},"publishpress_future_workflow_manual_trigger":{"enabledWorkflows":[]},"_links":{"self":[{"href":"https:\/\/noticiasveracruz.com\/index.php\/wp-json\/wp\/v2\/posts\/75708","targetHints":{"allow":["GET"]}}],"collection":[{"href":"https:\/\/noticiasveracruz.com\/index.php\/wp-json\/wp\/v2\/posts"}],"about":[{"href":"https:\/\/noticiasveracruz.com\/index.php\/wp-json\/wp\/v2\/types\/post"}],"author":[{"embeddable":true,"href":"https:\/\/noticiasveracruz.com\/index.php\/wp-json\/wp\/v2\/users\/4"}],"replies":[{"embeddable":true,"href":"https:\/\/noticiasveracruz.com\/index.php\/wp-json\/wp\/v2\/comments?post=75708"}],"version-history":[{"count":0,"href":"https:\/\/noticiasveracruz.com\/index.php\/wp-json\/wp\/v2\/posts\/75708\/revisions"}],"wp:featuredmedia":[{"embeddable":true,"href":"https:\/\/noticiasveracruz.com\/index.php\/wp-json\/wp\/v2\/media\/71786"}],"wp:attachment":[{"href":"https:\/\/noticiasveracruz.com\/index.php\/wp-json\/wp\/v2\/media?parent=75708"}],"wp:term":[{"taxonomy":"category","embeddable":true,"href":"https:\/\/noticiasveracruz.com\/index.php\/wp-json\/wp\/v2\/categories?post=75708"},{"taxonomy":"post_tag","embeddable":true,"href":"https:\/\/noticiasveracruz.com\/index.php\/wp-json\/wp\/v2\/tags?post=75708"}],"curies":[{"name":"wp","href":"https:\/\/api.w.org\/{rel}","templated":true}]}}