{"id":75706,"date":"2026-03-19T18:39:03","date_gmt":"2026-03-20T00:39:03","guid":{"rendered":"https:\/\/noticiasveracruz.com\/?p=75706"},"modified":"2026-03-22T18:40:16","modified_gmt":"2026-03-23T00:40:16","slug":"cumbre-tajin-del-orgullo-cultural-al-sintoma-del-abandono","status":"publish","type":"post","link":"https:\/\/noticiasveracruz.com\/index.php\/2026\/03\/19\/cumbre-tajin-del-orgullo-cultural-al-sintoma-del-abandono\/","title":{"rendered":"Cumbre Taj\u00edn: del orgullo cultural al s\u00edntoma del abandono"},"content":{"rendered":"<p>\u00bfEn qu\u00e9 momento un proyecto cultural de talla internacional se convirti\u00f3 en una versi\u00f3n disminuida de s\u00ed mismo, sostenida m\u00e1s por la inercia burocr\u00e1tica que por una verdadera pol\u00edtica p\u00fablica de Estado? La pregunta no es ret\u00f3rica: es el reflejo de un proceso de desgaste que hoy exhibe, sin pudor, la decadencia del Festival Cumbre Taj\u00edn.<\/p>\n<p>&nbsp;<\/p>\n<p>Nacido en el gobierno de Miguel Alem\u00e1n Velasco, el Festival Internacional Cumbre Taj\u00edn fue, en su origen, una apuesta ambiciosa por posicionar a Veracruz \u2014y particularmente a la zona totonaca\u2014 en el mapa cultural del mundo. No se trataba solo de espect\u00e1culos: era un proyecto integral que conjugaba tradici\u00f3n, identidad, turismo y desarrollo econ\u00f3mico. Durante sus mejores a\u00f1os, -como nos toc\u00f3 ir a cubrirlo con el grupo de periodistas que eran invitados- el festival logr\u00f3 atraer a artistas de talla internacional, generar derrama econ\u00f3mica y, sobre todo, dignificar la riqueza cultural de los pueblos originarios.<\/p>\n<p>&nbsp;<\/p>\n<p>Hoy, sin embargo, el panorama es otro. Y no se necesita ser experto para advertirlo. Basta observar la reducci\u00f3n sistem\u00e1tica del presupuesto, la disminuci\u00f3n de d\u00edas \u2014de ocho a apenas tres\u2014 y la p\u00e9rdida de calidad en la cartelera art\u00edstica. Lo que antes era un escaparate global, hoy parece una agenda improvisada que mezcla sin criterio ni rumbo. De la difusi\u00f3n, ya ni hablar es bueno.<\/p>\n<p>&nbsp;<\/p>\n<p>Aqu\u00ed no hay nostalgia: hay evidencia. Los presupuestos culturales en Veracruz han sido hist\u00f3ricamente vulnerables a los vaivenes pol\u00edticos. Cada administraci\u00f3n llega con su propia narrativa y, en el peor de los casos, con su propio desinter\u00e9s. La cultura, lejos de ser vista como inversi\u00f3n estrat\u00e9gica, se trata como gasto prescindible. Y cuando hay recortes, siempre es el arte, la tradici\u00f3n y la identidad lo primero que se sacrifica.<\/p>\n<p>&nbsp;<\/p>\n<p>La reducci\u00f3n del Festival Cumbre Taj\u00edn no es un hecho aislado: es el s\u00edntoma de una pol\u00edtica cultural sin continuidad ni visi\u00f3n de largo plazo. En M\u00e9xico, los proyectos culturales suelen depender m\u00e1s del entusiasmo sexenal que de una institucionalidad s\u00f3lida. Y as\u00ed, lo que una administraci\u00f3n construye, la siguiente lo diluye.<\/p>\n<p>&nbsp;<\/p>\n<p>Pero hay algo m\u00e1s grave: la banalizaci\u00f3n del contenido. La inclusi\u00f3n indiscriminada de espect\u00e1culos sin coherencia con la esencia del festival no solo empobrece su calidad, sino que traiciona su origen. Cumbre Taj\u00edn no naci\u00f3 para ser una feria m\u00e1s, ni para competir con fiestas patronales. Su prop\u00f3sito era otro: poner en valor la cosmovisi\u00f3n totonaca, generar di\u00e1logo intercultural y proyectar una identidad con ra\u00edces profundas.<\/p>\n<p>&nbsp;<\/p>\n<p>Cuando se pierde ese eje, el festival deja de tener sentido. Y lo que queda es un cascar\u00f3n: un evento que sobrevive, pero ya no trasciende.<\/p>\n<p>&nbsp;<\/p>\n<p>Es cierto que las condiciones econ\u00f3micas del pa\u00eds no son las mismas que hace dos d\u00e9cadas. Tambi\u00e9n lo es que los gobiernos enfrentan prioridades urgentes en materia de seguridad, salud o infraestructura. Pero precisamente por eso, la cultura deber\u00eda ser entendida como parte de la soluci\u00f3n, no del problema. Invertir en cultura no es un lujo: es una herramienta de cohesi\u00f3n social, de desarrollo comunitario y de construcci\u00f3n de ciudadan\u00eda.<\/p>\n<p>&nbsp;<\/p>\n<p>Reducir Cumbre Taj\u00edn es reducir una plataforma de identidad. Es enviar un mensaje claro \u2014y preocupante\u2014: que la cultura ind\u00edgena puede esperar, que la promoci\u00f3n cultural es secundaria, que el orgullo de pertenecer se negocia en funci\u00f3n del presupuesto.<\/p>\n<p>&nbsp;<\/p>\n<p>Y sin embargo, no todo est\u00e1 perdido. El festival a\u00fan conserva un capital simb\u00f3lico importante. La zona arqueol\u00f3gica de El Taj\u00edn, el Centro de las Artes Ind\u00edgenas y la riqueza viva del pueblo totonaca siguen siendo pilares que podr\u00edan sostener una recuperaci\u00f3n. Pero eso requiere algo que ha estado ausente: voluntad pol\u00edtica, planeaci\u00f3n estrat\u00e9gica y respeto por el sentido original del proyecto.<\/p>\n<p>&nbsp;<\/p>\n<p>Se necesita reconstruir el festival desde sus bases, no maquillarlo. Volver a apostar por calidad sobre cantidad, por identidad sobre espect\u00e1culo vac\u00edo. Involucrar a las comunidades, garantizar transparencia en el uso de recursos y, sobre todo, entender que la cultura no es un accesorio de gobierno, sino un componente esencial del desarrollo.<\/p>\n<p>&nbsp;<\/p>\n<p>Porque cuando un festival como Cumbre Taj\u00edn se reduce, no solo pierde Veracruz: pierde M\u00e9xico.<\/p>\n<p>&nbsp;<\/p>\n<p>Y lo m\u00e1s preocupante no es que el festival est\u00e9 decayendo, sino que quienes deber\u00edan rescatarlo parecen conformarse con verlo morir lentamente, hasta convertirlo \u2014sin decirlo\u2014 en lo que nunca debi\u00f3 ser: una fiesta de pueblo disfrazada de lo que alguna vez fue grande.<\/p>\n<p><img loading=\"lazy\" decoding=\"async\" class=\"alignnone wp-image-75696 size-full\" src=\"http:\/\/noticiasveracruz.com\/wp-content\/uploads\/2026\/03\/FIRMA-EDITORIAL-PD-5.jpg\" alt=\"\" width=\"1024\" height=\"125\" srcset=\"https:\/\/noticiasveracruz.com\/wp-content\/uploads\/2026\/03\/FIRMA-EDITORIAL-PD-5.jpg 1024w, https:\/\/noticiasveracruz.com\/wp-content\/uploads\/2026\/03\/FIRMA-EDITORIAL-PD-5-300x37.jpg 300w, https:\/\/noticiasveracruz.com\/wp-content\/uploads\/2026\/03\/FIRMA-EDITORIAL-PD-5-768x94.jpg 768w\" sizes=\"auto, (max-width: 1024px) 100vw, 1024px\" \/><\/p>\n","protected":false},"excerpt":{"rendered":"<p>\u00bfEn qu\u00e9 momento un proyecto cultural de talla internacional se convirti\u00f3 en una versi\u00f3n disminuida de s\u00ed mismo, sostenida m\u00e1s<\/p>\n","protected":false},"author":4,"featured_media":74051,"comment_status":"closed","ping_status":"closed","sticky":false,"template":"","format":"standard","meta":{"colormag_page_container_layout":"default_layout","colormag_page_sidebar_layout":"default_layout","_jetpack_memberships_contains_paid_content":false,"footnotes":"","jetpack_publicize_message":"","jetpack_publicize_feature_enabled":true,"jetpack_social_post_already_shared":true,"jetpack_social_options":{"image_generator_settings":{"template":"highway","default_image_id":0,"font":"","enabled":false},"version":2}},"categories":[6],"tags":[],"class_list":["post-75706","post","type-post","status-publish","format-standard","has-post-thumbnail","hentry","category-columnistas"],"jetpack_publicize_connections":[],"jetpack_featured_media_url":"https:\/\/noticiasveracruz.com\/wp-content\/uploads\/2026\/02\/BANNER-cristiani-NV-2.jpg","jetpack_sharing_enabled":true,"publishpress_future_action":{"enabled":false,"date":"2026-05-06 13:54:16","action":"change-status","newStatus":"draft","terms":[],"taxonomy":"category","extraData":[]},"publishpress_future_workflow_manual_trigger":{"enabledWorkflows":[]},"_links":{"self":[{"href":"https:\/\/noticiasveracruz.com\/index.php\/wp-json\/wp\/v2\/posts\/75706","targetHints":{"allow":["GET"]}}],"collection":[{"href":"https:\/\/noticiasveracruz.com\/index.php\/wp-json\/wp\/v2\/posts"}],"about":[{"href":"https:\/\/noticiasveracruz.com\/index.php\/wp-json\/wp\/v2\/types\/post"}],"author":[{"embeddable":true,"href":"https:\/\/noticiasveracruz.com\/index.php\/wp-json\/wp\/v2\/users\/4"}],"replies":[{"embeddable":true,"href":"https:\/\/noticiasveracruz.com\/index.php\/wp-json\/wp\/v2\/comments?post=75706"}],"version-history":[{"count":0,"href":"https:\/\/noticiasveracruz.com\/index.php\/wp-json\/wp\/v2\/posts\/75706\/revisions"}],"wp:featuredmedia":[{"embeddable":true,"href":"https:\/\/noticiasveracruz.com\/index.php\/wp-json\/wp\/v2\/media\/74051"}],"wp:attachment":[{"href":"https:\/\/noticiasveracruz.com\/index.php\/wp-json\/wp\/v2\/media?parent=75706"}],"wp:term":[{"taxonomy":"category","embeddable":true,"href":"https:\/\/noticiasveracruz.com\/index.php\/wp-json\/wp\/v2\/categories?post=75706"},{"taxonomy":"post_tag","embeddable":true,"href":"https:\/\/noticiasveracruz.com\/index.php\/wp-json\/wp\/v2\/tags?post=75706"}],"curies":[{"name":"wp","href":"https:\/\/api.w.org\/{rel}","templated":true}]}}