{"id":75702,"date":"2026-03-18T10:34:26","date_gmt":"2026-03-18T16:34:26","guid":{"rendered":"https:\/\/noticiasveracruz.com\/?p=75702"},"modified":"2026-03-22T18:36:34","modified_gmt":"2026-03-23T00:36:34","slug":"dos-bocas-el-discurso-arde-mas-que-el-petroleo","status":"publish","type":"post","link":"https:\/\/noticiasveracruz.com\/index.php\/2026\/03\/18\/dos-bocas-el-discurso-arde-mas-que-el-petroleo\/","title":{"rendered":"Dos Bocas: el discurso arde m\u00e1s que el petr\u00f3leo"},"content":{"rendered":"<p>\u00bfHasta cu\u00e1ndo la tragedia ser\u00e1 el precio silencioso de los proyectos emblem\u00e1ticos del poder? La muerte de al menos cinco personas en el incendio de la refiner\u00eda de Dos Bocas no es un accidente aislado: es un s\u00edntoma. Y como todo s\u00edntoma en pol\u00edtica p\u00fablica, revela m\u00e1s de lo que el discurso oficial est\u00e1 dispuesto a admitir.<\/p>\n<p>Petr\u00f3leos Mexicanos inform\u00f3 que el siniestro fue provocado por las intensas lluvias en Tabasco, que ocasionaron el desbordamiento de aceite y su posterior ignici\u00f3n. La explicaci\u00f3n t\u00e9cnica, aunque plausible, resulta insuficiente. En una industria de alto riesgo como la petrolera, el clima no es una variable inesperada: es un factor estructural que debe preverse, mitigarse y administrarse con protocolos rigurosos. Cuando una lluvia deriva en muerte, no estamos ante un fen\u00f3meno natural, sino ante una falla humana.<\/p>\n<p>Dos Bocas no es cualquier instalaci\u00f3n. Es el proyecto insignia de una administraci\u00f3n que apost\u00f3 por la soberan\u00eda energ\u00e9tica como bandera pol\u00edtica. Se anunci\u00f3 como la soluci\u00f3n a la dependencia de combustibles importados, como s\u00edmbolo de recuperaci\u00f3n nacionalista y como motor de desarrollo regional. Sin embargo, desde su concepci\u00f3n, la refiner\u00eda arrastr\u00f3 cuestionamientos t\u00e9cnicos, financieros y ambientales. Retrasos, sobrecostos y ajustes operativos han sido parte de su historia reciente. Hoy, a esa lista se suma la tragedia.<\/p>\n<p>Conviene poner los hechos en contexto. La industria petrolera mexicana tiene antecedentes preocupantes en materia de seguridad industrial. Explosiones en plataformas, fugas en ductos y accidentes en refiner\u00edas han cobrado vidas a lo largo de d\u00e9cadas. No es un problema nuevo, pero s\u00ed persistente. Y lo m\u00e1s grave: es un problema que no ha sido resuelto, pese a los cambios de gobierno y a las reiteradas promesas de modernizaci\u00f3n.<\/p>\n<p>El argumento de que \u201cno hubo riesgo para la poblaci\u00f3n\u201d suena, en este contexto, casi c\u00ednico. \u00bfQu\u00e9 hay de los trabajadores? \u00bfQu\u00e9 hay de las condiciones laborales, de los equipos de seguridad, de la capacitaci\u00f3n y de la supervisi\u00f3n? La muerte de cinco personas, entre ellas una trabajadora de Pemex, no puede reducirse a una nota al pie en el parte oficial. Cada vida perdida es una evidencia de que algo no est\u00e1 funcionando.<\/p>\n<p>Aqu\u00ed es donde la pol\u00edtica entra en escena. Los proyectos emblem\u00e1ticos suelen blindarse con narrativa, no con resultados. Se defienden desde la tribuna, no desde la evidencia. Se celebran en conferencias, pero se descuidan en la operaci\u00f3n cotidiana. Dos Bocas fue, desde el inicio, m\u00e1s un s\u00edmbolo pol\u00edtico que un proyecto t\u00e9cnico consensuado. Y cuando la pol\u00edtica sustituye a la ingenier\u00eda, el margen de error se vuelve letal.<\/p>\n<p>No se trata de descalificar por consigna, sino de exigir por responsabilidad. La seguridad industrial no es un lujo ni un asunto secundario: es una obligaci\u00f3n legal y \u00e9tica. Existen normas oficiales, est\u00e1ndares internacionales y protocolos claros para prevenir este tipo de incidentes. Cuando estos fallan, corresponde investigar, deslindar responsabilidades y, sobre todo, corregir.<\/p>\n<p>El problema es que en M\u00e9xico la rendici\u00f3n de cuentas suele diluirse. Se anuncian investigaciones que rara vez concluyen en sanciones ejemplares. Se reparten culpas de manera difusa. Se protege la imagen institucional por encima de la verdad. Y as\u00ed, el ciclo se repite: accidente, indignaci\u00f3n, olvido.<\/p>\n<p>Dos Bocas deber\u00eda ser una oportunidad para romper ese patr\u00f3n. Para revisar a fondo las condiciones de operaci\u00f3n, para transparentar los informes t\u00e9cnicos, para escuchar a los trabajadores y especialistas. Para reconocer errores sin maquillarlos. Porque la confianza p\u00fablica no se construye con discursos, sino con hechos verificables.<\/p>\n<p>Tambi\u00e9n es momento de replantear la l\u00f3gica de los megaproyectos. No basta con que sean pol\u00edticamente rentables; deben ser t\u00e9cnicamente viables y socialmente responsables. La infraestructura energ\u00e9tica no puede seguir operando bajo esquemas de improvisaci\u00f3n o presi\u00f3n pol\u00edtica. Requiere planeaci\u00f3n de largo plazo, inversi\u00f3n sostenida en mantenimiento y una cultura de seguridad que no admita excepciones.<\/p>\n<p>El incendio en Dos Bocas no solo dej\u00f3 v\u00edctimas; dej\u00f3 preguntas inc\u00f3modas. \u00bfSe evaluaron correctamente los riesgos clim\u00e1ticos? \u00bfSe contaba con sistemas de contenci\u00f3n adecuados? \u00bfSe siguieron los protocolos de emergencia? \u00bfQui\u00e9n supervisa y con qu\u00e9 criterios? Son interrogantes que no pueden responderse con boletines, sino con auditor\u00edas independientes y resultados p\u00fablicos.<\/p>\n<p>La ciudadan\u00eda tiene derecho a saber, pero sobre todo tiene derecho a exigir. Porque detr\u00e1s de cada proyecto financiado con recursos p\u00fablicos hay una responsabilidad ineludible: proteger la vida. Y cuando esa responsabilidad se incumple, no basta con lamentar; hay que transformar.<\/p>\n<p>Dos Bocas arde hoy no solo por el fuego, sino por la evidencia de que en M\u00e9xico seguimos construyendo s\u00edmbolos mientras descuidamos lo esencial: la seguridad, la verdad y la vida misma.<\/p>\n<p>Porque cuando la propaganda sustituye a la prevenci\u00f3n, el costo no se mide en barriles, sino en cad\u00e1veres.<\/p>\n<p><img loading=\"lazy\" decoding=\"async\" class=\"alignnone wp-image-75696 size-full\" src=\"http:\/\/noticiasveracruz.com\/wp-content\/uploads\/2026\/03\/FIRMA-EDITORIAL-PD-5.jpg\" alt=\"\" width=\"1024\" height=\"125\" srcset=\"https:\/\/noticiasveracruz.com\/wp-content\/uploads\/2026\/03\/FIRMA-EDITORIAL-PD-5.jpg 1024w, https:\/\/noticiasveracruz.com\/wp-content\/uploads\/2026\/03\/FIRMA-EDITORIAL-PD-5-300x37.jpg 300w, https:\/\/noticiasveracruz.com\/wp-content\/uploads\/2026\/03\/FIRMA-EDITORIAL-PD-5-768x94.jpg 768w\" sizes=\"auto, (max-width: 1024px) 100vw, 1024px\" \/><\/p>\n","protected":false},"excerpt":{"rendered":"<p>\u00bfHasta cu\u00e1ndo la tragedia ser\u00e1 el precio silencioso de los proyectos emblem\u00e1ticos del poder? La muerte de al menos cinco<\/p>\n","protected":false},"author":4,"featured_media":74051,"comment_status":"closed","ping_status":"closed","sticky":false,"template":"","format":"standard","meta":{"colormag_page_container_layout":"default_layout","colormag_page_sidebar_layout":"default_layout","_jetpack_memberships_contains_paid_content":false,"footnotes":"","jetpack_publicize_message":"","jetpack_publicize_feature_enabled":true,"jetpack_social_post_already_shared":true,"jetpack_social_options":{"image_generator_settings":{"template":"highway","default_image_id":0,"font":"","enabled":false},"version":2}},"categories":[6],"tags":[],"class_list":["post-75702","post","type-post","status-publish","format-standard","has-post-thumbnail","hentry","category-columnistas"],"jetpack_publicize_connections":[],"jetpack_featured_media_url":"https:\/\/noticiasveracruz.com\/wp-content\/uploads\/2026\/02\/BANNER-cristiani-NV-2.jpg","jetpack_sharing_enabled":true,"publishpress_future_action":{"enabled":false,"date":"2026-05-06 13:52:07","action":"change-status","newStatus":"draft","terms":[],"taxonomy":"category","extraData":[]},"publishpress_future_workflow_manual_trigger":{"enabledWorkflows":[]},"_links":{"self":[{"href":"https:\/\/noticiasveracruz.com\/index.php\/wp-json\/wp\/v2\/posts\/75702","targetHints":{"allow":["GET"]}}],"collection":[{"href":"https:\/\/noticiasveracruz.com\/index.php\/wp-json\/wp\/v2\/posts"}],"about":[{"href":"https:\/\/noticiasveracruz.com\/index.php\/wp-json\/wp\/v2\/types\/post"}],"author":[{"embeddable":true,"href":"https:\/\/noticiasveracruz.com\/index.php\/wp-json\/wp\/v2\/users\/4"}],"replies":[{"embeddable":true,"href":"https:\/\/noticiasveracruz.com\/index.php\/wp-json\/wp\/v2\/comments?post=75702"}],"version-history":[{"count":0,"href":"https:\/\/noticiasveracruz.com\/index.php\/wp-json\/wp\/v2\/posts\/75702\/revisions"}],"wp:featuredmedia":[{"embeddable":true,"href":"https:\/\/noticiasveracruz.com\/index.php\/wp-json\/wp\/v2\/media\/74051"}],"wp:attachment":[{"href":"https:\/\/noticiasveracruz.com\/index.php\/wp-json\/wp\/v2\/media?parent=75702"}],"wp:term":[{"taxonomy":"category","embeddable":true,"href":"https:\/\/noticiasveracruz.com\/index.php\/wp-json\/wp\/v2\/categories?post=75702"},{"taxonomy":"post_tag","embeddable":true,"href":"https:\/\/noticiasveracruz.com\/index.php\/wp-json\/wp\/v2\/tags?post=75702"}],"curies":[{"name":"wp","href":"https:\/\/api.w.org\/{rel}","templated":true}]}}