{"id":75700,"date":"2026-03-18T09:32:57","date_gmt":"2026-03-18T15:32:57","guid":{"rendered":"https:\/\/noticiasveracruz.com\/?p=75700"},"modified":"2026-03-22T18:33:54","modified_gmt":"2026-03-23T00:33:54","slug":"democracia-bajo-fuego","status":"publish","type":"post","link":"https:\/\/noticiasveracruz.com\/index.php\/2026\/03\/18\/democracia-bajo-fuego\/","title":{"rendered":"Democracia bajo fuego"},"content":{"rendered":"<p style=\"font-weight: 400;\"><em>\u201cQue el di\u00e1logo de las armas deje lugar a las armas del di\u00e1logo\u201d. \u2013 Juan Pablo II.<\/em><\/p>\n<p style=\"font-weight: 400;\"><strong>El reciente informe de Integralia Consultores no solo documenta cifras: expone una herida abierta en la vida p\u00fablica del pa\u00eds. Con 382 incidentes de violencia pol\u00edtico-electoral en 2025 \u2014el segundo nivel m\u00e1s alto desde 2018\u2014, M\u00e9xico confirma una tendencia alarmante donde la violencia ha dejado de ser una anomal\u00eda para convertirse en instrumento sistem\u00e1tico de presi\u00f3n y control territorial.<\/strong><\/p>\n<p style=\"font-weight: 400;\"><strong>El dato, por s\u00ed mismo, es inquietante. Pero lo es a\u00fan m\u00e1s cuando se observa su composici\u00f3n: casi la mitad de los casos corresponden a homicidios dolosos. Es decir, la disputa pol\u00edtica ya no se libra \u00fanicamente en las urnas, sino en escenarios donde la intimidaci\u00f3n armada y la eliminaci\u00f3n f\u00edsica de adversarios se han normalizado como mecanismos de competencia. En este contexto, la democracia mexicana enfrenta un desaf\u00edo estructural: la infiltraci\u00f3n y captura de espacios p\u00fablicos por parte del crimen organizado.<\/strong><\/p>\n<p style=\"font-weight: 400;\"><strong>En la entrevista realizada por este reportero a Jorge Saulo Davila, consultor experto en seguridad de Integralia Consultores, se advierte con claridad que estos fen\u00f3menos no son aislados ni espont\u00e1neos. Responden a una l\u00f3gica de control territorial donde los grupos criminales buscan incidir en qui\u00e9n gobierna, c\u00f3mo gobierna y para qui\u00e9n gobierna. La violencia, en este sentido, no es un efecto colateral: es una estrategia deliberada para moldear el poder pol\u00edtico desde las sombras.<\/strong><\/p>\n<p style=\"font-weight: 400;\"><strong>Veracruz se erige como el epicentro de esta crisis. Con 104 casos documentados, la entidad encabeza la lista nacional. No es casualidad. Su compleja geograf\u00eda, la disputa por rutas estrat\u00e9gicas y la fragmentaci\u00f3n institucional han convertido al estado en un laboratorio donde confluyen intereses criminales y debilidades gubernamentales. Pero m\u00e1s all\u00e1 del n\u00famero, lo preocupante es el mensaje: ejercer la pol\u00edtica en amplias zonas del territorio implica hoy un riesgo real para la vida.<\/strong><\/p>\n<p style=\"font-weight: 400;\"><strong>Este escenario plantea una paradoja inquietante. Mientras el discurso oficial insiste en la construcci\u00f3n de paz y el fortalecimiento del orden social, la realidad evidencia una disputa activa por el control del poder local. Los municipios \u2014donde ocurre el 79.3% de las agresiones\u2014 se han convertido en el eslab\u00f3n m\u00e1s d\u00e9bil de la cadena institucional, vulnerables ante la presi\u00f3n de actores que operan con mayor capacidad de coerci\u00f3n que el propio Estado.<\/strong><\/p>\n<p style=\"font-weight: 400;\"><strong>La violencia pol\u00edtico-electoral no solo amenaza a candidatos o funcionarios; erosiona la confianza ciudadana, distorsiona la voluntad popular y vac\u00eda de contenido el principio democr\u00e1tico. Cuando un aspirante decide no contender por miedo, o cuando una comunidad vota bajo coacci\u00f3n, la democracia deja de ser una expresi\u00f3n libre para convertirse en una simulaci\u00f3n condicionada.<\/strong><\/p>\n<p style=\"font-weight: 400;\"><strong>Lo m\u00e1s preocupante es la falta de respuestas estructurales. Como advierte el propio informe, las reformas electorales en discusi\u00f3n no contemplan medidas espec\u00edficas para enfrentar este fen\u00f3meno. Se legisla sobre procedimientos, pero se omite el contexto de violencia que los condiciona.<\/strong><\/p>\n<p style=\"font-weight: 400;\"><strong>M\u00e9xico no enfrenta \u00fanicamente un problema de seguridad; enfrenta un desaf\u00edo de supervivencia democr\u00e1tica. Si el crimen organizado contin\u00faa expandiendo su influencia sobre los procesos electorales, el riesgo no es solo la inestabilidad pol\u00edtica, sino la consolidaci\u00f3n de un modelo donde el poder se decide fuera de la ley. Y en ese escenario, la democracia \u2014como ideal y como pr\u00e1ctica\u2014 se convierte en la primera v\u00edctima.<\/strong><\/p>\n<p style=\"font-weight: 400;\"><strong>\u00a0<\/strong><\/p>\n<p style=\"font-weight: 400;\"><strong>Al tiempo.<\/strong><\/p>\n<p><img loading=\"lazy\" decoding=\"async\" class=\"alignnone wp-image-75696 size-full\" src=\"http:\/\/noticiasveracruz.com\/wp-content\/uploads\/2026\/03\/FIRMA-EDITORIAL-PD-5.jpg\" alt=\"\" width=\"1024\" height=\"125\" srcset=\"https:\/\/noticiasveracruz.com\/wp-content\/uploads\/2026\/03\/FIRMA-EDITORIAL-PD-5.jpg 1024w, https:\/\/noticiasveracruz.com\/wp-content\/uploads\/2026\/03\/FIRMA-EDITORIAL-PD-5-300x37.jpg 300w, https:\/\/noticiasveracruz.com\/wp-content\/uploads\/2026\/03\/FIRMA-EDITORIAL-PD-5-768x94.jpg 768w\" sizes=\"auto, (max-width: 1024px) 100vw, 1024px\" \/><\/p>\n","protected":false},"excerpt":{"rendered":"<p>\u201cQue el di\u00e1logo de las armas deje lugar a las armas del di\u00e1logo\u201d. \u2013 Juan Pablo II. El reciente informe<\/p>\n","protected":false},"author":4,"featured_media":71786,"comment_status":"closed","ping_status":"closed","sticky":false,"template":"","format":"standard","meta":{"colormag_page_container_layout":"default_layout","colormag_page_sidebar_layout":"default_layout","_jetpack_memberships_contains_paid_content":false,"footnotes":"","jetpack_publicize_message":"","jetpack_publicize_feature_enabled":true,"jetpack_social_post_already_shared":true,"jetpack_social_options":{"image_generator_settings":{"template":"highway","default_image_id":0,"font":"","enabled":false},"version":2}},"categories":[6],"tags":[],"class_list":["post-75700","post","type-post","status-publish","format-standard","has-post-thumbnail","hentry","category-columnistas"],"jetpack_publicize_connections":[],"jetpack_featured_media_url":"https:\/\/noticiasveracruz.com\/wp-content\/uploads\/2026\/01\/BANNERBAQUEIRO-NV.jpg","jetpack_sharing_enabled":true,"publishpress_future_action":{"enabled":false,"date":"2026-05-06 13:52:07","action":"change-status","newStatus":"draft","terms":[],"taxonomy":"category","extraData":[]},"publishpress_future_workflow_manual_trigger":{"enabledWorkflows":[]},"_links":{"self":[{"href":"https:\/\/noticiasveracruz.com\/index.php\/wp-json\/wp\/v2\/posts\/75700","targetHints":{"allow":["GET"]}}],"collection":[{"href":"https:\/\/noticiasveracruz.com\/index.php\/wp-json\/wp\/v2\/posts"}],"about":[{"href":"https:\/\/noticiasveracruz.com\/index.php\/wp-json\/wp\/v2\/types\/post"}],"author":[{"embeddable":true,"href":"https:\/\/noticiasveracruz.com\/index.php\/wp-json\/wp\/v2\/users\/4"}],"replies":[{"embeddable":true,"href":"https:\/\/noticiasveracruz.com\/index.php\/wp-json\/wp\/v2\/comments?post=75700"}],"version-history":[{"count":0,"href":"https:\/\/noticiasveracruz.com\/index.php\/wp-json\/wp\/v2\/posts\/75700\/revisions"}],"wp:featuredmedia":[{"embeddable":true,"href":"https:\/\/noticiasveracruz.com\/index.php\/wp-json\/wp\/v2\/media\/71786"}],"wp:attachment":[{"href":"https:\/\/noticiasveracruz.com\/index.php\/wp-json\/wp\/v2\/media?parent=75700"}],"wp:term":[{"taxonomy":"category","embeddable":true,"href":"https:\/\/noticiasveracruz.com\/index.php\/wp-json\/wp\/v2\/categories?post=75700"},{"taxonomy":"post_tag","embeddable":true,"href":"https:\/\/noticiasveracruz.com\/index.php\/wp-json\/wp\/v2\/tags?post=75700"}],"curies":[{"name":"wp","href":"https:\/\/api.w.org\/{rel}","templated":true}]}}