{"id":7570,"date":"2022-08-31T21:24:59","date_gmt":"2022-09-01T02:24:59","guid":{"rendered":"https:\/\/noticiasveracruz.com\/?p=7570"},"modified":"2022-08-31T21:24:59","modified_gmt":"2022-09-01T02:24:59","slug":"oficial-en-septiembre-decreta-presidente-en-el-dof-creacion-de-imss-bienestar","status":"publish","type":"post","link":"https:\/\/noticiasveracruz.com\/index.php\/2022\/08\/31\/oficial-en-septiembre-decreta-presidente-en-el-dof-creacion-de-imss-bienestar\/","title":{"rendered":"Oficial en septiembre: Decreta presidente en el DOF creaci\u00f3n de IMSS-Bienestar"},"content":{"rendered":"<p>&nbsp;<\/p>\n<p class=\"p1\"><span style=\"font-size: 14pt;\"><em><strong>CIUDAD DE M\u00c9XICO.<\/strong> <\/em>Este mi\u00e9rcoles a trav\u00e9s del\u00a0Diario Oficial de la Federaci\u00f3n\u00a0(DOF), el Presidente\u00a0Andr\u00e9s Manuel L\u00f3pez Obrador\u00a0public\u00f3 el\u00a0decreto\u00a0para la creaci\u00f3n del organismo p\u00fablico descentralizado del\u00a0IMSS- Bienestar, para garantizar\u00a0el derecho a la salud.<\/span><\/p>\n<p class=\"p1\"><span style=\"font-size: 18pt;\"><strong>As\u00ed las <span style=\"color: #e42d33;\">personas que no cuentan con\u00a0seguridad social en M\u00e9xico\u00a0podr\u00e1n recibir\u00a0atenci\u00f3n m\u00e9dica y hospitalaria\u00a0\u201cde manera gratuita con medicamentos y dem\u00e1s insumos asociados, bajo criterios de universalidad e igualdad<\/span>, en condiciones que les permitan el acceso progresivo, efectivo, oportuno, de calidad y sin discriminaci\u00f3n alguna, ya sea mediante el Modelo de Atenci\u00f3n Integral a la Salud, del Instituto Mexicano del Seguro Social o, en su caso, el Modelo de Atenci\u00f3n a la Salud para el Bienestar\u201d.<\/strong><\/span><\/p>\n<p>&nbsp;<\/p>\n<p><img loading=\"lazy\" decoding=\"async\" class=\"aligncenter wp-image-9554 size-large\" src=\"https:\/\/politicosaldesnudo.com.mx\/wp-content\/uploads\/2022\/08\/P-IMSS-BIENESTAR1-1024x573.png\" alt=\"\" width=\"800\" height=\"448\" \/><\/p>\n<p>&nbsp;<\/p>\n<p class=\"p1\"><span style=\"font-size: 14pt;\">El decreto se\u00f1ala que el IMSS-Bienestar \u201ccontar\u00e1 con los recursos presupuestarios, materiales, humanos, financieros y de infraestructura que le transfieran directamente los gobiernos de las entidades federativas con cargo a recursos propios o de libre disposici\u00f3n, o bien, con los recursos del fondo de aportaciones a que se refiere el Art\u00edculo 25, fracci\u00f3n II, de la Ley de Coordinaci\u00f3n Fiscal, en los t\u00e9rminos que fijen los convenios de coordinaci\u00f3n que al efecto se celebren; as\u00ed como, en su caso, aquellos recursos federales etiquetados que se determinen en las disposiciones aplicables\u201d.<\/span><\/p>\n<p class=\"p1\"><span style=\"font-size: 14pt;\">Este acuerdo presidencial establece que la Junta de Gobierno del organismo debe instalarse en los 30 d\u00edas naturales siguientes a la publicaci\u00f3n de este documento, y debe estar integrada por el titular del Instituto Mexicano del Seguro Social (IMSS), Zo\u00e9 Robledo Aburto; y de las funcionarias y los funcionarios de la Secretar\u00eda de Salud (SSa), la Secretar\u00eda de Hacienda y Cr\u00e9dito P\u00fablico (SHCP), la Secretar\u00eda del Trabajo y Previsi\u00f3n Social (STPS), la Secretar\u00eda de Bienestar, y un representante del sindicato mayoritario de trabajadores.<\/span><\/p>\n<p>&nbsp;<\/p>\n<p><span style=\"font-size: 18pt; color: #e42d33;\"><strong>REQUISITOS DE ATENCI\u00d3N\u00a0<\/strong><\/span><\/p>\n<p class=\"p1\"><span style=\"font-size: 14pt;\">Mientras que la o el titular de la direcci\u00f3n general ser\u00e1 designado por el Presidente y deber\u00e1 cumplir con los siguientes requisitos:<\/span><\/p>\n<p class=\"p1\"><span style=\"font-size: 18pt;\"><strong>Ser de nacionalidad mexicana y con una edad m\u00ednima de 30 a\u00f1os cumplidos al d\u00eda de su designaci\u00f3n; contar con t\u00edtulo profesional m\u00ednimo de licenciatura que implique conocimiento especializado en algunas de las disciplinas afines al IMSS-Bienestar, y haber desempe\u00f1ado alg\u00fan cargo de nivel decisorio que implique conocimientos en las mismas, con por lo menos cinco a\u00f1os de experiencia.<\/strong><\/span><\/p>\n<p class=\"p1\"><span style=\"font-size: 18pt; color: #e42d33;\"><strong>Este decreto entrar\u00e1 en vigor el 1 de septiembre, un d\u00eda despu\u00e9s de su publicaci\u00f3n en el Diario Oficial de la Federaci\u00f3n.<\/strong><\/span><\/p>\n<p>&nbsp;<\/p>\n<p>&nbsp;<\/p>\n<p>&nbsp;<\/p>\n<p>&nbsp;<\/p>\n<p>&nbsp;<\/p>\n<p>&nbsp;<\/p>\n<p>&nbsp;<\/p>\n<p>&nbsp;<\/p>\n","protected":false},"excerpt":{"rendered":"<p>&nbsp; CIUDAD DE M\u00c9XICO. Este mi\u00e9rcoles a trav\u00e9s del\u00a0Diario Oficial de la Federaci\u00f3n\u00a0(DOF), el Presidente\u00a0Andr\u00e9s Manuel L\u00f3pez Obrador\u00a0public\u00f3 el\u00a0decreto\u00a0para la<\/p>\n","protected":false},"author":4,"featured_media":7572,"comment_status":"closed","ping_status":"closed","sticky":false,"template":"","format":"standard","meta":{"colormag_page_container_layout":"default_layout","colormag_page_sidebar_layout":"default_layout","_jetpack_memberships_contains_paid_content":false,"footnotes":"","jetpack_publicize_message":"","jetpack_publicize_feature_enabled":true,"jetpack_social_post_already_shared":false,"jetpack_social_options":{"image_generator_settings":{"template":"highway","default_image_id":0,"font":"","enabled":false},"version":2}},"categories":[4],"tags":[65,1321,1109,31,566],"class_list":["post-7570","post","type-post","status-publish","format-standard","has-post-thumbnail","hentry","category-nacional","tag-andres-manuel-lopez-obrador","tag-dof","tag-imss-bienestar","tag-mexico","tag-zoe-robledo"],"jetpack_publicize_connections":[],"jetpack_featured_media_url":"https:\/\/noticiasveracruz.com\/wp-content\/uploads\/2022\/08\/P-IMSS-BIENESTAR2.png","jetpack_sharing_enabled":true,"publishpress_future_action":{"enabled":false,"date":"2026-05-06 19:27:23","action":"change-status","newStatus":"draft","terms":[],"taxonomy":"category","extraData":[]},"publishpress_future_workflow_manual_trigger":{"enabledWorkflows":[]},"_links":{"self":[{"href":"https:\/\/noticiasveracruz.com\/index.php\/wp-json\/wp\/v2\/posts\/7570","targetHints":{"allow":["GET"]}}],"collection":[{"href":"https:\/\/noticiasveracruz.com\/index.php\/wp-json\/wp\/v2\/posts"}],"about":[{"href":"https:\/\/noticiasveracruz.com\/index.php\/wp-json\/wp\/v2\/types\/post"}],"author":[{"embeddable":true,"href":"https:\/\/noticiasveracruz.com\/index.php\/wp-json\/wp\/v2\/users\/4"}],"replies":[{"embeddable":true,"href":"https:\/\/noticiasveracruz.com\/index.php\/wp-json\/wp\/v2\/comments?post=7570"}],"version-history":[{"count":0,"href":"https:\/\/noticiasveracruz.com\/index.php\/wp-json\/wp\/v2\/posts\/7570\/revisions"}],"wp:featuredmedia":[{"embeddable":true,"href":"https:\/\/noticiasveracruz.com\/index.php\/wp-json\/wp\/v2\/media\/7572"}],"wp:attachment":[{"href":"https:\/\/noticiasveracruz.com\/index.php\/wp-json\/wp\/v2\/media?parent=7570"}],"wp:term":[{"taxonomy":"category","embeddable":true,"href":"https:\/\/noticiasveracruz.com\/index.php\/wp-json\/wp\/v2\/categories?post=7570"},{"taxonomy":"post_tag","embeddable":true,"href":"https:\/\/noticiasveracruz.com\/index.php\/wp-json\/wp\/v2\/tags?post=7570"}],"curies":[{"name":"wp","href":"https:\/\/api.w.org\/{rel}","templated":true}]}}