{"id":75698,"date":"2026-03-18T00:31:14","date_gmt":"2026-03-18T06:31:14","guid":{"rendered":"https:\/\/noticiasveracruz.com\/?p=75698"},"modified":"2026-03-22T18:32:15","modified_gmt":"2026-03-23T00:32:15","slug":"antifederalista-antiparitaria-y-antidemocratica","status":"publish","type":"post","link":"https:\/\/noticiasveracruz.com\/index.php\/2026\/03\/18\/antifederalista-antiparitaria-y-antidemocratica\/","title":{"rendered":"Antifederalista, antiparitaria y antidemocr\u00e1tica"},"content":{"rendered":"<p>El llamado \u201cplan B\u201d de Claudia Sheinbaum, presentado como alternativa tras el estrepitoso y previsible fracaso de su reforma electoral en la C\u00e1mara de Diputados, se inscribe, al igual que su malograda iniciativa, en esa tradici\u00f3n autoritaria que busca someter a las instituciones locales y a la pluralidad pol\u00edtica bajo la \u00e9gida del poder presidencial.<\/p>\n<p>Lejos de ser un proyecto de transparencia y racionalizaci\u00f3n del gasto, como se pretende vender, este paquete de reformas constitucionales y a leyes secundarias constituye un ataque frontal contra el federalismo, la paridad de g\u00e9nero y la propia Constituci\u00f3n.<\/p>\n<p>El federalismo, aunque imperfecto, ha sido uno de los pilares del sistema pol\u00edtico mexicano que desde el siglo XIX se debate entre la soberan\u00eda de las entidades y el control central del aparato de poder. La convicci\u00f3n federalista se fortaleci\u00f3 principalmente en la \u00e9poca de la ya lejana transici\u00f3n a la democracia de finales del siglo XX y principios del XXI, a trav\u00e9s de una mayor autonom\u00eda para los estados y municipios.<\/p>\n<p>El llamado \u201cplan B\u201d trastoca ese equilibrio al imponer desde el centro l\u00edmites presupuestales a los congresos locales y reducir de manera unilateral, sin criterios claros m\u00e1s all\u00e1 de una mal entendida y torcida \u201causteridad\u201d, el n\u00famero de regidores en los municipios. Bajo ese argumento f\u00fatil, se pretende decidir desde la Presidencia c\u00f3mo deben integrarse los \u00f3rganos de representaci\u00f3n en cada entidad federativa y en cada ayuntamiento, anulando la capacidad de los mismos para definir sus propias reglas conforme a sus realidades sociales, pol\u00edticas y demogr\u00e1ficas.<\/p>\n<p>Lo que se asoma es la imposici\u00f3n de un modelo \u00fanico que desconoce las diferencias entre estados con poblaciones, necesidades y estructuras administrativas dispares. Se trata de una camisa de fuerza que uniforma lo diverso y que, en la pr\u00e1ctica, convierte a los congresos locales en simples oficinas subordinadas al poder central.<\/p>\n<p>En el caso de los ayuntamientos, la reducci\u00f3n del n\u00famero de regidores a un rango de entre 7 y 15, sin importar la complejidad pol\u00edtica o social de cada municipio, es otra muestra de la visi\u00f3n centralista de un r\u00e9gimen que presume progresismo, pero es en realidad profundamente conservador. La pluralidad municipal, que deber\u00eda reflejar la diversidad de voces y fuerzas pol\u00edticas, se ver\u00eda mutilada por una regla impuesta desde la capital. El federalismo, entendido como la capacidad de los estados y municipios de autogobernarse, queda as\u00ed vulnerado, reducido a ret\u00f3rica.<\/p>\n<p>No es este el \u00fanico tema preocupante y altamente riesgoso de la iniciativa enviada este martes al Senado. Uno de los avances m\u00e1s significativos en la vida democr\u00e1tica mexicana de los \u00faltimos a\u00f1os ha sido la incorporaci\u00f3n de la paridad de g\u00e9nero en la integraci\u00f3n de los \u00f3rganos de gobierno. Pero en la iniciativa del \u201cplan B\u201d de Sheinbaum se elimin\u00f3 expresamente esa garant\u00eda en la conformaci\u00f3n de los cabildos. Y al reducir el n\u00famero de regidores y fijar un esquema r\u00edgido de integraci\u00f3n, se abre la puerta para que las mujeres sean desplazadas de los espacios de representaci\u00f3n. Algo intolerable, y m\u00e1s todav\u00eda viniendo de una presidenta mujer, que adem\u00e1s se asume \u201cfeminista\u201d.<\/p>\n<p>Aunque al momento de redactar estas l\u00edneas se inform\u00f3 que la Secretar\u00eda de Gobernaci\u00f3n envi\u00f3 un oficio para, literalmente, reformar la reforma en ese tema antes de ser discutida \u2013lo cual habr\u00eda que revisar si es legal, pues la iniciativa ya hab\u00eda sido recibida formalmente por el Poder Legislativo-, dif\u00edcilmente se puede creer que haya sido un \u201cerror de dedo\u201d, como seguramente van a intentar hacer creer. Se antoja m\u00e1s bien que se trate de una intentona para \u201cpasar de humo\u201d otra regresi\u00f3n, \u00e9sta atentatoria contra la participaci\u00f3n pol\u00edtica de las mujeres, cuya autor\u00eda ya sabe a qui\u00e9n atribuirle.<\/p>\n<p>Quiz\u00e1 el aspecto m\u00e1s grave del \u201cplan B\u201d sea la pretensi\u00f3n de empalmar la consulta de revocaci\u00f3n de mandato con las elecciones intermedias. Seg\u00fan la iniciativa, la revocaci\u00f3n se realizar\u00eda el primer domingo de junio del tercer o cuarto a\u00f1o de gobierno, es decir, en 2027 o 2028, pero con la clara intenci\u00f3n de llevarla a cabo al mismo tiempo que las elecciones intermedias, lo que permitir\u00eda a la presidenta hacer campa\u00f1a abierta bajo el pretexto de \u201cdefender\u201d su permanencia en el cargo, aun cuando nadie le est\u00e9 pidiendo que se vaya.<\/p>\n<p>Se trata de un fraude a la Constituci\u00f3n. La revocaci\u00f3n de mandato es un mecanismo para evaluar la continuidad de las autoridades que deber\u00eda activarse a solicitud de los ciudadanos, y no una plataforma electoral para que el titular del Ejecutivo se convierta en jefe de campa\u00f1a de su partido. Al empalmar ambos procesos, se desvirt\u00faa el sentido de la revocaci\u00f3n, convirti\u00e9ndola en una especie de ratificaci\u00f3n y, sobre todo, en un instrumento de propaganda gubernamental.<\/p>\n<p>Morena tendr\u00eda as\u00ed la ventaja de contar con la figura presidencial recorriendo el pa\u00eds, movilizando recursos y legitimando su proyecto pol\u00edtico en plena contienda electoral, cuando la Constituci\u00f3n establece claramente que el presidente\/a debe mantenerse al margen de las elecciones, precisamente para evitar que el poder se utilice en beneficio de un partido.<\/p>\n<p>El \u201cplan B\u201d viola ese principio y normaliza la intervenci\u00f3n presidencial en los procesos electorales. Se trata pues de un retroceso democr\u00e1tico que recuerda \u2013otra vez- las peores pr\u00e1cticas del viejo r\u00e9gimen priista, donde el presidente era el gran elector y su palabra defin\u00eda candidaturas y resultados.<\/p>\n<p>El \u201cplan B\u201d de Claudia Sheinbaum, de la misma manera que lo era su reforma electoral, es un intento de centralizar el poder, de manipular los procesos electorales y de perpetuar la hegemon\u00eda de Morena. Un proyecto autoritario antifederalista, antiparitario y profundamente antidemocr\u00e1tico.<\/p>\n<p><img loading=\"lazy\" decoding=\"async\" class=\"alignnone wp-image-75696 size-full\" src=\"http:\/\/noticiasveracruz.com\/wp-content\/uploads\/2026\/03\/FIRMA-EDITORIAL-PD-5.jpg\" alt=\"\" width=\"1024\" height=\"125\" srcset=\"https:\/\/noticiasveracruz.com\/wp-content\/uploads\/2026\/03\/FIRMA-EDITORIAL-PD-5.jpg 1024w, https:\/\/noticiasveracruz.com\/wp-content\/uploads\/2026\/03\/FIRMA-EDITORIAL-PD-5-300x37.jpg 300w, https:\/\/noticiasveracruz.com\/wp-content\/uploads\/2026\/03\/FIRMA-EDITORIAL-PD-5-768x94.jpg 768w\" sizes=\"auto, (max-width: 1024px) 100vw, 1024px\" \/><\/p>\n","protected":false},"excerpt":{"rendered":"<p>El llamado \u201cplan B\u201d de Claudia Sheinbaum, presentado como alternativa tras el estrepitoso y previsible fracaso de su reforma electoral<\/p>\n","protected":false},"author":4,"featured_media":72061,"comment_status":"closed","ping_status":"closed","sticky":false,"template":"","format":"standard","meta":{"colormag_page_container_layout":"default_layout","colormag_page_sidebar_layout":"default_layout","_jetpack_memberships_contains_paid_content":false,"footnotes":"","jetpack_publicize_message":"","jetpack_publicize_feature_enabled":true,"jetpack_social_post_already_shared":true,"jetpack_social_options":{"image_generator_settings":{"template":"highway","default_image_id":0,"font":"","enabled":false},"version":2}},"categories":[6],"tags":[],"class_list":["post-75698","post","type-post","status-publish","format-standard","has-post-thumbnail","hentry","category-columnistas"],"jetpack_publicize_connections":[],"jetpack_featured_media_url":"https:\/\/noticiasveracruz.com\/wp-content\/uploads\/2026\/01\/AURELIO.jpg","jetpack_sharing_enabled":true,"publishpress_future_action":{"enabled":false,"date":"2026-05-06 13:52:08","action":"change-status","newStatus":"draft","terms":[],"taxonomy":"category","extraData":[]},"publishpress_future_workflow_manual_trigger":{"enabledWorkflows":[]},"_links":{"self":[{"href":"https:\/\/noticiasveracruz.com\/index.php\/wp-json\/wp\/v2\/posts\/75698","targetHints":{"allow":["GET"]}}],"collection":[{"href":"https:\/\/noticiasveracruz.com\/index.php\/wp-json\/wp\/v2\/posts"}],"about":[{"href":"https:\/\/noticiasveracruz.com\/index.php\/wp-json\/wp\/v2\/types\/post"}],"author":[{"embeddable":true,"href":"https:\/\/noticiasveracruz.com\/index.php\/wp-json\/wp\/v2\/users\/4"}],"replies":[{"embeddable":true,"href":"https:\/\/noticiasveracruz.com\/index.php\/wp-json\/wp\/v2\/comments?post=75698"}],"version-history":[{"count":0,"href":"https:\/\/noticiasveracruz.com\/index.php\/wp-json\/wp\/v2\/posts\/75698\/revisions"}],"wp:featuredmedia":[{"embeddable":true,"href":"https:\/\/noticiasveracruz.com\/index.php\/wp-json\/wp\/v2\/media\/72061"}],"wp:attachment":[{"href":"https:\/\/noticiasveracruz.com\/index.php\/wp-json\/wp\/v2\/media?parent=75698"}],"wp:term":[{"taxonomy":"category","embeddable":true,"href":"https:\/\/noticiasveracruz.com\/index.php\/wp-json\/wp\/v2\/categories?post=75698"},{"taxonomy":"post_tag","embeddable":true,"href":"https:\/\/noticiasveracruz.com\/index.php\/wp-json\/wp\/v2\/tags?post=75698"}],"curies":[{"name":"wp","href":"https:\/\/api.w.org\/{rel}","templated":true}]}}