{"id":75695,"date":"2026-03-17T09:28:01","date_gmt":"2026-03-17T15:28:01","guid":{"rendered":"https:\/\/noticiasveracruz.com\/?p=75695"},"modified":"2026-03-22T18:29:35","modified_gmt":"2026-03-23T00:29:35","slug":"el-lavadero","status":"publish","type":"post","link":"https:\/\/noticiasveracruz.com\/index.php\/2026\/03\/17\/el-lavadero\/","title":{"rendered":"El lavadero"},"content":{"rendered":"<p>Independientemente de lo que implica que las \u00fanicas salidas de su supuesto \u201cretiro\u201d de la vida p\u00fablica hayan sido para defender dictaduras, la m\u00e1s reciente irrupci\u00f3n en redes del expresidente Andr\u00e9s Manuel L\u00f3pez Obrador tiene en realidad una lectura hacia la agenda local, m\u00e1s que a la de la pol\u00edtica exterior, y con un claro prop\u00f3sito, que no es precisamente legal.<\/p>\n<p>Este domingo, L\u00f3pez Obrador public\u00f3 en sus redes un mensaje convocando al \u201cpueblo\u201d de M\u00e9xico a apoyar con donaciones al cubano, al que seg\u00fan \u00e9l buscan \u201cexterminar por sus ideales de libertad y defensa de la soberan\u00eda\u201d. Aunque en realidad a quien sali\u00f3 a defender fue a la agonizante dictadura castrista que, acorralada por lo que ahora s\u00ed es un bloqueo de Estados Unidos a todos los subsidios \u2013en especial, al de petr\u00f3leo- que le dieron vida artificial las \u00faltimas d\u00e9cadas, ha aceptado \u201cnegociar\u201d con el gobierno de Donald Trump lo que parece hasta ahora una ruta a un cambio de r\u00e9gimen, del que a\u00fan no hay claridad bajo qu\u00e9 t\u00e9rminos.<\/p>\n<p>Pero dec\u00edamos que eso solo es un pretexto, pues ni el gobierno mexicano y mucho menos L\u00f3pez Obrador en lo personal tienen posibilidad alguna de incidir en ese proceso. As\u00ed que el objetivo es otro.<\/p>\n<p>L\u00f3pez Obrador llam\u00f3 a hacer dep\u00f3sitos a una cuenta bancaria de Banorte \u2013instituci\u00f3n propiedad de la familia Hank Gonz\u00e1lez, cuyo patriarca acu\u00f1ara la frase \u201cun pol\u00edtico pobre es un pobre pol\u00edtico\u201d- a nombre de la asociaci\u00f3n civil \u201cHumanidad con Am\u00e9rica Latina\u201d, abierta seg\u00fan por \u201cciudadanos, escritores y periodistas\u201d. Por supuesto, todos afines, militantes, beneficiarios y\/o propagandistas\/matraqueros de Morena y el r\u00e9gimen de la \u201c4t\u201d.<\/p>\n<p>Seg\u00fan el expresidente, el dinero se ocupar\u00e1 para \u201ccomprar alimentos, medicinas, petr\u00f3leo y gasolina, y ayudar al pueblo cubano\u201d. Y termin\u00f3 con una arenga: \u201c\u00a1Que cada quien aporte lo que pueda!\u201d.<\/p>\n<p>Es inevitable recordar varios antecedentes ominosos en relaci\u00f3n con esto. Por ejemplo, aquel fideicomiso \u201cPor los dem\u00e1s\u201d, creado por el mismo L\u00f3pez Obrador tras los sismos de 2017 seg\u00fan que para apoyar a los damnificados, para el cual tambi\u00e9n sali\u00f3 a pedir donaciones y que se estima recaud\u00f3 unos 50 millones de pesos que jam\u00e1s llegaron a las personas afectadas, y que muy probablemente terminaron en las campa\u00f1as de los candidatos de Morena del a\u00f1o siguiente, incluida la presidencial que lo llev\u00f3 al poder. Un esquema de lavado de dinero para que no fuera detectado por los entes de fiscalizaci\u00f3n como parte del gasto electoral.<\/p>\n<p>Ahora buscan repetir el mismo esquema para canalizar recursos de procedencia dudosa. La diferencia es que hoy cuentan con todo el aparato del Estado jugando en su favor de manera descarada.<\/p>\n<p>Resulta que la asociaci\u00f3n civil \u201cHumanidad con Am\u00e9rica Latina\u201d fue constituida apenas el pasado 17 de febrero de este a\u00f1o. Pero ese no es el problema. El 9 de marzo siguiente, sin tener siquiera un mes de existencia, de manera ins\u00f3lita el Servicio de Administraci\u00f3n Tributaria (SAT) le emiti\u00f3 oficio de autorizaci\u00f3n como donataria, tr\u00e1mite que para cualquier otra asociaci\u00f3n u organizaci\u00f3n de la sociedad civil puede tardar varios meses de engorrosos y burocr\u00e1ticos procedimientos y el cumplimiento de rigurosos requisitos.<\/p>\n<p>Un d\u00eda despu\u00e9s de la rapid\u00edsima gesti\u00f3n del SAT, los integrantes de la a.c. en cuesti\u00f3n publicaron un desplegado promoviendo la colecta en el diario oficial. \u00bfEl de la Federaci\u00f3n? No, pero casi. En La Jornada. De hecho, la directora de ese peri\u00f3dico, Carmen Lira, adem\u00e1s de comadre de L\u00f3pez Obrador, es integrante de la misma asociaci\u00f3n \u201ccivil\u201d.<\/p>\n<p>Cinco d\u00edas despu\u00e9s, sali\u00f3 L\u00f3pez Obrador p\u00fablicamente a pedir depositar dinero en esa cuenta, a la que raudos y veloces varios pol\u00edticos de Morena enviaron hasta un mes de su sueldo. No vaya a creer el l\u00edder que no son \u201csolidarios\u201d\u2026 o que se mandan solos.<\/p>\n<p>Si cuando eran oposici\u00f3n lavaron 50 millones de pesos en las narices de las autoridades hacendarias, \u00bfcu\u00e1nto dinero del huachicol fiscal ser\u00e1 susceptible de ser \u201cblanqueado\u201d ahora en una operaci\u00f3n de las que le gustan al \u201crey del cash\u201d, para financiar las campa\u00f1as de la elecci\u00f3n intermedia de 2027, en donde adem\u00e1s pretenden tambi\u00e9n meter la \u201crevocaci\u00f3n\u201d de Claudia Sheinbaum, v\u00eda el \u201cplan B\u201d para el que ya \u201cplancharon\u201d al Verde y al PT?<\/p>\n<p>Como dato adicional, la cuenta bancaria de \u201cHumanidad con Am\u00e9rica Latina\u201d estar\u00e1 vigente hasta el 9 de marzo de 2030. El a\u00f1o de la sucesi\u00f3n presidencial. M\u00e1s claro no puede ser.<\/p>\n<p>Por cierto, Cuba y los cubanos de a pie, les importan un carajo.<\/p>\n<p><img loading=\"lazy\" decoding=\"async\" class=\"alignnone wp-image-75696 size-full\" src=\"http:\/\/noticiasveracruz.com\/wp-content\/uploads\/2026\/03\/FIRMA-EDITORIAL-PD-5.jpg\" alt=\"\" width=\"1024\" height=\"125\" srcset=\"https:\/\/noticiasveracruz.com\/wp-content\/uploads\/2026\/03\/FIRMA-EDITORIAL-PD-5.jpg 1024w, https:\/\/noticiasveracruz.com\/wp-content\/uploads\/2026\/03\/FIRMA-EDITORIAL-PD-5-300x37.jpg 300w, https:\/\/noticiasveracruz.com\/wp-content\/uploads\/2026\/03\/FIRMA-EDITORIAL-PD-5-768x94.jpg 768w\" sizes=\"auto, (max-width: 1024px) 100vw, 1024px\" \/><\/p>\n","protected":false},"excerpt":{"rendered":"<p>Independientemente de lo que implica que las \u00fanicas salidas de su supuesto \u201cretiro\u201d de la vida p\u00fablica hayan sido para<\/p>\n","protected":false},"author":4,"featured_media":72061,"comment_status":"closed","ping_status":"closed","sticky":false,"template":"","format":"standard","meta":{"colormag_page_container_layout":"default_layout","colormag_page_sidebar_layout":"default_layout","_jetpack_memberships_contains_paid_content":false,"footnotes":"","jetpack_publicize_message":"","jetpack_publicize_feature_enabled":true,"jetpack_social_post_already_shared":true,"jetpack_social_options":{"image_generator_settings":{"template":"highway","default_image_id":0,"font":"","enabled":false},"version":2}},"categories":[6],"tags":[],"class_list":["post-75695","post","type-post","status-publish","format-standard","has-post-thumbnail","hentry","category-columnistas"],"jetpack_publicize_connections":[],"jetpack_featured_media_url":"https:\/\/noticiasveracruz.com\/wp-content\/uploads\/2026\/01\/AURELIO.jpg","jetpack_sharing_enabled":true,"publishpress_future_action":{"enabled":false,"date":"2026-05-06 13:57:12","action":"change-status","newStatus":"draft","terms":[],"taxonomy":"category","extraData":[]},"publishpress_future_workflow_manual_trigger":{"enabledWorkflows":[]},"_links":{"self":[{"href":"https:\/\/noticiasveracruz.com\/index.php\/wp-json\/wp\/v2\/posts\/75695","targetHints":{"allow":["GET"]}}],"collection":[{"href":"https:\/\/noticiasveracruz.com\/index.php\/wp-json\/wp\/v2\/posts"}],"about":[{"href":"https:\/\/noticiasveracruz.com\/index.php\/wp-json\/wp\/v2\/types\/post"}],"author":[{"embeddable":true,"href":"https:\/\/noticiasveracruz.com\/index.php\/wp-json\/wp\/v2\/users\/4"}],"replies":[{"embeddable":true,"href":"https:\/\/noticiasveracruz.com\/index.php\/wp-json\/wp\/v2\/comments?post=75695"}],"version-history":[{"count":0,"href":"https:\/\/noticiasveracruz.com\/index.php\/wp-json\/wp\/v2\/posts\/75695\/revisions"}],"wp:featuredmedia":[{"embeddable":true,"href":"https:\/\/noticiasveracruz.com\/index.php\/wp-json\/wp\/v2\/media\/72061"}],"wp:attachment":[{"href":"https:\/\/noticiasveracruz.com\/index.php\/wp-json\/wp\/v2\/media?parent=75695"}],"wp:term":[{"taxonomy":"category","embeddable":true,"href":"https:\/\/noticiasveracruz.com\/index.php\/wp-json\/wp\/v2\/categories?post=75695"},{"taxonomy":"post_tag","embeddable":true,"href":"https:\/\/noticiasveracruz.com\/index.php\/wp-json\/wp\/v2\/tags?post=75695"}],"curies":[{"name":"wp","href":"https:\/\/api.w.org\/{rel}","templated":true}]}}