{"id":7568,"date":"2022-08-31T09:55:59","date_gmt":"2022-08-31T14:55:59","guid":{"rendered":"https:\/\/noticiasveracruz.com\/?p=7568"},"modified":"2022-08-31T21:30:17","modified_gmt":"2022-09-01T02:30:17","slug":"otero-ciudadano-y-alberto-sosa","status":"publish","type":"post","link":"https:\/\/noticiasveracruz.com\/index.php\/2022\/08\/31\/otero-ciudadano-y-alberto-sosa\/","title":{"rendered":"Otero Ciudadano y Alberto Sosa"},"content":{"rendered":"<p>&nbsp;<\/p>\n<p class=\"p1\"><span style=\"font-size: 18pt;\"><strong>&lt;&lt; Entrega reconocimiento al ex Presidente del Poder Judicial en Veracruz &gt;&gt;<\/strong><\/span><\/p>\n<p class=\"p1\"><span style=\"font-size: 18pt;\"><strong>&lt;&lt; Es Miembro de N\u00famero de la Legi\u00f3n de Honor Nacional de M\u00e9xico &gt;&gt;<\/strong><\/span><\/p>\n<p class=\"p1\"><span style=\"font-size: 18pt;\"><strong>&lt;&lt; Ha desarrollado una destacada trayectoria profesional en el Derecho &gt;&gt;<\/strong><\/span><\/p>\n<p>&nbsp;<\/p>\n<p class=\"p1\"><span style=\"font-size: 18pt;\"><strong>Por Miguel \u00c1ngel Cristiani Gonz\u00e1lez<\/strong><\/span><\/p>\n<p class=\"p1\"><span style=\"font-size: 14pt;\">Este mi\u00e9rcoles se agreg\u00f3 a la lista de reconocimientos que ha recibido por su destacada trayectoria profesional el jurisconsulto veracruzano Alberto Sosa Hern\u00e1ndez, se agreg\u00f3 este d\u00eda, el que le fue otorgado por la asociaci\u00f3n civil Otero Ciudadano que preside la contadora Leonor de la Miyar Huerdo.<\/span><\/p>\n<p class=\"p1\"><span style=\"font-size: 14pt;\">Alfredo Vielma Villanueva, uno de los oradores en la ceremonia explic\u00f3 que Otero Ciudadano al honrar a Alberto Sosa Hern\u00e1ndez, se honra a s\u00ed mismo, porque est\u00e1 cumpliendo una de las esencias que le dieron vida.<\/span><\/p>\n<p class=\"p1\"><span style=\"font-size: 14pt;\">Otero significa el observador, -explic\u00f3 Vielma- el que puede ver desde arriba lo que ocurre y desde abajo lo que ocurre arriba y reconocer al interior de la poblaci\u00f3n, el entorno en que se vive a quienes se han desempe\u00f1ado con destacada labor profesional como es tu caso y much\u00edsimos otros atributos que te adornan, con esto Otero se est\u00e1 confirmando, porque confirma la misi\u00f3n de su prop\u00f3sito, al honrar a ciudadanos que enaltecen a todos los que con \u00e9l convivimos.<\/span><\/p>\n<p class=\"p1\"><span style=\"font-size: 14pt;\">Nos alienta a seguir adelante, nos promueve, nos procura saber que hay en la sociedad mexicana, en la veracruzana en lo particular, elementos que como Alberto Sosa Hern\u00e1ndez enaltecen la convivencia ciudadana.<\/span><\/p>\n<p class=\"p1\"><span style=\"font-size: 14pt;\">Hay que recordar que recientemente, la semana pasada, el ex presidente del Poder Judicial de Veracruz, Alberto Sosa Hern\u00e1ndez recibi\u00f3 el reconocimiento y fue nombrado nuevo Miembro de N\u00famero de la Legi\u00f3n de Honor Nacional de M\u00e9xico ante el Consejo Directivo Nacional de la Universidad Nacional Aut\u00f3noma de M\u00e9xico.<\/span><\/p>\n<p class=\"p1\"><span style=\"font-size: 14pt;\">En ceremonia togada le fue entregado el reconocimiento que se otorga para exaltar los valores de quienes se han distinguido con su esfuerzo a favor de un M\u00e9xico mejor.<\/span><\/p>\n<p class=\"p1\"><span style=\"font-size: 14pt;\">La ceremonia se llev\u00f3 a cabo en el auditorio de la Facultad de Derecho de la UNAM y fue encabezada por el maestro Juan Carlos S\u00e1nchez Magall\u00e1n quien preside la Legi\u00f3n de Honor Nacional de M\u00e9xico.<\/span><\/p>\n<p class=\"p1\"><span style=\"font-size: 14pt;\">Como se recordar\u00e1 Alberto Sosa Hern\u00e1ndez fue presidente del Poder Judicial de Veracruz, con una amplia y s\u00f3lida carrera profesional como abogado, que inici\u00f3 como Defensor de Oficio del Juzgado Mixto de primera Instancia, en los municipios de Chicontepec y P\u00e1nuco al norte del estado.<\/span><\/p>\n<p class=\"p1\"><span style=\"font-size: 14pt;\">Tambi\u00e9n fue Secretario del Juzgado Cuarto de Primera Instancia del distrito de Coatzacoalcos.<\/span><\/p>\n<p class=\"p1\"><span style=\"font-size: 14pt;\">Se desempe\u00f1\u00f3 como Asesor Jur\u00eddico de la Direcci\u00f3n General de Patrimonio del Estado.<\/span><\/p>\n<p class=\"p1\"><span style=\"font-size: 14pt;\">Juez del Juzgado segundo de Primer Instancia en el distrito de Coatzacoalcos, Xalapa y Veracruz.<\/span><\/p>\n<p class=\"p1\"><span style=\"font-size: 14pt;\">Fue Magistrado Supernumerario del H. Tribunal Superior de Justicia del Estado.<\/span><\/p>\n<p class=\"p1\"><span style=\"font-size: 14pt;\">Director General de Asuntos Jur\u00eddicos del Gobierno del Estado.<\/span><\/p>\n<p class=\"p1\"><span style=\"font-size: 14pt;\">Magistrado del Honorable Tribunal Superior de Justicia adscrito a la S\u00e9ptima Sala.<\/span><\/p>\n<p class=\"p1\"><span style=\"font-size: 14pt;\">Magistrado Presidente del Tribunal Superior de Justicia y del Consejo de la Judicatura del Estado, actualmente en retiro.<\/span><\/p>\n<p class=\"p1\"><span style=\"font-size: 14pt;\">Otros reconocimientos que ha recibido Alberto Sosa Hern\u00e1ndez son su participaci\u00f3n en el concurso Licenciado Fernando Jes\u00fas Corona otorgado al mejor Juez de Primera Instancia.<\/span><\/p>\n<p class=\"p1\"><span style=\"font-size: 14pt;\">Recibi\u00f3 diploma como Mejor Abogado dentro de la Funci\u00f3n Judicial Estatal, otorgado por la Asociaci\u00f3n de Abogados al Servicio del Estado y la Federaci\u00f3n de Colegios Barras y Asociaciones de Abogados del Estado de Veracruz AC.<\/span><\/p>\n<p class=\"p1\"><span style=\"font-size: 14pt;\">Le entregaron la medalla Licenciado Fernando Garc\u00eda Barna, otorgada por la Academia de Abogados y Profesionistas Afines A.C.<\/span><\/p>\n<p class=\"p1\"><span style=\"font-size: 14pt;\">A lo anterior hay que agregar la sencilla ceremonia, en la que Otero Ciudadano por conducto de su presidenta Leonor de la Miyar Huerdo le entreg\u00f3 otro reconocimiento y diploma por su destacada trayectoria profesional y demostrada capacidad en el desempe\u00f1o de la funci\u00f3n p\u00fablica.<\/span><\/p>\n<p>&nbsp;<\/p>\n<p>&nbsp;<\/p>\n<p>&nbsp;<\/p>\n<p class=\"p2\"><span style=\"font-size: 18pt;\"><strong>Cont\u00e1ctanos en nuestras redes sociales:<\/strong><\/span><\/p>\n<p class=\"p2\"><span style=\"font-size: 18pt;\"><strong><a href=\"https:\/\/www.canva.com\/design\/DAEN5B9DWgs\/ZCHd2Z8KueYjlg_d59Op3A\/view\">https:\/\/www.canva.com\/design\/DAEN5B9DWgs\/ZCHd2Z8KueYjlg_d59Op3A\/view<\/a><\/strong><\/span><\/p>\n<p>&nbsp;<\/p>\n<p><span style=\"font-size: 18pt; color: #e42d33;\"><em><strong>**Las columnas firmadas en este medio son responsabilidad de quienes las firman**<\/strong><\/em><\/span><\/p>\n<p>&nbsp;<\/p>\n","protected":false},"excerpt":{"rendered":"<p>&nbsp; &lt;&lt; Entrega reconocimiento al ex Presidente del Poder Judicial en Veracruz &gt;&gt; &lt;&lt; Es Miembro de N\u00famero de la<\/p>\n","protected":false},"author":4,"featured_media":3280,"comment_status":"closed","ping_status":"closed","sticky":false,"template":"","format":"standard","meta":{"colormag_page_container_layout":"default_layout","colormag_page_sidebar_layout":"default_layout","_jetpack_memberships_contains_paid_content":false,"footnotes":"","jetpack_publicize_message":"","jetpack_publicize_feature_enabled":true,"jetpack_social_post_already_shared":false,"jetpack_social_options":{"image_generator_settings":{"template":"highway","default_image_id":0,"font":"","enabled":false},"version":2}},"categories":[6],"tags":[],"class_list":["post-7568","post","type-post","status-publish","format-standard","has-post-thumbnail","hentry","category-columnistas"],"jetpack_publicize_connections":[],"jetpack_featured_media_url":"https:\/\/noticiasveracruz.com\/wp-content\/uploads\/2022\/04\/NV-MIGUEL-A\u0301NGEL-CRISTIANI.png","jetpack_sharing_enabled":true,"publishpress_future_action":{"enabled":false,"date":"2026-05-06 21:47:39","action":"change-status","newStatus":"draft","terms":[],"taxonomy":"category","extraData":[]},"publishpress_future_workflow_manual_trigger":{"enabledWorkflows":[]},"_links":{"self":[{"href":"https:\/\/noticiasveracruz.com\/index.php\/wp-json\/wp\/v2\/posts\/7568","targetHints":{"allow":["GET"]}}],"collection":[{"href":"https:\/\/noticiasveracruz.com\/index.php\/wp-json\/wp\/v2\/posts"}],"about":[{"href":"https:\/\/noticiasveracruz.com\/index.php\/wp-json\/wp\/v2\/types\/post"}],"author":[{"embeddable":true,"href":"https:\/\/noticiasveracruz.com\/index.php\/wp-json\/wp\/v2\/users\/4"}],"replies":[{"embeddable":true,"href":"https:\/\/noticiasveracruz.com\/index.php\/wp-json\/wp\/v2\/comments?post=7568"}],"version-history":[{"count":0,"href":"https:\/\/noticiasveracruz.com\/index.php\/wp-json\/wp\/v2\/posts\/7568\/revisions"}],"wp:featuredmedia":[{"embeddable":true,"href":"https:\/\/noticiasveracruz.com\/index.php\/wp-json\/wp\/v2\/media\/3280"}],"wp:attachment":[{"href":"https:\/\/noticiasveracruz.com\/index.php\/wp-json\/wp\/v2\/media?parent=7568"}],"wp:term":[{"taxonomy":"category","embeddable":true,"href":"https:\/\/noticiasveracruz.com\/index.php\/wp-json\/wp\/v2\/categories?post=7568"},{"taxonomy":"post_tag","embeddable":true,"href":"https:\/\/noticiasveracruz.com\/index.php\/wp-json\/wp\/v2\/tags?post=7568"}],"curies":[{"name":"wp","href":"https:\/\/api.w.org\/{rel}","templated":true}]}}