{"id":7564,"date":"2022-08-31T20:34:55","date_gmt":"2022-09-01T01:34:55","guid":{"rendered":"https:\/\/noticiasveracruz.com\/?p=7564"},"modified":"2022-08-31T20:38:17","modified_gmt":"2022-09-01T01:38:17","slug":"cita-2-de-septiembre-preparate-para-la-rodada-nocturna-en-tuxpan","status":"publish","type":"post","link":"https:\/\/noticiasveracruz.com\/index.php\/2022\/08\/31\/cita-2-de-septiembre-preparate-para-la-rodada-nocturna-en-tuxpan\/","title":{"rendered":"Cita 2 septiembre: Prep\u00e1rate para la \u201cRodada Nocturna\u201d en Tuxpan"},"content":{"rendered":"<div class=\"m8h3af8h l7ghb35v kjdc1dyq kmwttqpk gh25dzvf n3t5jt4f\">\n<div dir=\"auto\"><\/div>\n<div dir=\"auto\"><span style=\"font-size: 14pt;\"><em><strong>TUXPAN, VERACRUZ.<\/strong><\/em>El Gobierno Municipal, a trav\u00e9s de la Direcci\u00f3n de Juventud y Recreaci\u00f3n de Tuxpan, Veracruz, tiene el gusto de invitar a la ciudadan\u00eda a la \u201cRodada Nocturna\u201d que se realizar\u00e1 este<span style=\"color: #e42d33;\"><strong> viernes 2 de septiembre<\/strong><\/span>, en conmemoraci\u00f3n del <span style=\"color: #e42d33;\"><strong>D\u00eda Mundial de la Juventud<\/strong>.<\/span><\/span><\/div>\n<\/div>\n<div dir=\"auto\"><\/div>\n<div class=\"l7ghb35v kjdc1dyq kmwttqpk gh25dzvf jikcssrz n3t5jt4f\">\n<div dir=\"auto\"><span style=\"font-size: 18pt;\"><strong>El recorrido iniciar\u00e1 frente al Palacio Municipal y terminar\u00e1 en el Parque Ribere\u00f1o.<\/strong><\/span><\/div>\n<\/div>\n<div dir=\"auto\"><\/div>\n<div dir=\"auto\"><\/div>\n<div dir=\"auto\"><img loading=\"lazy\" decoding=\"async\" class=\"aligncenter wp-image-9543 size-full\" src=\"https:\/\/politicosaldesnudo.com.mx\/wp-content\/uploads\/2022\/08\/302860630_175175341713155_5690894018440179522_n.jpeg\" alt=\"\" width=\"720\" height=\"1280\" \/><\/div>\n<div dir=\"auto\"><\/div>\n<div class=\"l7ghb35v kjdc1dyq kmwttqpk gh25dzvf jikcssrz n3t5jt4f\">\n<div dir=\"auto\"><\/div>\n<div dir=\"auto\"><\/div>\n<div dir=\"auto\"><\/div>\n<div dir=\"auto\"><\/div>\n<div dir=\"auto\" style=\"text-align: center;\"><span style=\"font-size: 24pt; color: #e42d33;\"><strong>Se solicita a los asistentes utilizar, preferentemente, playera blanca o fosforescente.<\/strong><\/span><\/div>\n<\/div>\n<div dir=\"auto\"><\/div>\n<div dir=\"auto\"><\/div>\n<div dir=\"auto\"><\/div>\n<div dir=\"auto\"><\/div>\n<div dir=\"auto\"><\/div>\n<div dir=\"auto\"><\/div>\n<div dir=\"auto\"><\/div>\n","protected":false},"excerpt":{"rendered":"<p>TUXPAN, VERACRUZ.El Gobierno Municipal, a trav\u00e9s de la Direcci\u00f3n de Juventud y Recreaci\u00f3n de Tuxpan, Veracruz, tiene el gusto de<\/p>\n","protected":false},"author":4,"featured_media":7565,"comment_status":"closed","ping_status":"closed","sticky":false,"template":"","format":"standard","meta":{"colormag_page_container_layout":"default_layout","colormag_page_sidebar_layout":"default_layout","_jetpack_memberships_contains_paid_content":false,"footnotes":"","jetpack_publicize_message":"","jetpack_publicize_feature_enabled":true,"jetpack_social_post_already_shared":false,"jetpack_social_options":{"image_generator_settings":{"template":"highway","default_image_id":0,"font":"","enabled":false},"version":2}},"categories":[356],"tags":[1320,1319,72,73],"class_list":["post-7564","post","type-post","status-publish","format-standard","has-post-thumbnail","hentry","category-veracruz","tag-juventud","tag-rodada-nocturna","tag-tuxpan","tag-veracruz"],"jetpack_publicize_connections":[],"jetpack_featured_media_url":"https:\/\/noticiasveracruz.com\/wp-content\/uploads\/2022\/08\/P-RODADA-TUXPAN.png","jetpack_sharing_enabled":true,"publishpress_future_action":{"enabled":false,"date":"2026-05-06 20:17:18","action":"change-status","newStatus":"draft","terms":[],"taxonomy":"category","extraData":[]},"publishpress_future_workflow_manual_trigger":{"enabledWorkflows":[]},"_links":{"self":[{"href":"https:\/\/noticiasveracruz.com\/index.php\/wp-json\/wp\/v2\/posts\/7564","targetHints":{"allow":["GET"]}}],"collection":[{"href":"https:\/\/noticiasveracruz.com\/index.php\/wp-json\/wp\/v2\/posts"}],"about":[{"href":"https:\/\/noticiasveracruz.com\/index.php\/wp-json\/wp\/v2\/types\/post"}],"author":[{"embeddable":true,"href":"https:\/\/noticiasveracruz.com\/index.php\/wp-json\/wp\/v2\/users\/4"}],"replies":[{"embeddable":true,"href":"https:\/\/noticiasveracruz.com\/index.php\/wp-json\/wp\/v2\/comments?post=7564"}],"version-history":[{"count":0,"href":"https:\/\/noticiasveracruz.com\/index.php\/wp-json\/wp\/v2\/posts\/7564\/revisions"}],"wp:featuredmedia":[{"embeddable":true,"href":"https:\/\/noticiasveracruz.com\/index.php\/wp-json\/wp\/v2\/media\/7565"}],"wp:attachment":[{"href":"https:\/\/noticiasveracruz.com\/index.php\/wp-json\/wp\/v2\/media?parent=7564"}],"wp:term":[{"taxonomy":"category","embeddable":true,"href":"https:\/\/noticiasveracruz.com\/index.php\/wp-json\/wp\/v2\/categories?post=7564"},{"taxonomy":"post_tag","embeddable":true,"href":"https:\/\/noticiasveracruz.com\/index.php\/wp-json\/wp\/v2\/tags?post=7564"}],"curies":[{"name":"wp","href":"https:\/\/api.w.org\/{rel}","templated":true}]}}