{"id":7562,"date":"2022-08-31T11:35:01","date_gmt":"2022-08-31T16:35:01","guid":{"rendered":"https:\/\/noticiasveracruz.com\/?p=7562"},"modified":"2022-08-31T11:35:01","modified_gmt":"2022-08-31T16:35:01","slug":"acomodandose-para-salir-en-la-foto","status":"publish","type":"post","link":"https:\/\/noticiasveracruz.com\/index.php\/2022\/08\/31\/acomodandose-para-salir-en-la-foto\/","title":{"rendered":"Acomod\u00e1ndose para salir en la foto\u00a0"},"content":{"rendered":"<p class=\"p1\">\n<p class=\"p1\"><span style=\"font-size: 18pt;\"><strong>Por Herlindo Robles <\/strong><\/span><\/p>\n<p class=\"p1\"><span style=\"font-size: 14pt;\">El quehacer diario de los posibles candidatos a la grande en el 24, se advierte muy din\u00e1mico, Ad\u00e1n Augusto L\u00f3pez, ha venido realizando una serie de actividades de importante trascendencia en la pol\u00edtica nacional, lo que conlleva que aumente su preferencia en las encuestas que de estilo los medios de comunicaci\u00f3n realizan sobre el tema. <\/span><\/p>\n<p class=\"p1\"><span style=\"font-size: 18pt;\"><strong>As\u00ed fue que se encarg\u00f3 de establecer un dialogo institucional con la Suprema Corte de Justicia en el tema de la prisi\u00f3n preventiva oficiosa. Un tema delicado que el presidente no deja de tocar en las conferencias ma\u00f1aneras, es la corrupci\u00f3n en el Poder Judicial, as\u00ed en la pasada conferencia el presidente asever\u00f3 que: \u201cmuchos jueces no aguantan los ca\u00f1onazos\u201d, refiri\u00e9ndose a sobornos que influyen en las resoluciones judiciales. <\/strong><\/span><\/p>\n<p><img loading=\"lazy\" decoding=\"async\" class=\"aligncenter wp-image-9539 size-large\" src=\"https:\/\/politicosaldesnudo.com.mx\/wp-content\/uploads\/2022\/08\/P-ADAN-AUGUSTO-1-1024x573.png\" alt=\"\" width=\"800\" height=\"448\" \/><\/p>\n<p>&nbsp;<\/p>\n<p class=\"p1\"><span style=\"font-size: 18pt;\"><strong>As\u00ed el presidente reclama la intenci\u00f3n de la Corte, respecto de modificar el<span style=\"color: #e42d33;\"> Art\u00edculo 19 constitucional <\/span>y se apoya en gran medida en <span style=\"color: #e42d33;\">la operaci\u00f3n de Ad\u00e1n Augusto<\/span>, que se ha convertido en el operador que genera resultados satisfactorios para mantener la gobernabilidad y el rumbo del proyecto de la 4T. <\/strong><\/span><\/p>\n<p class=\"p1\"><span style=\"font-size: 14pt;\">En el fondo las razones del presidente se pueden sostener en la violaci\u00f3n al principio de Divisi\u00f3n Funcional de Poderes, establecido por criterio derivado de la controversia constitucional 9\/2006, resuelta por el mismo Tribunal Pleno en sesi\u00f3n del 3 de enero de 2006. <\/span><\/p>\n<p class=\"p1\"><span style=\"font-size: 14pt;\">En efecto el ultimo catalogo de delitos que implican su investigaci\u00f3n bajo la medida cautelar de prisi\u00f3n preventiva oficiosa son; de abuso o violencia sexual contra menores, delincuencia\u00a0organizada, homicidio doloso, feminicidio, violaci\u00f3n, secuestro, trata de personas, robo de casa habitaci\u00f3n,\u00a0uso de programas sociales con fines electorales, corrupci\u00f3n trat\u00e1ndose de los delitos de enriquecimiento il\u00edcito\u00a0y ejercicio abusivo de funciones, robo al transporte de carga en cualquiera de sus modalidades, delitos en\u00a0materia de hidrocarburos, petrol\u00edferos o petroqu\u00edmicos, delitos en materia de desaparici\u00f3n forzada de\u00a0personas y desaparici\u00f3n cometida por particulares, delitos cometidos con medios violentos como armas y\u00a0explosivos, delitos en materia de armas de fuego y explosivos de uso exclusivo del Ej\u00e9rcito, la Armada y la\u00a0Fuerza A\u00e9rea, as\u00ed como los delitos graves que determine la ley en contra de la seguridad de la naci\u00f3n, el libre\u00a0desarrollo de la personalidad, y de la salud. <\/span><\/p>\n<p>&nbsp;<\/p>\n<p><img loading=\"lazy\" decoding=\"async\" class=\"aligncenter wp-image-9540 size-large\" src=\"https:\/\/politicosaldesnudo.com.mx\/wp-content\/uploads\/2022\/08\/P-CLAUDIASHEINBAUM-1024x573.png\" alt=\"\" width=\"800\" height=\"448\" \/><\/p>\n<p>&nbsp;<\/p>\n<p class=\"p1\"><span style=\"font-size: 18pt;\"><strong>El presidente sostiene que en caso de eliminar esta figura cautelar, muchos delincuentes saldr\u00edan a las calles por efecto de la corrupci\u00f3n de jueces, de los cuales ha perfilado algunos ejemplos sin dar a\u00fan ning\u00fan nombre. As\u00ed las cosas,<span style=\"color: #e42d33;\"> Claudia Sheinbaum<\/span>, jefa de gobierno de la Ciudad de M\u00e9xico, otra favorita en las encuestas, no se queda atr\u00e1s y contrat\u00f3 en d\u00edas pasados a un nuevo operador en operaci\u00f3n e imagen pol\u00edtica, el conocido Antoni Guti\u00e9rrez Rub\u00ed, a qui\u00e9n en mucho se debe el reciente triunfo de Gustavo Petro en Colombia, y ser\u00e1 quien dirija la comunicaci\u00f3n e imagen de la jefa de gobierno, autor de varios libros en el que se incluye el t\u00edtulo <span style=\"color: #e42d33;\">Pol\u00edticas-Mujeres Protagonistas de un Poder Diferenciado<\/span>, conteniendo una recopilaci\u00f3n de art\u00edculos sobre Condoleezza Rice, Nancy Pelosi, Hillary Clinton, Cristina Fern\u00e1ndez, Michelle Bachelet, S\u00e9gol\u00e9ne Royal, Pratibha Patil y Benazir Bhutto, en los cuales<span class=\"Apple-converted-space\">\u00a0 <\/span>trata sus estrategias pol\u00edticas de comunicaci\u00f3n y participaci\u00f3n en los a\u00f1os, 2006-2008. <\/strong><\/span><\/p>\n<p class=\"p1\"><span style=\"font-size: 14pt;\">En verdad un comunicador pol\u00edtico brillante y con resultados probados. La duda es por el momento hacia qui\u00e9n dirigir\u00e1 sus bater\u00edas \u00bfal due\u00f1o de las \u201ccorcholatas\u201d?, \u00bfal electorado?, \u00bf a la ciudadan\u00eda? Por el momento eso es un enigma, pero lo que es seguro es que la 4T seguir\u00e1 aumentado su aceptaci\u00f3n ante la ciudadan\u00eda. <\/span><\/p>\n<p>&nbsp;<\/p>\n<p><span style=\"font-size: 18pt;\"><strong>Twitter: <a href=\"https:\/\/twitter.com\/zorvha\">@zorvha<\/a><\/strong><\/span><\/p>\n<p>&nbsp;<\/p>\n<p><span style=\"font-size: 18pt; color: #e42d33;\"><em><strong>**Las columnas firmadas en este medio son responsabilidad de quienes las firman**<\/strong><\/em><\/span><\/p>\n<p>&nbsp;<\/p>\n<p>&nbsp;<\/p>\n<p>&nbsp;<\/p>\n<p>&nbsp;<\/p>\n<p>&nbsp;<\/p>\n","protected":false},"excerpt":{"rendered":"<p>Por Herlindo Robles El quehacer diario de los posibles candidatos a la grande en el 24, se advierte muy din\u00e1mico,<\/p>\n","protected":false},"author":4,"featured_media":6142,"comment_status":"closed","ping_status":"closed","sticky":false,"template":"","format":"standard","meta":{"colormag_page_container_layout":"default_layout","colormag_page_sidebar_layout":"default_layout","_jetpack_memberships_contains_paid_content":false,"footnotes":"","jetpack_publicize_message":"","jetpack_publicize_feature_enabled":true,"jetpack_social_post_already_shared":false,"jetpack_social_options":{"image_generator_settings":{"template":"highway","default_image_id":0,"font":"","enabled":false},"version":2}},"categories":[6],"tags":[352,1318,596,502],"class_list":["post-7562","post","type-post","status-publish","format-standard","has-post-thumbnail","hentry","category-columnistas","tag-4t","tag-adan-augusto","tag-claudia-sheimbaum","tag-suprema-corte-de-justicia"],"jetpack_publicize_connections":[],"jetpack_featured_media_url":"https:\/\/noticiasveracruz.com\/wp-content\/uploads\/2022\/07\/P-HERLINDO-ROBLES-NV.png","jetpack_sharing_enabled":true,"publishpress_future_action":{"enabled":false,"date":"2026-05-06 20:57:25","action":"change-status","newStatus":"draft","terms":[],"taxonomy":"category","extraData":[]},"publishpress_future_workflow_manual_trigger":{"enabledWorkflows":[]},"_links":{"self":[{"href":"https:\/\/noticiasveracruz.com\/index.php\/wp-json\/wp\/v2\/posts\/7562","targetHints":{"allow":["GET"]}}],"collection":[{"href":"https:\/\/noticiasveracruz.com\/index.php\/wp-json\/wp\/v2\/posts"}],"about":[{"href":"https:\/\/noticiasveracruz.com\/index.php\/wp-json\/wp\/v2\/types\/post"}],"author":[{"embeddable":true,"href":"https:\/\/noticiasveracruz.com\/index.php\/wp-json\/wp\/v2\/users\/4"}],"replies":[{"embeddable":true,"href":"https:\/\/noticiasveracruz.com\/index.php\/wp-json\/wp\/v2\/comments?post=7562"}],"version-history":[{"count":0,"href":"https:\/\/noticiasveracruz.com\/index.php\/wp-json\/wp\/v2\/posts\/7562\/revisions"}],"wp:featuredmedia":[{"embeddable":true,"href":"https:\/\/noticiasveracruz.com\/index.php\/wp-json\/wp\/v2\/media\/6142"}],"wp:attachment":[{"href":"https:\/\/noticiasveracruz.com\/index.php\/wp-json\/wp\/v2\/media?parent=7562"}],"wp:term":[{"taxonomy":"category","embeddable":true,"href":"https:\/\/noticiasveracruz.com\/index.php\/wp-json\/wp\/v2\/categories?post=7562"},{"taxonomy":"post_tag","embeddable":true,"href":"https:\/\/noticiasveracruz.com\/index.php\/wp-json\/wp\/v2\/tags?post=7562"}],"curies":[{"name":"wp","href":"https:\/\/api.w.org\/{rel}","templated":true}]}}