{"id":7558,"date":"2022-08-31T08:41:38","date_gmt":"2022-08-31T13:41:38","guid":{"rendered":"https:\/\/noticiasveracruz.com\/?p=7558"},"modified":"2022-08-31T08:41:38","modified_gmt":"2022-08-31T13:41:38","slug":"este-viernes-diputados-aprobaran-iniciativa-sobre-guardia-nacional","status":"publish","type":"post","link":"https:\/\/noticiasveracruz.com\/index.php\/2022\/08\/31\/este-viernes-diputados-aprobaran-iniciativa-sobre-guardia-nacional\/","title":{"rendered":"Este viernes diputados aprobar\u00e1n iniciativa sobre Guardia Nacional"},"content":{"rendered":"<p class=\"p1\"><span style=\"font-size: 14pt;\"><strong><i>CIUDAD DE M\u00c9XICO. <\/i>\u00a0<\/strong>Morena en la C\u00e1mara de Diputados decidi\u00f3 aprobar el viernes, sin que pase por comisiones, la iniciativa preferente del Ejecutivo para que la Guardia Nacional dependa administrativa y organizativamente del Ej\u00e9rcito, y este martes en la noche se convoc\u00f3 a todos sus integrantes a asistir y respaldar el proyecto.<\/span><\/p>\n<p class=\"p1\"><span style=\"font-size: 18pt;\"><strong>Como anunci\u00f3 el jueves pasado el secretario de Gobernaci\u00f3n, Ad\u00e1n Augusto L\u00f3pez, a Morena y sus aliados, la propuesta del presidente Andr\u00e9s Manuel L\u00f3pez Obrador de reforma a las leyes Org\u00e1nica de la Administraci\u00f3n P\u00fablica federal, de la Guardia Nacional, del Ej\u00e9rcito y las Fuerzas Armadas y de Ascensos ser\u00e1 recibida ma\u00f1ana en la apertura del periodo de sesiones.<\/strong><\/span><\/p>\n<p>&nbsp;<\/p>\n<p><img loading=\"lazy\" decoding=\"async\" class=\"aligncenter wp-image-9532 size-large\" src=\"https:\/\/politicosaldesnudo.com.mx\/wp-content\/uploads\/2022\/08\/30-06-2022-3-ANIVERSARIO-DE-LA-GUARDIA-NACIONAL-TLALPAN-CIUDAD-DE-MEXICO-FOTO-04-1-987x1024.jpeg\" alt=\"\" width=\"800\" height=\"830\" \/><\/p>\n<p>&nbsp;<\/p>\n<p class=\"p1\"><span style=\"font-size: 14pt;\">El partido guinda solicitar\u00e1 al nuevo presidente de la C\u00e1mara \u2013la propuesta es que sea Santiago Creel Miranda (PAN)\u2013 que no la turne a comisiones, sino que se clausure de inmediato la sesi\u00f3n de apertura del Congreso y convoque a una nueva para el viernes a las 11 horas, donde se incluya en un apartado de iniciativas. La bancada mayoritaria la har\u00e1 suya, pedir\u00e1 que se le dispensen todos los tr\u00e1mites y se inicie la discusi\u00f3n de inmediato.<\/span><\/p>\n<p class=\"p1\"><span style=\"font-size: 18pt;\"><strong>Al tratarse de una reforma legal, Morena y sus aliados cuentan con los votos suficientes para aprobarla y se calcula que el debate, incluidas las posturas en contra de la oposici\u00f3n, termine alrededor de las 17 horas.<\/strong><\/span><\/p>\n<p class=\"p1\"><span style=\"font-size: 14pt;\">As\u00ed la bancada guinda envi\u00f3 a sus diputados un comunicado urgente con ajustes a la agenda, donde se les comunica que hay sesi\u00f3n ordinaria presencial el viernes.<\/span><\/p>\n<p class=\"p1\"><span style=\"font-size: 18pt;\"><strong>Al ser una iniciativa preferente, el plazo m\u00e1ximo para aprobarla es de 31 d\u00edas. El viernes pasado, Leonel Godoy, vicecoordinador de Morena, afirm\u00f3 que no se aprobar\u00eda la reforma sin que la iniciativa pasara por comisiones. Lo mismo dijo Ignacio Mier el s\u00e1bado, en Puebla. <\/strong><strong>No obstante, en la plenaria de la bancada se ratificar\u00e1 la necesidad de abordarla de inmediato.<\/strong><\/span><\/p>\n<p>&nbsp;<\/p>\n<p><img loading=\"lazy\" decoding=\"async\" class=\"aligncenter wp-image-9534 size-large\" src=\"https:\/\/politicosaldesnudo.com.mx\/wp-content\/uploads\/2022\/08\/P-GUARDIANACIONAL-MX2-1024x573.png\" alt=\"\" width=\"800\" height=\"448\" \/><\/p>\n<p>&nbsp;<\/p>\n<p>&nbsp;<\/p>\n<p>&nbsp;<\/p>\n","protected":false},"excerpt":{"rendered":"<p>CIUDAD DE M\u00c9XICO. \u00a0Morena en la C\u00e1mara de Diputados decidi\u00f3 aprobar el viernes, sin que pase por comisiones, la iniciativa<\/p>\n","protected":false},"author":4,"featured_media":7559,"comment_status":"closed","ping_status":"closed","sticky":false,"template":"","format":"standard","meta":{"colormag_page_container_layout":"default_layout","colormag_page_sidebar_layout":"default_layout","_jetpack_memberships_contains_paid_content":false,"footnotes":"","jetpack_publicize_message":"","jetpack_publicize_feature_enabled":true,"jetpack_social_post_already_shared":false,"jetpack_social_options":{"image_generator_settings":{"template":"highway","default_image_id":0,"font":"","enabled":false},"version":2}},"categories":[4],"tags":[1317,761,84],"class_list":["post-7558","post","type-post","status-publish","format-standard","has-post-thumbnail","hentry","category-nacional","tag-diputados","tag-guardia-nacional","tag-morena"],"jetpack_publicize_connections":[],"jetpack_featured_media_url":"https:\/\/noticiasveracruz.com\/wp-content\/uploads\/2022\/08\/P-GUARDIANACIONAL-MX1.png","jetpack_sharing_enabled":true,"publishpress_future_action":{"enabled":false,"date":"2026-05-06 22:32:15","action":"change-status","newStatus":"draft","terms":[],"taxonomy":"category","extraData":[]},"publishpress_future_workflow_manual_trigger":{"enabledWorkflows":[]},"_links":{"self":[{"href":"https:\/\/noticiasveracruz.com\/index.php\/wp-json\/wp\/v2\/posts\/7558","targetHints":{"allow":["GET"]}}],"collection":[{"href":"https:\/\/noticiasveracruz.com\/index.php\/wp-json\/wp\/v2\/posts"}],"about":[{"href":"https:\/\/noticiasveracruz.com\/index.php\/wp-json\/wp\/v2\/types\/post"}],"author":[{"embeddable":true,"href":"https:\/\/noticiasveracruz.com\/index.php\/wp-json\/wp\/v2\/users\/4"}],"replies":[{"embeddable":true,"href":"https:\/\/noticiasveracruz.com\/index.php\/wp-json\/wp\/v2\/comments?post=7558"}],"version-history":[{"count":0,"href":"https:\/\/noticiasveracruz.com\/index.php\/wp-json\/wp\/v2\/posts\/7558\/revisions"}],"wp:featuredmedia":[{"embeddable":true,"href":"https:\/\/noticiasveracruz.com\/index.php\/wp-json\/wp\/v2\/media\/7559"}],"wp:attachment":[{"href":"https:\/\/noticiasveracruz.com\/index.php\/wp-json\/wp\/v2\/media?parent=7558"}],"wp:term":[{"taxonomy":"category","embeddable":true,"href":"https:\/\/noticiasveracruz.com\/index.php\/wp-json\/wp\/v2\/categories?post=7558"},{"taxonomy":"post_tag","embeddable":true,"href":"https:\/\/noticiasveracruz.com\/index.php\/wp-json\/wp\/v2\/tags?post=7558"}],"curies":[{"name":"wp","href":"https:\/\/api.w.org\/{rel}","templated":true}]}}