{"id":75529,"date":"2026-03-19T00:09:41","date_gmt":"2026-03-19T06:09:41","guid":{"rendered":"https:\/\/noticiasveracruz.com\/?p=75529"},"modified":"2026-03-18T21:43:35","modified_gmt":"2026-03-19T03:43:35","slug":"reconocen-legisladores-papel-clave-de-agentes-aduanales-en-seguridad-y-comercio-exterior","status":"publish","type":"post","link":"https:\/\/noticiasveracruz.com\/index.php\/2026\/03\/19\/reconocen-legisladores-papel-clave-de-agentes-aduanales-en-seguridad-y-comercio-exterior\/","title":{"rendered":"Reconocen legisladores papel clave de agentes aduanales en seguridad y comercio exterior"},"content":{"rendered":"<p class=\"nota-justify\">Legisladores reconocieron el papel crucial de los agentes aduanales en la protecci\u00f3n de las aduanas mexicanas, se\u00f1al\u00f3 la Confederaci\u00f3n de Asociaciones de Agentes Aduanales de la Rep\u00fablica Mexicana (Caaarem).<\/p>\n<p class=\"nota-justify\">En un encuentro entre representantes del organismo, senadores y diputados federales destacaron la contribuci\u00f3n de los aduaneros en el fortalecimiento de la seguridad en el comercio exterior.<\/p>\n<p class=\"nota-justify\">Tambi\u00e9n destacaron la importancia de la Caaarem como el primer organismo a nivel mundial en implementar la autorregulaci\u00f3n de manera obligatoria, debido a la reciente reforma de sus estatutos.<\/p>\n<p class=\"nota-justify\">Los presidentes de comisiones, el senador Emmanuel Reyes Carmona y el diputado Ricardo Mej\u00eda Berdeja, reconocieron el papel estrat\u00e9gico de los agentes aduanales en el desarrollo econ\u00f3mico y la legalidad del pa\u00eds, ante la presencia de los presidentes de las 38 asociaciones de agentes aduanales que conforman la Caaarem.<\/p>\n<p class=\"nota-justify\">Jos\u00e9 Ignacio Zaragoza Ambrosi, presidente de la Caaarem, enfatiz\u00f3 la representaci\u00f3n del Estado mexicano que ejercen los agentes aduanales y la estrecha coordinaci\u00f3n existente con la Secretar\u00eda de Hacienda, la Agencia Nacional de Aduanas de M\u00e9xico y el Servicio de Administraci\u00f3n Tributaria (SAT).<\/p>\n","protected":false},"excerpt":{"rendered":"<p>Legisladores reconocieron el papel crucial de los agentes aduanales en la protecci\u00f3n de las aduanas mexicanas, se\u00f1al\u00f3 la Confederaci\u00f3n de Asociaciones de Agentes Aduanales de la Rep\u00fablica Mexicana (Caaarem). En un encuentro entre representantes del organismo, senadores y diputados federales destacaron la contribuci\u00f3n de los aduaneros en el fortalecimiento de la seguridad en el comercio [&hellip;]<\/p>\n","protected":false},"author":4,"featured_media":75530,"comment_status":"closed","ping_status":"closed","sticky":false,"template":"","format":"standard","meta":{"_jetpack_newsletter_access":"","_jetpack_dont_email_post_to_subs":false,"_jetpack_newsletter_tier_id":0,"_jetpack_memberships_contains_paywalled_content":false,"_jetpack_feature_clip_id":0,"_jetpack_memberships_contains_paid_content":false,"footnotes":"","jetpack_publicize_message":"","jetpack_publicize_feature_enabled":true,"jetpack_social_post_already_shared":true,"jetpack_social_options":{"image_generator_settings":{"template":"highway","default_image_id":0,"font":"","enabled":false},"version":2},"jetpack_post_was_ever_published":false},"categories":[1947],"tags":[],"class_list":["post-75529","post","type-post","status-publish","format-standard","has-post-thumbnail","hentry","category-economia"],"jetpack_publicize_connections":[],"jetpack_sharing_enabled":true,"publishpress_future_action":{"enabled":false,"date":"2026-09-12 09:48:12","action":"change-status","newStatus":"draft","terms":[],"taxonomy":"category","extraData":[]},"publishpress_future_workflow_manual_trigger":{"enabledWorkflows":[]},"jetpack_featured_media_url":"https:\/\/noticiasveracruz.com\/wp-content\/uploads\/2026\/03\/ADU.jpg","_links":{"self":[{"href":"https:\/\/noticiasveracruz.com\/index.php\/wp-json\/wp\/v2\/posts\/75529","targetHints":{"allow":["GET"]}}],"collection":[{"href":"https:\/\/noticiasveracruz.com\/index.php\/wp-json\/wp\/v2\/posts"}],"about":[{"href":"https:\/\/noticiasveracruz.com\/index.php\/wp-json\/wp\/v2\/types\/post"}],"author":[{"embeddable":true,"href":"https:\/\/noticiasveracruz.com\/index.php\/wp-json\/wp\/v2\/users\/4"}],"replies":[{"embeddable":true,"href":"https:\/\/noticiasveracruz.com\/index.php\/wp-json\/wp\/v2\/comments?post=75529"}],"version-history":[{"count":0,"href":"https:\/\/noticiasveracruz.com\/index.php\/wp-json\/wp\/v2\/posts\/75529\/revisions"}],"wp:featuredmedia":[{"embeddable":true,"href":"https:\/\/noticiasveracruz.com\/index.php\/wp-json\/wp\/v2\/media\/75530"}],"wp:attachment":[{"href":"https:\/\/noticiasveracruz.com\/index.php\/wp-json\/wp\/v2\/media?parent=75529"}],"wp:term":[{"taxonomy":"category","embeddable":true,"href":"https:\/\/noticiasveracruz.com\/index.php\/wp-json\/wp\/v2\/categories?post=75529"},{"taxonomy":"post_tag","embeddable":true,"href":"https:\/\/noticiasveracruz.com\/index.php\/wp-json\/wp\/v2\/tags?post=75529"}],"curies":[{"name":"wp","href":"https:\/\/api.w.org\/{rel}","templated":true}]}}