{"id":75520,"date":"2026-03-19T00:06:37","date_gmt":"2026-03-19T06:06:37","guid":{"rendered":"https:\/\/noticiasveracruz.com\/?p=75520"},"modified":"2026-03-18T21:36:28","modified_gmt":"2026-03-19T03:36:28","slug":"tepjf-determina-que-conversaciones-privadas-no-son-prueba-en-juicios-electorales","status":"publish","type":"post","link":"https:\/\/noticiasveracruz.com\/index.php\/2026\/03\/19\/tepjf-determina-que-conversaciones-privadas-no-son-prueba-en-juicios-electorales\/","title":{"rendered":"TEPJF determina que conversaciones privadas no son prueba en juicios electorales"},"content":{"rendered":"<p class=\"nota-justify\">En definitiva, las conversaciones privadas no ser\u00e1n pruebas en juicios electorales, determin\u00f3 la Sala Superior del Tribunal\u00a0Electoral del\u00a0Poder\u00a0Judicial de la\u00a0Federaci\u00f3n (TEPJF).<\/p>\n<p class=\"nota-justify\">Con ello se cierra el caso de una denuncia espec\u00edfica por violencia pol\u00edtica en raz\u00f3n de g\u00e9nero,\u00a0una de ellas denunci\u00f3 que en la conversaci\u00f3n fueron descalificadas sus capacidades profesionales y se atribuy\u00f3 su postulaci\u00f3n como diputad al hecho de integrar el grupo de la diversidad sexual.<\/p>\n<p class=\"nota-justify\">El tribunal electoral de Sinaloa dijo que no hab\u00eda violencia pol\u00edtica; la inconforme acudi\u00f3 a una sala regional del TEPJF y este resolvi\u00f3 a su favor, por lo que el asunto lleg\u00f3 a la Sala Superior, cuyas resoluciones son inapelables.<\/p>\n<p class=\"nota-justify\">El proyecto de sentencia elaborado por el magistrado Felipe de la Mata, aprobado de manera un\u00e1nime, se\u00f1ala que \u201clas conversaciones privadas, a trav\u00e9s de un chat de WhatsApp, gozan de la protecci\u00f3n constitucional de inviolabilidad de las comunicaciones privadas, y en el caso concreto no se acredit\u00f3 que dichas pruebas hayan sido obtenidas conforme a las exigencias constitucionales y legales\u201d.<\/p>\n<p class=\"nota-justify\">Adem\u00e1s, porque ninguno de los interlocutores en ese chat aport\u00f3 la prueba con los est\u00e1ndares necesarios; no hay certeza sobre el origen de las capturas de pantalla,\u00a0el cual no fue verificado para descartar manipulaci\u00f3n.<\/p>\n<p class=\"nota-justify\">Al respecto, la magistrada Claudia Valle agreg\u00f3 que la libertad de expresi\u00f3n y de opini\u00f3n deben prevalecer; adem\u00e1s, en el \u00e1mbito del TEPJF no se puede validar la posibilidad de censura de una conversaci\u00f3n privada.<\/p>\n<p class=\"nota-justify\">\u201cDesde mi perspectiva jur\u00eddica, la violencia pol\u00edtica tiene un l\u00edmite. El l\u00edmite es lo privado&#8230;Nadie puede ni debe ser censurado por expresarse en el sentido que desee en ese espacio privado; nadie debe ser imputado por considerar que una persona le merece los peores calificativos si su sentir, su pensar y su opini\u00f3n se queda en el espacio personal o privado\u201d, dijo.<\/p>\n<p class=\"nota-justify\">En un sentido similar se manifest\u00f3 la magistrada M\u00f3nica Soto, al hacer \u00e9nfasis en la necesaria legalidad en la obtenci\u00f3n de las pruebas.<\/p>\n","protected":false},"excerpt":{"rendered":"<p>En definitiva, las conversaciones privadas no ser\u00e1n pruebas en juicios electorales, determin\u00f3 la Sala Superior del Tribunal\u00a0Electoral del\u00a0Poder\u00a0Judicial de la\u00a0Federaci\u00f3n (TEPJF). Con ello se cierra el caso de una denuncia espec\u00edfica por violencia pol\u00edtica en raz\u00f3n de g\u00e9nero,\u00a0una de ellas denunci\u00f3 que en la conversaci\u00f3n fueron descalificadas sus capacidades profesionales y se atribuy\u00f3 su postulaci\u00f3n [&hellip;]<\/p>\n","protected":false},"author":4,"featured_media":75521,"comment_status":"closed","ping_status":"closed","sticky":false,"template":"","format":"standard","meta":{"_jetpack_newsletter_access":"","_jetpack_dont_email_post_to_subs":false,"_jetpack_newsletter_tier_id":0,"_jetpack_memberships_contains_paywalled_content":false,"_jetpack_feature_clip_id":0,"_jetpack_memberships_contains_paid_content":false,"footnotes":"","jetpack_publicize_message":"","jetpack_publicize_feature_enabled":true,"jetpack_social_post_already_shared":true,"jetpack_social_options":{"image_generator_settings":{"template":"highway","default_image_id":0,"font":"","enabled":false},"version":2},"jetpack_post_was_ever_published":false},"categories":[4],"tags":[],"class_list":["post-75520","post","type-post","status-publish","format-standard","has-post-thumbnail","hentry","category-nacional"],"jetpack_publicize_connections":[],"jetpack_sharing_enabled":true,"publishpress_future_action":{"enabled":false,"date":"2026-09-12 09:47:16","action":"change-status","newStatus":"draft","terms":[],"taxonomy":"category","extraData":[]},"publishpress_future_workflow_manual_trigger":{"enabledWorkflows":[]},"jetpack_featured_media_url":"https:\/\/noticiasveracruz.com\/wp-content\/uploads\/2026\/03\/TODOARR.jpg","_links":{"self":[{"href":"https:\/\/noticiasveracruz.com\/index.php\/wp-json\/wp\/v2\/posts\/75520","targetHints":{"allow":["GET"]}}],"collection":[{"href":"https:\/\/noticiasveracruz.com\/index.php\/wp-json\/wp\/v2\/posts"}],"about":[{"href":"https:\/\/noticiasveracruz.com\/index.php\/wp-json\/wp\/v2\/types\/post"}],"author":[{"embeddable":true,"href":"https:\/\/noticiasveracruz.com\/index.php\/wp-json\/wp\/v2\/users\/4"}],"replies":[{"embeddable":true,"href":"https:\/\/noticiasveracruz.com\/index.php\/wp-json\/wp\/v2\/comments?post=75520"}],"version-history":[{"count":0,"href":"https:\/\/noticiasveracruz.com\/index.php\/wp-json\/wp\/v2\/posts\/75520\/revisions"}],"wp:featuredmedia":[{"embeddable":true,"href":"https:\/\/noticiasveracruz.com\/index.php\/wp-json\/wp\/v2\/media\/75521"}],"wp:attachment":[{"href":"https:\/\/noticiasveracruz.com\/index.php\/wp-json\/wp\/v2\/media?parent=75520"}],"wp:term":[{"taxonomy":"category","embeddable":true,"href":"https:\/\/noticiasveracruz.com\/index.php\/wp-json\/wp\/v2\/categories?post=75520"},{"taxonomy":"post_tag","embeddable":true,"href":"https:\/\/noticiasveracruz.com\/index.php\/wp-json\/wp\/v2\/tags?post=75520"}],"curies":[{"name":"wp","href":"https:\/\/api.w.org\/{rel}","templated":true}]}}