{"id":7548,"date":"2022-08-31T07:41:20","date_gmt":"2022-08-31T12:41:20","guid":{"rendered":"https:\/\/noticiasveracruz.com\/?p=7548"},"modified":"2022-08-31T08:26:20","modified_gmt":"2022-08-31T13:26:20","slug":"por-corrupcion-naucalpan-dan-de-baja-a-196-policias","status":"publish","type":"post","link":"https:\/\/noticiasveracruz.com\/index.php\/2022\/08\/31\/por-corrupcion-naucalpan-dan-de-baja-a-196-policias\/","title":{"rendered":"Responsables de corrupci\u00f3n, Naucalpan da de baja a 196 polic\u00edas"},"content":{"rendered":"<p class=\"p1\"><span style=\"font-size: 14pt;\"><em><strong>NAUCALPAN, ESTADO DE M\u00c9XICO.<\/strong> <\/em>Ang\u00e9lica Moya, alcaldesa de Naucalpan, inform\u00f3 que su administraci\u00f3n dio de baja a un total de 196 polic\u00edas y funcionarios que pertenec\u00edan a la Secretar\u00eda de Seguridad Ciudadana del municipio.\u00a0<\/span><\/p>\n<p class=\"p1\"><span style=\"font-size: 18pt;\"><strong>De acuerdo con la funcionaria, dichos servidores p\u00fablicos son presuntos responsables de haber participado en actos de corrupci\u00f3n, de enero a agosto de este a\u00f1o.\u00a0<\/strong><\/span><\/p>\n<blockquote>\n<p class=\"p1\"><span style=\"font-size: 14pt;\">Estamos enfrentando las malas pr\u00e1cticas a trav\u00e9s de la Unidad Anticorrupci\u00f3n Policial. De enero a agosto de este a\u00f1o hemos dado de baja a de la Direcci\u00f3n de Seguridad P\u00fablica a 196 elementos y funcionarios que cometieron actos indebidos durante su desempe\u00f1o\u201d<\/span><\/p>\n<p>&nbsp;<\/p><\/blockquote>\n<p><img loading=\"lazy\" decoding=\"async\" class=\"aligncenter wp-image-9520 size-large\" src=\"https:\/\/politicosaldesnudo.com.mx\/wp-content\/uploads\/2022\/08\/P-POLICIAS-NAUCALPAN2-1024x573.png\" alt=\"\" width=\"800\" height=\"448\" \/><\/p>\n<p>&nbsp;<\/p>\n<p class=\"p1\"><span style=\"font-size: 14pt;\">En el marco de la\u00a0Tercera Sesi\u00f3n Ordinaria del Consejo Intermunicipal de Seguridad P\u00fablica de la regi\u00f3n IX Naucalpan, la alcaldesa inform\u00f3 hizo un llamado a los integrantes del Consejo municipal.<\/span><\/p>\n<blockquote>\n<p class=\"p1\"><span style=\"font-size: 14pt;\">Hoy m\u00e1s que nunca debemos unir fuerzas para resolver los retos que se nos presenta. Debemos seguir unidos para fortalecer nuestras instituciones y darle un cause distinto a las estrategias de seguridad, erradicar la corrupci\u00f3n y devolverle a la ciudadan\u00eda la confianza a los gobiernos\u00bb<\/span><\/p>\n<\/blockquote>\n<p>&nbsp;<\/p>\n<p>&nbsp;<\/p>\n<p>&nbsp;<\/p>\n","protected":false},"excerpt":{"rendered":"<p>NAUCALPAN, ESTADO DE M\u00c9XICO. Ang\u00e9lica Moya, alcaldesa de Naucalpan, inform\u00f3 que su administraci\u00f3n dio de baja a un total de<\/p>\n","protected":false},"author":4,"featured_media":7549,"comment_status":"closed","ping_status":"closed","sticky":false,"template":"","format":"standard","meta":{"colormag_page_container_layout":"default_layout","colormag_page_sidebar_layout":"default_layout","_jetpack_memberships_contains_paid_content":false,"footnotes":"","jetpack_publicize_message":"","jetpack_publicize_feature_enabled":true,"jetpack_social_post_already_shared":false,"jetpack_social_options":{"image_generator_settings":{"template":"highway","default_image_id":0,"font":"","enabled":false},"version":2}},"categories":[145],"tags":[1315,1316,167],"class_list":["post-7548","post","type-post","status-publish","format-standard","has-post-thumbnail","hentry","category-estados","tag-angelica-moya","tag-naucalpan","tag-policias"],"jetpack_publicize_connections":[],"jetpack_featured_media_url":"https:\/\/noticiasveracruz.com\/wp-content\/uploads\/2022\/08\/P-POLICIAS-NAUCALPAN1.png","jetpack_sharing_enabled":true,"publishpress_future_action":{"enabled":false,"date":"2026-05-06 23:18:19","action":"change-status","newStatus":"draft","terms":[],"taxonomy":"category","extraData":[]},"publishpress_future_workflow_manual_trigger":{"enabledWorkflows":[]},"_links":{"self":[{"href":"https:\/\/noticiasveracruz.com\/index.php\/wp-json\/wp\/v2\/posts\/7548","targetHints":{"allow":["GET"]}}],"collection":[{"href":"https:\/\/noticiasveracruz.com\/index.php\/wp-json\/wp\/v2\/posts"}],"about":[{"href":"https:\/\/noticiasveracruz.com\/index.php\/wp-json\/wp\/v2\/types\/post"}],"author":[{"embeddable":true,"href":"https:\/\/noticiasveracruz.com\/index.php\/wp-json\/wp\/v2\/users\/4"}],"replies":[{"embeddable":true,"href":"https:\/\/noticiasveracruz.com\/index.php\/wp-json\/wp\/v2\/comments?post=7548"}],"version-history":[{"count":0,"href":"https:\/\/noticiasveracruz.com\/index.php\/wp-json\/wp\/v2\/posts\/7548\/revisions"}],"wp:featuredmedia":[{"embeddable":true,"href":"https:\/\/noticiasveracruz.com\/index.php\/wp-json\/wp\/v2\/media\/7549"}],"wp:attachment":[{"href":"https:\/\/noticiasveracruz.com\/index.php\/wp-json\/wp\/v2\/media?parent=7548"}],"wp:term":[{"taxonomy":"category","embeddable":true,"href":"https:\/\/noticiasveracruz.com\/index.php\/wp-json\/wp\/v2\/categories?post=7548"},{"taxonomy":"post_tag","embeddable":true,"href":"https:\/\/noticiasveracruz.com\/index.php\/wp-json\/wp\/v2\/tags?post=7548"}],"curies":[{"name":"wp","href":"https:\/\/api.w.org\/{rel}","templated":true}]}}