{"id":75458,"date":"2026-03-18T00:06:56","date_gmt":"2026-03-18T06:06:56","guid":{"rendered":"https:\/\/noticiasveracruz.com\/?p=75458"},"modified":"2026-03-17T22:22:37","modified_gmt":"2026-03-18T04:22:37","slug":"ordenan-a-fgr-reabrir-investigacion-contra-el-vicealmirante-farias-laguna-por-huachicol-fiscal","status":"publish","type":"post","link":"https:\/\/noticiasveracruz.com\/index.php\/2026\/03\/18\/ordenan-a-fgr-reabrir-investigacion-contra-el-vicealmirante-farias-laguna-por-huachicol-fiscal\/","title":{"rendered":"Ordenan a FGR reabrir investigaci\u00f3n contra el vicealmirante Far\u00edas Laguna por &#8216;huachicol&#8217; fiscal"},"content":{"rendered":"<p>La jueza federal Mariana Vieyra Vald\u00e9s orden\u00f3 a la Fiscal\u00eda General de la Rep\u00fablica (FGR) reabrir la investigaci\u00f3n complementaria contra el vicealmirante Manuel Roberto Far\u00edas Laguna, tras la negativa de la instituci\u00f3n para entregar la carpeta completa.<\/p>\n<p>El despacho Epigmenio Mendieta y Abogados inform\u00f3 que obtuvieron tres meses adicionales de investigaci\u00f3n luego de que la Fiscal\u00eda se negara reiteradamente a proporcionar la totalidad de las constancias y actos de la indagatoria.<\/p>\n<p>Apunt\u00f3 que durante la audiencia, Vieyra Vald\u00e9s, jueza de control del Centro de Justicia Penal Federal del Altiplano, instruy\u00f3 a la FGR permitir el acceso \u00edntegro a la carpeta de investigaci\u00f3n y presentar un inventario completo del expediente, es decir, de los tomos, cuadernos, anexos, discos y dem\u00e1s constancias que la integran.<\/p>\n<p>Asimismo, se orden\u00f3 facilitar la revisi\u00f3n de evidencia digital por parte de los peritos de la defensa.<\/p>\n<p>Far\u00edas Laguna fue detenido el 2 de septiembre de 2025 y desde entonces ha estado preso en el Centro Federal de Readaptaci\u00f3n Social n\u00famero 1, Altiplano, donde enfrenta un proceso penal por delitos en materia de hidrocarburos, delincuencia organizada y operaciones con recursos de procedencia il\u00edcita.<\/p>\n","protected":false},"excerpt":{"rendered":"<p>La jueza federal Mariana Vieyra Vald\u00e9s orden\u00f3 a la Fiscal\u00eda General de la Rep\u00fablica (FGR) reabrir la investigaci\u00f3n complementaria contra el vicealmirante Manuel Roberto Far\u00edas Laguna, tras la negativa de la instituci\u00f3n para entregar la carpeta completa. El despacho Epigmenio Mendieta y Abogados inform\u00f3 que obtuvieron tres meses adicionales de investigaci\u00f3n luego de que la [&hellip;]<\/p>\n","protected":false},"author":4,"featured_media":75459,"comment_status":"closed","ping_status":"closed","sticky":false,"template":"","format":"standard","meta":{"_jetpack_newsletter_access":"","_jetpack_dont_email_post_to_subs":false,"_jetpack_newsletter_tier_id":0,"_jetpack_memberships_contains_paywalled_content":false,"_jetpack_feature_clip_id":0,"_jetpack_memberships_contains_paid_content":false,"footnotes":"","jetpack_publicize_message":"","jetpack_publicize_feature_enabled":true,"jetpack_social_post_already_shared":true,"jetpack_social_options":{"image_generator_settings":{"template":"highway","default_image_id":0,"font":"","enabled":false},"version":2},"jetpack_post_was_ever_published":false},"categories":[4],"tags":[],"class_list":["post-75458","post","type-post","status-publish","format-standard","has-post-thumbnail","hentry","category-nacional"],"jetpack_publicize_connections":[],"jetpack_sharing_enabled":true,"publishpress_future_action":{"enabled":false,"date":"2026-09-12 12:37:14","action":"change-status","newStatus":"draft","terms":[],"taxonomy":"category","extraData":[]},"publishpress_future_workflow_manual_trigger":{"enabledWorkflows":[]},"jetpack_featured_media_url":"https:\/\/noticiasveracruz.com\/wp-content\/uploads\/2026\/03\/HUACHICOL-FISCAL-EL-PROBLEMA-MULTIMILLONARIO-QUE-S_UQpGx.png","_links":{"self":[{"href":"https:\/\/noticiasveracruz.com\/index.php\/wp-json\/wp\/v2\/posts\/75458","targetHints":{"allow":["GET"]}}],"collection":[{"href":"https:\/\/noticiasveracruz.com\/index.php\/wp-json\/wp\/v2\/posts"}],"about":[{"href":"https:\/\/noticiasveracruz.com\/index.php\/wp-json\/wp\/v2\/types\/post"}],"author":[{"embeddable":true,"href":"https:\/\/noticiasveracruz.com\/index.php\/wp-json\/wp\/v2\/users\/4"}],"replies":[{"embeddable":true,"href":"https:\/\/noticiasveracruz.com\/index.php\/wp-json\/wp\/v2\/comments?post=75458"}],"version-history":[{"count":0,"href":"https:\/\/noticiasveracruz.com\/index.php\/wp-json\/wp\/v2\/posts\/75458\/revisions"}],"wp:featuredmedia":[{"embeddable":true,"href":"https:\/\/noticiasveracruz.com\/index.php\/wp-json\/wp\/v2\/media\/75459"}],"wp:attachment":[{"href":"https:\/\/noticiasveracruz.com\/index.php\/wp-json\/wp\/v2\/media?parent=75458"}],"wp:term":[{"taxonomy":"category","embeddable":true,"href":"https:\/\/noticiasveracruz.com\/index.php\/wp-json\/wp\/v2\/categories?post=75458"},{"taxonomy":"post_tag","embeddable":true,"href":"https:\/\/noticiasveracruz.com\/index.php\/wp-json\/wp\/v2\/tags?post=75458"}],"curies":[{"name":"wp","href":"https:\/\/api.w.org\/{rel}","templated":true}]}}