{"id":75369,"date":"2026-03-16T12:54:57","date_gmt":"2026-03-16T18:54:57","guid":{"rendered":"https:\/\/noticiasveracruz.com\/?p=75369"},"modified":"2026-03-16T12:54:57","modified_gmt":"2026-03-16T18:54:57","slug":"amlo-reaparece-el-retiro-que-nunca-fue-silencio","status":"publish","type":"post","link":"https:\/\/noticiasveracruz.com\/index.php\/2026\/03\/16\/amlo-reaparece-el-retiro-que-nunca-fue-silencio\/","title":{"rendered":"AMLO reaparece: el retiro que nunca fue silencio"},"content":{"rendered":"<p><strong><span style=\"font-family: arial, helvetica, sans-serif; font-size: 14pt;\">POR \u00c1NGEL \u00c1LVARO PE\u00d1A<\/span><\/strong><\/p>\n<p><span style=\"font-family: arial, helvetica, sans-serif; font-size: 14pt;\">Cuando Andr\u00e9s Manuel L\u00f3pez Obrador dej\u00f3 la Presidencia, anunci\u00f3 tambi\u00e9n su retiro de la vida p\u00fablica. Dijo que se apartar\u00eda de la pol\u00edtica y que iniciar\u00eda una etapa distinta, lejos del debate cotidiano. Sin embargo, su figura nunca desapareci\u00f3 del todo. De una u otra forma, su voz ha seguido apareciendo en momentos que considera relevantes.<\/span><\/p>\n<p><span style=\"font-family: arial, helvetica, sans-serif; font-size: 14pt;\">Su m\u00e1s reciente intervenci\u00f3n ocurri\u00f3 a trav\u00e9s de redes sociales, donde difundi\u00f3 un mensaje sobre la situaci\u00f3n que atraviesa Cuba. En medio de la crisis econ\u00f3mica que vive la isla y del endurecimiento del bloqueo econ\u00f3mico por parte de Estados Unidos, el ex presidente decidi\u00f3 pronunciarse para pedir apoyo al pueblo cubano.<\/span><\/p>\n<p><span style=\"font-family: arial, helvetica, sans-serif; font-size: 14pt;\">\u201cEstoy en retiro, pero me hiere que busquen exterminar, por sus ideales de libertad y defensa de la soberan\u00eda, al hermano pueblo de Cuba\u201d, escribi\u00f3 en la red social X. Acompa\u00f1\u00f3 el mensaje con una convocatoria a participar en una colecta ciudadana destinada a enviar alimentos, medicinas y combustibles a la isla, mediante una cuenta bancaria de la asociaci\u00f3n civil Humanidad con Am\u00e9rica Latina.<\/span><\/p>\n<p><span style=\"font-family: arial, helvetica, sans-serif; font-size: 14pt;\">No es la primera vez que L\u00f3pez Obrador reaparece desde que anunci\u00f3 su retiro. Meses despu\u00e9s de dejar la Presidencia volvi\u00f3 a llamar la atenci\u00f3n p\u00fablica cuando comparti\u00f3 un video desde su finca en Palenque, Chiapas, donde asegur\u00f3 que se encontraba dedicado a escribir y a mantenerse alejado de la actividad pol\u00edtica cotidiana. M\u00e1s adelante, tambi\u00e9n a trav\u00e9s de redes sociales, volvi\u00f3 a intervenir para aclarar versiones sobre su retiro y reiterar que permanecer\u00eda fuera de la pol\u00edtica partidista, aunque sin dejar de expresar opiniones cuando considerara necesario.<\/span><\/p>\n<p><span style=\"font-family: arial, helvetica, sans-serif; font-size: 14pt;\">La nueva aparici\u00f3n tambi\u00e9n revive una relaci\u00f3n hist\u00f3rica entre M\u00e9xico y Cuba que L\u00f3pez Obrador impuls\u00f3 durante su gobierno. En 2022 visit\u00f3 La Habana y fue condecorado por el presidente cubano Miguel D\u00edaz-Canel con la orden Jos\u00e9 Mart\u00ed, el m\u00e1ximo reconocimiento que otorga el pa\u00eds a un extranjero. Aquella visita represent\u00f3, para muchos, un intento de recomponer los v\u00ednculos bilaterales despu\u00e9s de a\u00f1os de distanciamiento diplom\u00e1tico.<\/span><\/p>\n<p><span style=\"font-family: arial, helvetica, sans-serif; font-size: 14pt;\">El mensaje difundido ahora reabre un debate que suele dividir opiniones. Para quienes respaldan la postura del ex presidente, la convocatoria representa un gesto de solidaridad internacional frente a una situaci\u00f3n humanitaria agravada por sanciones econ\u00f3micas y dificultades estructurales que afectan a la poblaci\u00f3n cubana. Bajo esa \u00f3ptica, la ayuda civil puede ser una forma de aliviar carencias inmediatas sin esperar decisiones gubernamentales.<\/span><\/p>\n<p><span style=\"font-family: arial, helvetica, sans-serif; font-size: 14pt;\">En contraste, tambi\u00e9n existen voces cr\u00edticas que cuestionan el llamado. Algunos consideran que la crisis cubana no puede explicarse \u00fanicamente por el bloqueo estadounidense y que la solidaridad internacional deber\u00eda acompa\u00f1arse de un debate m\u00e1s amplio sobre las condiciones pol\u00edticas y econ\u00f3micas dentro de la isla. Otros sostienen que un ex presidente mexicano deber\u00eda mantener una distancia mayor respecto a conflictos o tensiones internacionales.<\/span><\/p>\n<p><span style=\"font-family: arial, helvetica, sans-serif; font-size: 14pt;\">M\u00e1s all\u00e1 de las posturas, lo cierto es que cada vez que L\u00f3pez Obrador publica un mensaje vuelve a colocarse en el centro de la conversaci\u00f3n p\u00fablica. Su capacidad para provocar discusi\u00f3n confirma que su retiro no ha significado ausencia.<\/span><\/p>\n<p><span style=\"font-family: arial, helvetica, sans-serif; font-size: 14pt;\">El ex presidente puede haberse alejado de los cargos y de la agenda diaria del poder, pero su voz contin\u00faa apareciendo en momentos espec\u00edficos, recordando que su figura sigue siendo una referencia pol\u00edtica para muchos y un punto de contraste para otros.<\/span><\/p>\n<p><span style=\"font-family: arial, helvetica, sans-serif; font-size: 14pt;\">En pol\u00edtica, como suele ocurrir, el silencio absoluto es raro. Y en el caso de L\u00f3pez Obrador, su presencia \u2014aunque espor\u00e1dica\u2014 demuestra que su etapa fuera del gobierno no necesariamente implica desaparecer del escenario p\u00fablico.<\/span><\/p>\n","protected":false},"excerpt":{"rendered":"<p>POR \u00c1NGEL \u00c1LVARO PE\u00d1A Cuando Andr\u00e9s Manuel L\u00f3pez Obrador dej\u00f3 la Presidencia, anunci\u00f3 tambi\u00e9n su retiro de la vida p\u00fablica.<\/p>\n","protected":false},"author":4,"featured_media":75370,"comment_status":"closed","ping_status":"closed","sticky":false,"template":"","format":"standard","meta":{"colormag_page_container_layout":"default_layout","colormag_page_sidebar_layout":"default_layout","_jetpack_memberships_contains_paid_content":false,"footnotes":"","jetpack_publicize_message":"","jetpack_publicize_feature_enabled":true,"jetpack_social_post_already_shared":true,"jetpack_social_options":{"image_generator_settings":{"template":"highway","default_image_id":0,"font":"","enabled":false},"version":2}},"categories":[6],"tags":[],"class_list":["post-75369","post","type-post","status-publish","format-standard","has-post-thumbnail","hentry","category-columnistas"],"jetpack_publicize_connections":[],"jetpack_featured_media_url":"https:\/\/noticiasveracruz.com\/wp-content\/uploads\/2026\/03\/AMLO-reaparece-tras-desmayo-scaled.jpg","jetpack_sharing_enabled":true,"publishpress_future_action":{"enabled":false,"date":"2026-05-08 05:32:03","action":"change-status","newStatus":"draft","terms":[],"taxonomy":"category","extraData":[]},"publishpress_future_workflow_manual_trigger":{"enabledWorkflows":[]},"_links":{"self":[{"href":"https:\/\/noticiasveracruz.com\/index.php\/wp-json\/wp\/v2\/posts\/75369","targetHints":{"allow":["GET"]}}],"collection":[{"href":"https:\/\/noticiasveracruz.com\/index.php\/wp-json\/wp\/v2\/posts"}],"about":[{"href":"https:\/\/noticiasveracruz.com\/index.php\/wp-json\/wp\/v2\/types\/post"}],"author":[{"embeddable":true,"href":"https:\/\/noticiasveracruz.com\/index.php\/wp-json\/wp\/v2\/users\/4"}],"replies":[{"embeddable":true,"href":"https:\/\/noticiasveracruz.com\/index.php\/wp-json\/wp\/v2\/comments?post=75369"}],"version-history":[{"count":0,"href":"https:\/\/noticiasveracruz.com\/index.php\/wp-json\/wp\/v2\/posts\/75369\/revisions"}],"wp:featuredmedia":[{"embeddable":true,"href":"https:\/\/noticiasveracruz.com\/index.php\/wp-json\/wp\/v2\/media\/75370"}],"wp:attachment":[{"href":"https:\/\/noticiasveracruz.com\/index.php\/wp-json\/wp\/v2\/media?parent=75369"}],"wp:term":[{"taxonomy":"category","embeddable":true,"href":"https:\/\/noticiasveracruz.com\/index.php\/wp-json\/wp\/v2\/categories?post=75369"},{"taxonomy":"post_tag","embeddable":true,"href":"https:\/\/noticiasveracruz.com\/index.php\/wp-json\/wp\/v2\/tags?post=75369"}],"curies":[{"name":"wp","href":"https:\/\/api.w.org\/{rel}","templated":true}]}}