{"id":7536,"date":"2022-08-31T06:15:58","date_gmt":"2022-08-31T11:15:58","guid":{"rendered":"https:\/\/noticiasveracruz.com\/?p=7536"},"modified":"2022-08-31T06:15:58","modified_gmt":"2022-08-31T11:15:58","slug":"tan-corruptos-ayer-como-hoy","status":"publish","type":"post","link":"https:\/\/noticiasveracruz.com\/index.php\/2022\/08\/31\/tan-corruptos-ayer-como-hoy\/","title":{"rendered":"Tan corruptos ayer como hoy"},"content":{"rendered":"<p class=\"p1\">\n<p>&nbsp;<\/p>\n<p class=\"p1\"><span style=\"font-size: 18pt;\"><b>Por \u00c1ngel \u00c1lvaro Pe\u00f1a<\/b><\/span><\/p>\n<p class=\"p1\"><span style=\"font-size: 14pt;\">Los comentarios del presidente en la conferencia matutina del pasado martes marcaron una l\u00ednea divisoria entre los funcionarios corruptos y los honestos. L\u00ednea muy delgada, por cierto, que no puede reducirse a los funcionarios del pasado y los del presente, porque con esa medida hay muchos que no caben en la honestidad y su plumaje est\u00e1 manchado por el lodo de la corrupci\u00f3n.<\/span><\/p>\n<p class=\"p1\"><span style=\"font-size: 18pt;\"><strong>Mucha raz\u00f3n tiene el Presidente al hacer un retrato hablado de los corruptos que tomaron la administraci\u00f3n p\u00fablica como plataforma para puestos m\u00e1s altos y escalones cada vez m\u00e1s oscuros para llegar a niveles insospechados a causa de la complicidad y no por cubrir perfiles.<\/strong><\/span><\/p>\n<p class=\"p1\"><span style=\"font-size: 14pt;\">En la administraci\u00f3n de Morena, hay oportunistas en diferentes niveles de gobierno, a lo largo y ancho del territorio nacional, que el propio Presidente dibuj\u00f3 sin esfuerzo, pero con recelo y desconocimiento de los bur\u00f3cratas que se sirven del servicio p\u00fablico en las filas de Morena y en las administraciones de la 4T.<\/span><\/p>\n<p>&nbsp;<\/p>\n<p><img loading=\"lazy\" decoding=\"async\" class=\"aligncenter wp-image-9509 size-large\" src=\"https:\/\/politicosaldesnudo.com.mx\/wp-content\/uploads\/2022\/08\/P-AMLO-DOSBOCAS-1024x573.png\" alt=\"\" width=\"800\" height=\"448\" \/><\/p>\n<p>&nbsp;<\/p>\n<p class=\"p1\"><span style=\"font-size: 18pt;\"><strong>A la pregunta de un reportero de 24 Horas sobre las razones del sobreprecio de la refiner\u00eda de Dos Bocas, se\u00f1al\u00f3 que no se tomaron en cuenta los equipos necesarios para echar a andar la obra y de inmediato aclar\u00f3 que en el pasado los sobreprecios se deb\u00edan a la corrupci\u00f3n de los funcionarios y no a los malos c\u00e1lculos.<\/strong><\/span><\/p>\n<p class=\"p1\"><span style=\"font-size: 14pt;\">En realidad, ha habido motivos in\u00e9ditos que ocasionen los sobreprecios de las obras como es el caso de amparos, presiones de la oposici\u00f3n, manifestaciones f\u00edsicas y medi\u00e1ticas contra todo lo que se erige en la actual administraci\u00f3n; sin embargo, los resultados son los mismos porque al final, en ambos casos, se gasta m\u00e1s y es dinero del pueblo. Puede ser que no sean los sobreprecios las causas del enriquecimiento de los actuales funcionarios p\u00fablicos, pero lo cierto es que no se explica que, en algunos gobiernos estatales, hasta los ayudantes delos los ayudantes del gobernador estrenen camionetas del a\u00f1o, se hagan cirug\u00edas para serle m\u00e1s atractivos a los jefes, o simplemente que se cambien de casa a lugares m\u00e1s caros y sofisticados de cada uno de los estados.<\/span><\/p>\n<p class=\"p1\"><span style=\"font-size: 14pt;\">Puede ser que los gobernadores de la 4T sean, como dice el Presidente, ejemplo de honestidad, pero sus colaboradores cercanos hacen todo lo posible por verse cada vez m\u00e1s llamativos, porque no guardan ni la discreci\u00f3n necesaria ni la compostura suficiente a la hora de mostrarse como nuevos ricos.<\/span><\/p>\n<p class=\"p1\"><span style=\"font-size: 18pt;\"><strong>El Presidente no falta a la verdad al decir que hay institutos, fundaciones, asociaciones\u00a0\u00a0y entidades que ahora cuestionan los trabajos de la actual administraci\u00f3n porque anteriormente viv\u00edan del presupuesto y compart\u00edan ganancias con los malos funcionarios, pero tampoco puede asegurar que dentro de las administraciones de los gobiernos emanados de Morena haya manchas que tienden a extenderse, y no para ah\u00ed la falsedad sino que en muchos casos no hay corrupci\u00f3n porque el manejo de los dineros se centraliza o dirige a los beneficiados directamente, pero la verdad es que son honrados porque los ponen donde no hay, de otra manera las dudas crecen. Y seguir\u00e1n creciendo.<\/strong><\/span><\/p>\n<p>&nbsp;<\/p>\n<p class=\"p1\"><span style=\"font-size: 18pt; color: #e42d33;\"><b>PEGA Y CORRE<\/b><\/span><\/p>\n<p class=\"p1\"><span style=\"font-size: 14pt;\">Como si no tuviera delitos que le hacen sombra a su campa\u00f1a el candidato del PAN a la gubernatura del Edomex, Enrique Vargas del Villar, es se\u00f1alado por comprar, al estilo Alito, un terreno de manera irregular, en Bosques de la Lomas, porque asegura hablarle comprado el predio a una mujer que muri\u00f3 hace m\u00e1s de a\u00f1o y medio, y a menos del 10 por ciento de su valor.<\/span><\/p>\n<p>&nbsp;<\/p>\n<p>&nbsp;<\/p>\n<p class=\"p1\"><span style=\"font-size: 18pt;\"><strong>Esta columna se publica los lunes, mi\u00e9rcoles y viernes<\/strong><\/span><\/p>\n<p>&nbsp;<\/p>\n<p><span style=\"font-size: 18pt; color: #e42d33;\"><em><strong>**Las columnas firmadas en este medio son responsabilidad de quienes las firman**<\/strong><\/em><\/span><\/p>\n<p>&nbsp;<\/p>\n<p>&nbsp;<\/p>\n<p>&nbsp;<\/p>\n<p>&nbsp;<\/p>\n<p>&nbsp;<\/p>\n<p>&nbsp;<\/p>\n<p>&nbsp;<\/p>\n","protected":false},"excerpt":{"rendered":"<p>&nbsp; Por \u00c1ngel \u00c1lvaro Pe\u00f1a Los comentarios del presidente en la conferencia matutina del pasado martes marcaron una l\u00ednea divisoria<\/p>\n","protected":false},"author":4,"featured_media":3187,"comment_status":"closed","ping_status":"closed","sticky":false,"template":"","format":"standard","meta":{"colormag_page_container_layout":"default_layout","colormag_page_sidebar_layout":"default_layout","_jetpack_memberships_contains_paid_content":false,"footnotes":"","jetpack_publicize_message":"","jetpack_publicize_feature_enabled":true,"jetpack_social_post_already_shared":false,"jetpack_social_options":{"image_generator_settings":{"template":"highway","default_image_id":0,"font":"","enabled":false},"version":2}},"categories":[6],"tags":[65,267,84],"class_list":["post-7536","post","type-post","status-publish","format-standard","has-post-thumbnail","hentry","category-columnistas","tag-andres-manuel-lopez-obrador","tag-dos-bocas","tag-morena"],"jetpack_publicize_connections":[],"jetpack_featured_media_url":"https:\/\/noticiasveracruz.com\/wp-content\/uploads\/2022\/04\/A\u0301NGEL-A\u0301LVARO-PEN\u0303A.png","jetpack_sharing_enabled":true,"publishpress_future_action":{"enabled":false,"date":"2026-05-07 00:50:02","action":"change-status","newStatus":"draft","terms":[],"taxonomy":"category","extraData":[]},"publishpress_future_workflow_manual_trigger":{"enabledWorkflows":[]},"_links":{"self":[{"href":"https:\/\/noticiasveracruz.com\/index.php\/wp-json\/wp\/v2\/posts\/7536","targetHints":{"allow":["GET"]}}],"collection":[{"href":"https:\/\/noticiasveracruz.com\/index.php\/wp-json\/wp\/v2\/posts"}],"about":[{"href":"https:\/\/noticiasveracruz.com\/index.php\/wp-json\/wp\/v2\/types\/post"}],"author":[{"embeddable":true,"href":"https:\/\/noticiasveracruz.com\/index.php\/wp-json\/wp\/v2\/users\/4"}],"replies":[{"embeddable":true,"href":"https:\/\/noticiasveracruz.com\/index.php\/wp-json\/wp\/v2\/comments?post=7536"}],"version-history":[{"count":0,"href":"https:\/\/noticiasveracruz.com\/index.php\/wp-json\/wp\/v2\/posts\/7536\/revisions"}],"wp:featuredmedia":[{"embeddable":true,"href":"https:\/\/noticiasveracruz.com\/index.php\/wp-json\/wp\/v2\/media\/3187"}],"wp:attachment":[{"href":"https:\/\/noticiasveracruz.com\/index.php\/wp-json\/wp\/v2\/media?parent=7536"}],"wp:term":[{"taxonomy":"category","embeddable":true,"href":"https:\/\/noticiasveracruz.com\/index.php\/wp-json\/wp\/v2\/categories?post=7536"},{"taxonomy":"post_tag","embeddable":true,"href":"https:\/\/noticiasveracruz.com\/index.php\/wp-json\/wp\/v2\/tags?post=7536"}],"curies":[{"name":"wp","href":"https:\/\/api.w.org\/{rel}","templated":true}]}}