{"id":75356,"date":"2026-03-14T00:18:02","date_gmt":"2026-03-14T06:18:02","guid":{"rendered":"https:\/\/noticiasveracruz.com\/?p=75356"},"modified":"2026-03-13T20:29:19","modified_gmt":"2026-03-14T02:29:19","slug":"eu-ofrece-recompensa-de-hasta-10-mdd-por-informacion-del-nuevo-lider-supremo-de-iran","status":"publish","type":"post","link":"https:\/\/noticiasveracruz.com\/index.php\/2026\/03\/14\/eu-ofrece-recompensa-de-hasta-10-mdd-por-informacion-del-nuevo-lider-supremo-de-iran\/","title":{"rendered":"EU ofrece recompensa de hasta 10 mdd por informaci\u00f3n del nuevo l\u00edder supremo de Ir\u00e1n"},"content":{"rendered":"<p class=\"nota-justify\">Estados Unidos anunci\u00f3 este viernes una recompensa de hasta diez millones de d\u00f3lares a cambio de informaci\u00f3n que conduzca al nuevo l\u00edder supremo de Ir\u00e1n, Mojtaba Jamenei y a otros del Cuerpo de la Guardia Revolucionaria Isl\u00e1mica de Ir\u00e1n (CGRI).<\/p>\n<p class=\"nota-justify\">La publicaci\u00f3n nombra a 10 personas, seis de ellos con fotograf\u00edas, acompa\u00f1ada del mensaje: \u201c\u00bfTienes informaci\u00f3n sobre estos l\u00edderes terroristas iran\u00edes? Env\u00edanos un aviso. Podr\u00edas optar a una recompensa\u201d y los datos de contacto del gobierno estadunidense, en la Cuenta oficial del programa Recompensas por la Justicia del Departamento de Estado en la red social X.<\/p>\n","protected":false},"excerpt":{"rendered":"<p>Estados Unidos anunci\u00f3 este viernes una recompensa de hasta diez millones de d\u00f3lares a cambio de informaci\u00f3n que conduzca al<\/p>\n","protected":false},"author":4,"featured_media":75357,"comment_status":"closed","ping_status":"closed","sticky":false,"template":"","format":"standard","meta":{"colormag_page_container_layout":"default_layout","colormag_page_sidebar_layout":"default_layout","_jetpack_memberships_contains_paid_content":false,"footnotes":"","jetpack_publicize_message":"","jetpack_publicize_feature_enabled":true,"jetpack_social_post_already_shared":true,"jetpack_social_options":{"image_generator_settings":{"template":"highway","default_image_id":0,"font":"","enabled":false},"version":2}},"categories":[355],"tags":[],"class_list":["post-75356","post","type-post","status-publish","format-standard","has-post-thumbnail","hentry","category-internacional"],"jetpack_publicize_connections":[],"jetpack_featured_media_url":"https:\/\/noticiasveracruz.com\/wp-content\/uploads\/2026\/03\/AIRELO.jpg","jetpack_sharing_enabled":true,"publishpress_future_action":{"enabled":false,"date":"2026-05-08 01:15:39","action":"change-status","newStatus":"draft","terms":[],"taxonomy":"category","extraData":[]},"publishpress_future_workflow_manual_trigger":{"enabledWorkflows":[]},"_links":{"self":[{"href":"https:\/\/noticiasveracruz.com\/index.php\/wp-json\/wp\/v2\/posts\/75356","targetHints":{"allow":["GET"]}}],"collection":[{"href":"https:\/\/noticiasveracruz.com\/index.php\/wp-json\/wp\/v2\/posts"}],"about":[{"href":"https:\/\/noticiasveracruz.com\/index.php\/wp-json\/wp\/v2\/types\/post"}],"author":[{"embeddable":true,"href":"https:\/\/noticiasveracruz.com\/index.php\/wp-json\/wp\/v2\/users\/4"}],"replies":[{"embeddable":true,"href":"https:\/\/noticiasveracruz.com\/index.php\/wp-json\/wp\/v2\/comments?post=75356"}],"version-history":[{"count":0,"href":"https:\/\/noticiasveracruz.com\/index.php\/wp-json\/wp\/v2\/posts\/75356\/revisions"}],"wp:featuredmedia":[{"embeddable":true,"href":"https:\/\/noticiasveracruz.com\/index.php\/wp-json\/wp\/v2\/media\/75357"}],"wp:attachment":[{"href":"https:\/\/noticiasveracruz.com\/index.php\/wp-json\/wp\/v2\/media?parent=75356"}],"wp:term":[{"taxonomy":"category","embeddable":true,"href":"https:\/\/noticiasveracruz.com\/index.php\/wp-json\/wp\/v2\/categories?post=75356"},{"taxonomy":"post_tag","embeddable":true,"href":"https:\/\/noticiasveracruz.com\/index.php\/wp-json\/wp\/v2\/tags?post=75356"}],"curies":[{"name":"wp","href":"https:\/\/api.w.org\/{rel}","templated":true}]}}